{"id":12598,"date":"2026-04-26T13:23:36","date_gmt":"2026-04-26T19:23:36","guid":{"rendered":"https:\/\/peopleofcostarica.com\/?p=12598"},"modified":"2026-04-26T13:25:01","modified_gmt":"2026-04-26T19:25:01","slug":"mobilisation-citoyenne-a-playa-panama-et-debat-sur-les-autorisations-dabattage-dans-la-zone-touristique-de-papagayo","status":"publish","type":"post","link":"https:\/\/peopleofcostarica.com\/fr\/mobilisation-citoyenne-a-playa-panama-et-debat-sur-les-autorisations-dabattage-dans-la-zone-touristique-de-papagayo\/","title":{"rendered":"Mobilisation citoyenne \u00e0 Playa Panam\u00e1 et d\u00e9bat sur les autorisations d\u2019abattage dans la zone touristique de Papagayo"},"content":{"rendered":"\n<h2 class=\"wp-block-heading\"><strong>Manifestations dans le Guanacaste contre une intervention foresti\u00e8re<\/strong><\/h2>\n\n\n\n<p>Plusieurs organisations environnementales, groupes communautaires et activistes se sont mobilis\u00e9s \u00e0 Playa Panam\u00e1, dans la province de Guanacaste, pour exprimer leur opposition \u00e0 un permis d\u2019abattage d\u2019arbres li\u00e9 \u00e0 un projet de d\u00e9veloppement touristique dans le p\u00f4le touristique du golfe de Papagayo.<\/p>\n\n\n\n<p>La mobilisation fait suite \u00e0 l\u2019autorisation de couper des centaines d\u2019arbres dans la zone, suscitant des inqui\u00e9tudes concernant les impacts sur les \u00e9cosyst\u00e8mes c\u00f4tiers et la disponibilit\u00e9 des ressources en eau.<\/p>\n\n\n\n<p>Parmi les groupes pr\u00e9sents figuraient notamment Salvemos Playa Panam\u00e1, Salv\u00e9monos et Antigentrificaci\u00f3n Costa Rica, ainsi que des organisations environnementales internationales.<\/p>\n\n\n\n<h2 class=\"wp-block-heading\"><strong>Conflit d\u2019usage du sol \u00e0 Papagayo<\/strong><\/h2>\n\n\n\n<p>L\u2019affaire s\u2019inscrit dans le cadre du projet touristique du golfe de Papagayo, une zone de d\u00e9veloppement r\u00e9gul\u00e9e par l\u2019\u00c9tat costaricien, o\u00f9 op\u00e8rent des concessions touristiques soumises \u00e0 une r\u00e9glementation sp\u00e9cifique.<\/p>\n\n\n\n<p>Le projet en discussion a suscit\u00e9 un d\u00e9bat public en raison de l\u2019autorisation d\u2019interventions foresti\u00e8res dans des zones destin\u00e9es \u00e0 des infrastructures touristiques, per\u00e7ues par les groupes environnementaux comme une pression suppl\u00e9mentaire sur des \u00e9cosyst\u00e8mes sensibles.<\/p>\n\n\n\n<p>Selon le&nbsp;Ministerio de Ambiente y Energ\u00eda, les permis d\u2019abattage sont d\u00e9livr\u00e9s sur la base d\u2019\u00e9tudes techniques et d\u2019inventaires forestiers \u00e9valuant l\u2019\u00e9tat de chaque arbre.<\/p>\n\n\n\n<h2 class=\"wp-block-heading\"><strong>Pr\u00e9occupations environnementales et ressources en eau<\/strong><\/h2>\n\n\n\n<p>Les organisations mobilis\u00e9es \u00e0 Playa Panam\u00e1 avertissent que la r\u00e9duction du couvert forestier pourrait affecter la r\u00e9gulation et la captation de l\u2019eau, un enjeu majeur dans le Guanacaste, r\u00e9gion particuli\u00e8rement expos\u00e9e au stress hydrique.<\/p>\n\n\n\n<p>Elles soulignent \u00e9galement le r\u00f4le essentiel des for\u00eats c\u00f4ti\u00e8res dans la protection de la biodiversit\u00e9, la stabilit\u00e9 des sols et l\u2019att\u00e9nuation des effets du changement climatique.<\/p>\n\n\n\n<h2 class=\"wp-block-heading\"><strong>Contexte juridique et mesures de pr\u00e9caution<\/strong><\/h2>\n\n\n\n<p>Le d\u00e9bat se d\u00e9roule alors que l\u2019affaire est examin\u00e9e par la&nbsp;Sala Constitucional de Costa Rica, qui a ordonn\u00e9 des mesures de pr\u00e9caution concernant les permis d\u2019abattage et de construction dans la zone de Papagayo.<\/p>\n\n\n\n<p>Ces mesures incluent la suspension temporaire des autorisations en attendant l\u2019analyse de la constitutionnalit\u00e9 des r\u00e9formes r\u00e9glementaires.<\/p>\n\n\n\n<h2 class=\"wp-block-heading\"><strong>D\u00e9veloppement contre conservation<\/strong><\/h2>\n\n\n\n<p>Le cas de Playa Panam\u00e1 illustre une tension r\u00e9currente au Costa Rica entre d\u00e9veloppement touristique et protection de l\u2019environnement.<\/p>\n\n\n\n<p>D\u2019un c\u00f4t\u00e9, le mod\u00e8le de concessions de Papagayo est pr\u00e9sent\u00e9 comme un moteur \u00e9conomique r\u00e9gional. De l\u2019autre, des organisations environnementales alertent sur les impacts cumul\u00e9s de l\u2019urbanisation sur des \u00e9cosyst\u00e8mes c\u00f4tiers fragiles.<\/p>\n\n\n\n<h2 class=\"wp-block-heading\"><strong>Un conflit aux implications plus larges<\/strong><\/h2>\n\n\n\n<p>Au-del\u00e0 du cas local, cette situation met en lumi\u00e8re des d\u00e9fis structurels de la gestion territoriale au Costa Rica : expansion touristique, protection environnementale et participation citoyenne.<\/p>\n\n\n\n<p>Le Guanacaste conna\u00eet une forte croissance immobili\u00e8re et touristique, renfor\u00e7ant la n\u00e9cessit\u00e9 de m\u00e9canismes de contr\u00f4le environnemental transparents et efficaces.<\/p>\n\n\n\n<h2 class=\"wp-block-heading\"><strong>Sources officielles et de r\u00e9f\u00e9rence<\/strong><\/h2>\n\n\n\n<ul class=\"wp-block-list\">\n<li>Ministerio de Ambiente y Energ\u00eda\u00a0\u2014 r\u00e9glementation foresti\u00e8re et environnementale<\/li>\n\n\n\n<li>Sistema Nacional de \u00c1reas de Conservaci\u00f3n\u00a0\u2014 gestion des zones prot\u00e9g\u00e9es et r\u00e9gul\u00e9es<\/li>\n\n\n\n<li>Sala Constitucional de Costa Rica\u00a0\u2014 d\u00e9cisions et mesures de pr\u00e9caution<\/li>\n\n\n\n<li>Delfino.cr\u00a0\u2014 couverture des mobilisations \u00e0 Playa Panam\u00e1<\/li>\n<\/ul>\n","protected":false},"excerpt":{"rendered":"<p>Manifestations dans le Guanacaste contre une intervention foresti\u00e8re Plusieurs organisations environnementales, groupes communautaires et activistes se sont mobilis\u00e9s \u00e0 Playa Panam\u00e1, dans la province de Guanacaste, pour exprimer leur opposition \u00e0 un permis d\u2019abattage d\u2019arbres li\u00e9 \u00e0 un projet de d\u00e9veloppement touristique dans le p\u00f4le touristique du golfe de Papagayo. La mobilisation fait suite \u00e0 [&hellip;]<\/p>\n","protected":false},"author":16,"featured_media":12597,"comment_status":"open","ping_status":"open","sticky":false,"template":"","format":"standard","meta":{"footnotes":""},"categories":[86,98],"tags":[],"class_list":["post-12598","post","type-post","status-publish","format-standard","has-post-thumbnail","hentry","category-actualites","category-nouvelles-nationales"],"_links":{"self":[{"href":"https:\/\/peopleofcostarica.com\/fr\/wp-json\/wp\/v2\/posts\/12598","targetHints":{"allow":["GET"]}}],"collection":[{"href":"https:\/\/peopleofcostarica.com\/fr\/wp-json\/wp\/v2\/posts"}],"about":[{"href":"https:\/\/peopleofcostarica.com\/fr\/wp-json\/wp\/v2\/types\/post"}],"author":[{"embeddable":true,"href":"https:\/\/peopleofcostarica.com\/fr\/wp-json\/wp\/v2\/users\/16"}],"replies":[{"embeddable":true,"href":"https:\/\/peopleofcostarica.com\/fr\/wp-json\/wp\/v2\/comments?post=12598"}],"version-history":[{"count":1,"href":"https:\/\/peopleofcostarica.com\/fr\/wp-json\/wp\/v2\/posts\/12598\/revisions"}],"predecessor-version":[{"id":12599,"href":"https:\/\/peopleofcostarica.com\/fr\/wp-json\/wp\/v2\/posts\/12598\/revisions\/12599"}],"wp:featuredmedia":[{"embeddable":true,"href":"https:\/\/peopleofcostarica.com\/fr\/wp-json\/wp\/v2\/media\/12597"}],"wp:attachment":[{"href":"https:\/\/peopleofcostarica.com\/fr\/wp-json\/wp\/v2\/media?parent=12598"}],"wp:term":[{"taxonomy":"category","embeddable":true,"href":"https:\/\/peopleofcostarica.com\/fr\/wp-json\/wp\/v2\/categories?post=12598"},{"taxonomy":"post_tag","embeddable":true,"href":"https:\/\/peopleofcostarica.com\/fr\/wp-json\/wp\/v2\/tags?post=12598"}],"curies":[{"name":"wp","href":"https:\/\/api.w.org\/{rel}","templated":true}]}}