{"id":12559,"date":"2026-04-26T13:01:08","date_gmt":"2026-04-26T19:01:08","guid":{"rendered":"https:\/\/peopleofcostarica.com\/?p=12559"},"modified":"2026-04-26T13:02:26","modified_gmt":"2026-04-26T19:02:26","slug":"affaiblissement-institutionnel-et-essor-de-lexploitation-miniere-illegale-au-costa-rica","status":"publish","type":"post","link":"https:\/\/peopleofcostarica.com\/fr\/affaiblissement-institutionnel-et-essor-de-lexploitation-miniere-illegale-au-costa-rica\/","title":{"rendered":"Affaiblissement institutionnel et essor de l\u2019exploitation mini\u00e8re ill\u00e9gale au Costa Rica"},"content":{"rendered":"\n<h2 class=\"wp-block-heading\"><strong>Une inqui\u00e9tude croissante dans le secteur g\u00e9ologique<\/strong><\/h2>\n\n\n\n<p>L\u2019expansion de l\u2019exploitation mini\u00e8re ill\u00e9gale au Costa Rica suscite de vives inqui\u00e9tudes parmi les sp\u00e9cialistes et les organisations techniques. Le&nbsp;Colegio de Ge\u00f3logos de Costa Rica&nbsp;a r\u00e9cemment alert\u00e9 sur un affaiblissement progressif des capacit\u00e9s institutionnelles de l\u2019\u00c9tat \u00e0 faire face \u00e0 ce ph\u00e9nom\u00e8ne, notamment en mati\u00e8re de contr\u00f4le et de r\u00e9gulation des ressources mini\u00e8res.<\/p>\n\n\n\n<p>Selon cette organisation, la r\u00e9duction du personnel technique au sein des autorit\u00e9s comp\u00e9tentes limite la capacit\u00e9 \u00e0 assurer des fonctions essentielles telles que la surveillance, l\u2019analyse technique et la r\u00e9gulation des activit\u00e9s extractives.<\/p>\n\n\n\n<p>Par ailleurs, la r\u00e9affectation de professionnels et l\u2019utilisation temporaire de postes dans d\u2019autres services ont fragilis\u00e9 des processus strat\u00e9giques comme le registre national minier.<\/p>\n\n\n\n<h2 class=\"wp-block-heading\"><strong>Un contexte marqu\u00e9 par l\u2019augmentation de l\u2019exploitation ill\u00e9gale<\/strong><\/h2>\n\n\n\n<p>Ces alertes interviennent dans un contexte o\u00f9 l\u2019exploitation mini\u00e8re ill\u00e9gale conna\u00eet une croissance constante, notamment dans des zones comme&nbsp;Crucitas, dans le nord du pays.<\/p>\n\n\n\n<p>Des rapports techniques indiquent que cette activit\u00e9 a provoqu\u00e9 des dommages environnementaux importants ainsi que des pertes \u00e9conomiques consid\u00e9rables. La zone affect\u00e9e pourrait atteindre jusqu\u2019\u00e0 10 000 hectares, avec des impacts graves li\u00e9s \u00e0 l\u2019utilisation de substances toxiques comme le mercure et le cyanure.<\/p>\n\n\n\n<p>Sur le plan \u00e9conomique, les pertes g\u00e9n\u00e9r\u00e9es par cette activit\u00e9 ill\u00e9gale sont estim\u00e9es \u00e0 pr\u00e8s de 2 milliards de dollars depuis 2017.<\/p>\n\n\n\n<h2 class=\"wp-block-heading\"><strong>Des impacts environnementaux et sociaux majeurs<\/strong><\/h2>\n\n\n\n<p>La progression de l\u2019exploitation mini\u00e8re ill\u00e9gale ne constitue pas seulement un enjeu \u00e9conomique, mais \u00e9galement un probl\u00e8me environnemental et social de grande ampleur.<\/p>\n\n\n\n<p>Des \u00e9tudes mettent en \u00e9vidence la d\u00e9gradation des sols, la contamination des eaux, la d\u00e9forestation et la perte de biodiversit\u00e9 dans un pays reconnu pour son engagement environnemental.<\/p>\n\n\n\n<p>De plus, cette activit\u00e9 est souvent li\u00e9e \u00e0 des probl\u00e9matiques telles que le crime organis\u00e9, l\u2019exploitation de la main-d\u2019\u0153uvre et le trafic de substances dangereuses, ce qui complique davantage la r\u00e9ponse de l\u2019\u00c9tat.<\/p>\n\n\n\n<h2 class=\"wp-block-heading\"><strong>Des appels \u00e0 renforcer les institutions<\/strong><\/h2>\n\n\n\n<p>Face \u00e0 cette situation, le secteur g\u00e9ologique appelle \u00e0 un renforcement urgent des institutions charg\u00e9es de la gouvernance mini\u00e8re, notamment celles rattach\u00e9es au&nbsp;Ministerio de Ambiente y Energ\u00eda.<\/p>\n\n\n\n<p>Les recommandations portent sur la n\u00e9cessit\u00e9 de garantir des ressources humaines suffisantes, une stabilit\u00e9 des \u00e9quipes techniques et une organisation institutionnelle coh\u00e9rente avec les responsabilit\u00e9s l\u00e9gales.<\/p>\n\n\n\n<p>Cette position rejoint les d\u00e9cisions r\u00e9centes de la&nbsp;Sala Constitucional de Costa Rica, qui a ordonn\u00e9 des actions imm\u00e9diates pour faire face \u00e0 la crise environnementale li\u00e9e \u00e0 l\u2019exploitation ill\u00e9gale \u00e0 Crucitas.<\/p>\n\n\n\n<h2 class=\"wp-block-heading\"><strong>Un d\u00e9fi majeur pour le mod\u00e8le environnemental du pays<\/strong><\/h2>\n\n\n\n<p>Le Costa Rica se trouve \u00e0 un moment cl\u00e9 de sa gouvernance environnementale. Bien que l\u2019exploitation mini\u00e8re m\u00e9tallique \u00e0 ciel ouvert soit interdite depuis 2010, la persistance d\u2019activit\u00e9s ill\u00e9gales met en \u00e9vidence des lacunes dans l\u2019application des politiques publiques.<\/p>\n\n\n\n<p>Pays abritant pr\u00e8s de 6 % de la biodiversit\u00e9 mondiale et reconnu pour son mod\u00e8le de durabilit\u00e9, le Costa Rica voit dans l\u2019essor de l\u2019exploitation mini\u00e8re ill\u00e9gale un d\u00e9fi direct \u00e0 son mod\u00e8le de d\u00e9veloppement.<\/p>\n\n\n\n<p>Le d\u00e9bat actuel d\u00e9passe la simple question du contr\u00f4le des activit\u00e9s illicites : il met en lumi\u00e8re la n\u00e9cessit\u00e9 de renforcer les institutions publiques, d\u2019am\u00e9liorer la coordination entre les acteurs et d\u2019assurer une gestion efficace des ressources naturelles.<\/p>\n\n\n\n<h2 class=\"wp-block-heading\"><strong>Sources officielles et de r\u00e9f\u00e9rence<\/strong><\/h2>\n\n\n\n<ul class=\"wp-block-list\">\n<li>Colegio de Ge\u00f3logos de Costa Rica<\/li>\n\n\n\n<li>Ministerio de Ambiente y Energ\u00eda<\/li>\n\n\n\n<li>Sala Constitucional de Costa Rica<\/li>\n\n\n\n<li>Rapports institutionnels et m\u00e9dias nationaux<\/li>\n<\/ul>\n","protected":false},"excerpt":{"rendered":"<p>Une inqui\u00e9tude croissante dans le secteur g\u00e9ologique L\u2019expansion de l\u2019exploitation mini\u00e8re ill\u00e9gale au Costa Rica suscite de vives inqui\u00e9tudes parmi les sp\u00e9cialistes et les organisations techniques. Le&nbsp;Colegio de Ge\u00f3logos de Costa Rica&nbsp;a r\u00e9cemment alert\u00e9 sur un affaiblissement progressif des capacit\u00e9s institutionnelles de l\u2019\u00c9tat \u00e0 faire face \u00e0 ce ph\u00e9nom\u00e8ne, notamment en mati\u00e8re de contr\u00f4le et [&hellip;]<\/p>\n","protected":false},"author":16,"featured_media":12558,"comment_status":"open","ping_status":"open","sticky":false,"template":"","format":"standard","meta":{"footnotes":""},"categories":[86],"tags":[],"class_list":["post-12559","post","type-post","status-publish","format-standard","has-post-thumbnail","hentry","category-actualites"],"_links":{"self":[{"href":"https:\/\/peopleofcostarica.com\/fr\/wp-json\/wp\/v2\/posts\/12559","targetHints":{"allow":["GET"]}}],"collection":[{"href":"https:\/\/peopleofcostarica.com\/fr\/wp-json\/wp\/v2\/posts"}],"about":[{"href":"https:\/\/peopleofcostarica.com\/fr\/wp-json\/wp\/v2\/types\/post"}],"author":[{"embeddable":true,"href":"https:\/\/peopleofcostarica.com\/fr\/wp-json\/wp\/v2\/users\/16"}],"replies":[{"embeddable":true,"href":"https:\/\/peopleofcostarica.com\/fr\/wp-json\/wp\/v2\/comments?post=12559"}],"version-history":[{"count":1,"href":"https:\/\/peopleofcostarica.com\/fr\/wp-json\/wp\/v2\/posts\/12559\/revisions"}],"predecessor-version":[{"id":12560,"href":"https:\/\/peopleofcostarica.com\/fr\/wp-json\/wp\/v2\/posts\/12559\/revisions\/12560"}],"wp:featuredmedia":[{"embeddable":true,"href":"https:\/\/peopleofcostarica.com\/fr\/wp-json\/wp\/v2\/media\/12558"}],"wp:attachment":[{"href":"https:\/\/peopleofcostarica.com\/fr\/wp-json\/wp\/v2\/media?parent=12559"}],"wp:term":[{"taxonomy":"category","embeddable":true,"href":"https:\/\/peopleofcostarica.com\/fr\/wp-json\/wp\/v2\/categories?post=12559"},{"taxonomy":"post_tag","embeddable":true,"href":"https:\/\/peopleofcostarica.com\/fr\/wp-json\/wp\/v2\/tags?post=12559"}],"curies":[{"name":"wp","href":"https:\/\/api.w.org\/{rel}","templated":true}]}}