{"id":12550,"date":"2026-04-26T12:50:15","date_gmt":"2026-04-26T18:50:15","guid":{"rendered":"https:\/\/peopleofcostarica.com\/?p=12550"},"modified":"2026-04-26T12:53:01","modified_gmt":"2026-04-26T18:53:01","slug":"lucr-et-le-micitt-signent-un-accord-pour-creer-un-laboratoire-technologique-dapprentissage-et-dentrepreneuriat","status":"publish","type":"post","link":"https:\/\/peopleofcostarica.com\/fr\/lucr-et-le-micitt-signent-un-accord-pour-creer-un-laboratoire-technologique-dapprentissage-et-dentrepreneuriat\/","title":{"rendered":"L\u2019UCR et le MICITT signent un accord pour cr\u00e9er un laboratoire technologique d\u2019apprentissage et d\u2019entrepreneuriat"},"content":{"rendered":"\n<h3 class=\"wp-block-heading\">Un nouvel espace d\u2019innovation \u00e0 Guanacaste<\/h3>\n\n\n\n<p>L\u2019Universit\u00e9 du Costa Rica (UCR) et le Minist\u00e8re de la Science, de l\u2019Innovation, de la Technologie et des T\u00e9l\u00e9communications (MICITT) ont sign\u00e9 un accord pour la cr\u00e9ation d\u2019un laboratoire technologique d\u00e9di\u00e9 \u00e0 l\u2019apprentissage, \u00e0 l\u2019innovation et \u00e0 l\u2019entrepreneuriat au campus de Santa Cruz, dans la province de Guanacaste. Ce nouvel espace vise \u00e0 devenir un p\u00f4le de d\u00e9veloppement technologique et cr\u00e9atif pour les \u00e9tudiants, les entrepreneurs et la communaut\u00e9 r\u00e9gionale, en offrant des outils et des environnements pour exp\u00e9rimenter, prototyper et renforcer les comp\u00e9tences techniques et entrepreneuriales.<\/p>\n\n\n\n<p>L\u2019investissement initial en infrastructures et en \u00e9quipements d\u00e9passe les 28 millions de colons costariciens, ce qui refl\u00e8te l\u2019engagement conjoint de l\u2019UCR et du gouvernement costaricien \u00e0 renforcer les capacit\u00e9s locales en science et technologie.<\/p>\n\n\n\n<h3 class=\"wp-block-heading\">Ce que proposera le laboratoire technologique<\/h3>\n\n\n\n<p>Le nouveau laboratoire est con\u00e7u pour offrir un environnement \u00e9quip\u00e9 de technologies et de ressources permettant aux utilisateurs de :<\/p>\n\n\n\n<ul class=\"wp-block-list\">\n<li>R\u00e9aliser du prototypage de produits, du design num\u00e9rique et de l\u2019exp\u00e9rimentation technologique<\/li>\n\n\n\n<li>Participer \u00e0 des ateliers de comp\u00e9tences techniques et entrepreneuriales<\/li>\n\n\n\n<li>D\u00e9velopper des projets appliqu\u00e9s int\u00e9grant innovation et entrepreneuriat<\/li>\n\n\n\n<li>Acc\u00e9der \u00e0 des espaces collaboratifs avec des pairs, des enseignants et des experts<\/li>\n<\/ul>\n\n\n\n<p>Ces espaces s\u2019inscrivent dans une initiative plus large des Laboratoires d\u2019Innovation Communautaire (LINC), promue par le MICITT, qui vise \u00e0 rapprocher la technologie, la cr\u00e9ativit\u00e9 et l\u2019apprentissage pratique des communaut\u00e9s \u00e0 travers le pays, en favorisant une culture de l\u2019innovation \u00e0 impact social.<\/p>\n\n\n\n<h3 class=\"wp-block-heading\">Importance pour le d\u00e9veloppement r\u00e9gional<\/h3>\n\n\n\n<p>L\u2019ouverture de ce laboratoire \u00e0 Santa Cruz repr\u00e9sente une opportunit\u00e9 importante pour dynamiser le d\u00e9veloppement local, en facilitant l\u2019acc\u00e8s \u00e0 des outils technologiques traditionnellement concentr\u00e9s dans les grands centres urbains. Cela peut particuli\u00e8rement b\u00e9n\u00e9ficier aux municipalit\u00e9s de Guanacaste et aux zones rurales cherchant \u00e0 s\u2019int\u00e9grer dans l\u2019\u00e9conomie de la connaissance et \u00e0 renforcer leurs capacit\u00e9s en entrepreneuriat technologique et en innovation.<\/p>\n\n\n\n<p>De plus, en encourageant l\u2019exp\u00e9rimentation, la collaboration interinstitutionnelle et le transfert de connaissances, ce laboratoire contribue \u00e0 r\u00e9duire les in\u00e9galit\u00e9s d\u2019acc\u00e8s \u00e0 la technologie et \u00e0 la formation avanc\u00e9e, ce qui peut avoir un impact positif sur la comp\u00e9titivit\u00e9 et la cr\u00e9ation de nouvelles initiatives entrepreneuriales dans la r\u00e9gion.<\/p>\n\n\n\n<h3 class=\"wp-block-heading\">Soutien institutionnel et cadre strat\u00e9gique<\/h3>\n\n\n\n<p>Le MICITT, en tant qu\u2019organe directeur des politiques publiques en mati\u00e8re de science, d\u2019innovation et de technologie au Costa Rica, a encourag\u00e9 la cr\u00e9ation et l\u2019expansion d\u2019espaces tels que les LINC dans diff\u00e9rentes r\u00e9gions du pays afin de renforcer les capacit\u00e9s locales de gestion de l\u2019innovation.<\/p>\n\n\n\n<p>L\u2019UCR, de son c\u00f4t\u00e9, apporte son expertise acad\u00e9mique et sa capacit\u00e9 de recherche afin de garantir que ce laboratoire fonctionne comme un pont entre l\u2019enseignement sup\u00e9rieur, l\u2019innovation appliqu\u00e9e et les besoins r\u00e9els des secteurs productifs et entrepreneuriaux.<\/p>\n\n\n\n<h3 class=\"wp-block-heading\">Sources officielles et de r\u00e9f\u00e9rence<\/h3>\n\n\n\n<ul class=\"wp-block-list\">\n<li>UCR Noticias, \u00ab L\u2019accord UCR-MICITT cr\u00e9e un laboratoire technologique pour l\u2019apprentissage et l\u2019entrepreneuriat \u00bb<\/li>\n\n\n\n<li>Minist\u00e8re de la Science, de l\u2019Innovation, de la Technologie et des T\u00e9l\u00e9communications (MICITT)<\/li>\n\n\n\n<li>Laboratoires d\u2019Innovation Communautaire (LINC)<\/li>\n<\/ul>\n\n\n\n<hr class=\"wp-block-separator has-alpha-channel-opacity\"\/>\n","protected":false},"excerpt":{"rendered":"<p>Un nouvel espace d\u2019innovation \u00e0 Guanacaste L\u2019Universit\u00e9 du Costa Rica (UCR) et le Minist\u00e8re de la Science, de l\u2019Innovation, de la Technologie et des T\u00e9l\u00e9communications (MICITT) ont sign\u00e9 un accord pour la cr\u00e9ation d\u2019un laboratoire technologique d\u00e9di\u00e9 \u00e0 l\u2019apprentissage, \u00e0 l\u2019innovation et \u00e0 l\u2019entrepreneuriat au campus de Santa Cruz, dans la province de Guanacaste. Ce [&hellip;]<\/p>\n","protected":false},"author":16,"featured_media":12549,"comment_status":"open","ping_status":"open","sticky":false,"template":"","format":"standard","meta":{"footnotes":""},"categories":[86,88],"tags":[],"class_list":["post-12550","post","type-post","status-publish","format-standard","has-post-thumbnail","hentry","category-actualites","category-affaires-et-technologie"],"_links":{"self":[{"href":"https:\/\/peopleofcostarica.com\/fr\/wp-json\/wp\/v2\/posts\/12550","targetHints":{"allow":["GET"]}}],"collection":[{"href":"https:\/\/peopleofcostarica.com\/fr\/wp-json\/wp\/v2\/posts"}],"about":[{"href":"https:\/\/peopleofcostarica.com\/fr\/wp-json\/wp\/v2\/types\/post"}],"author":[{"embeddable":true,"href":"https:\/\/peopleofcostarica.com\/fr\/wp-json\/wp\/v2\/users\/16"}],"replies":[{"embeddable":true,"href":"https:\/\/peopleofcostarica.com\/fr\/wp-json\/wp\/v2\/comments?post=12550"}],"version-history":[{"count":1,"href":"https:\/\/peopleofcostarica.com\/fr\/wp-json\/wp\/v2\/posts\/12550\/revisions"}],"predecessor-version":[{"id":12551,"href":"https:\/\/peopleofcostarica.com\/fr\/wp-json\/wp\/v2\/posts\/12550\/revisions\/12551"}],"wp:featuredmedia":[{"embeddable":true,"href":"https:\/\/peopleofcostarica.com\/fr\/wp-json\/wp\/v2\/media\/12549"}],"wp:attachment":[{"href":"https:\/\/peopleofcostarica.com\/fr\/wp-json\/wp\/v2\/media?parent=12550"}],"wp:term":[{"taxonomy":"category","embeddable":true,"href":"https:\/\/peopleofcostarica.com\/fr\/wp-json\/wp\/v2\/categories?post=12550"},{"taxonomy":"post_tag","embeddable":true,"href":"https:\/\/peopleofcostarica.com\/fr\/wp-json\/wp\/v2\/tags?post=12550"}],"curies":[{"name":"wp","href":"https:\/\/api.w.org\/{rel}","templated":true}]}}