{"id":12541,"date":"2026-04-26T12:45:53","date_gmt":"2026-04-26T18:45:53","guid":{"rendered":"https:\/\/peopleofcostarica.com\/?p=12541"},"modified":"2026-04-26T12:47:38","modified_gmt":"2026-04-26T18:47:38","slug":"punta-leona-soppose-a-une-proposition-du-minae-qui-permettrait-de-garder-des-aras-en-captivite","status":"publish","type":"post","link":"https:\/\/peopleofcostarica.com\/fr\/punta-leona-soppose-a-une-proposition-du-minae-qui-permettrait-de-garder-des-aras-en-captivite\/","title":{"rendered":"Punta Leona s\u2019oppose \u00e0 une proposition du MINAE qui permettrait de garder des aras en captivit\u00e9"},"content":{"rendered":"\n<h3 class=\"wp-block-heading\">Une communaut\u00e9 et un projet de conservation tirent la sonnette d\u2019alarme<\/h3>\n\n\n\n<p>Le <strong>Punta Leona Beach Club and Nature Resort<\/strong> a exprim\u00e9 publiquement son opposition \u00e0 une initiative promue par le <strong>Ministerio de Ambiente y Energ\u00eda (MINAE)<\/strong> visant \u00e0 modifier la Loi de conservation de la faune afin d\u2019autoriser la d\u00e9tention en captivit\u00e9 d\u2019oiseaux psittacid\u00e9s, dont les perroquets, perruches et aras.<\/p>\n\n\n\n<p>Selon l\u2019organisation, cette r\u00e9forme mettrait en p\u00e9ril des d\u00e9cennies d\u2019efforts de conservation et pourrait r\u00e9introduire des pratiques n\u00e9fastes qui ont autrefois contribu\u00e9 au d\u00e9clin des populations sauvages. Cette position repose sur des pr\u00e9occupations li\u00e9es au bien-\u00eatre animal et sur des donn\u00e9es scientifiques d\u00e9montrant que la captivit\u00e9 peut provoquer stress, maladies et forte mortalit\u00e9 chez les oiseaux, ainsi qu\u2019un risque de transmission d\u2019infections aux populations sauvages.<\/p>\n\n\n\n<h3 class=\"wp-block-heading\">Historique de la conservation de l\u2019ara rouge dans le Pacifique central<\/h3>\n\n\n\n<p>Depuis 1994, Punta Leona m\u00e8ne un programme de protection de l\u2019ara rouge sauvage (<em>Ara macao<\/em>) dans la r\u00e9gion du Pacifique central du Costa Rica, en collaboration avec des experts et des institutions telles que l\u2019<strong>Universidad Nacional de Costa Rica<\/strong>.<\/p>\n\n\n\n<p>Ce projet visait \u00e0 restaurer une esp\u00e8ce qui \u00e9tait autrefois proche de l\u2019extinction locale. Les actions incluent la reforestation de l\u2019habitat, l\u2019\u00e9ducation environnementale dans les \u00e9coles et le suivi des nids. Ces efforts ont permis une r\u00e9cup\u00e9ration significative de la population d\u2019aras au cours des derni\u00e8res d\u00e9cennies.<\/p>\n\n\n\n<p>Les conservateurs avertissent que permettre la captivit\u00e9 \u00e0 des fins non r\u00e9glement\u00e9es pourrait relancer des pratiques comme le vol de poussins et compromettre les progr\u00e8s r\u00e9alis\u00e9s.<\/p>\n\n\n\n<h3 class=\"wp-block-heading\">Arguments techniques et \u00e9cologiques contre la captivit\u00e9<\/h3>\n\n\n\n<p>Selon Punta Leona, les aras n\u00e9s en captivit\u00e9 n\u2019acqui\u00e8rent pas les comp\u00e9tences essentielles pour survivre dans la nature, telles que la recherche de nourriture, la nidification et l\u2019\u00e9vitement des pr\u00e9dateurs. Leurs chances de survie apr\u00e8s une \u00e9ventuelle lib\u00e9ration sont donc tr\u00e8s faibles.<\/p>\n\n\n\n<p>De plus, la promiscuit\u00e9 en captivit\u00e9 favorise la propagation de nombreuses maladies transmissibles entre oiseaux, ce qui repr\u00e9sente un risque sanitaire pour les populations sauvages.<\/p>\n\n\n\n<p>L\u2019organisation d\u00e9fend le message : \u00ab Des aras, oui \u2014 mais en libert\u00e9 \u00bb, en faveur de la protection de la faune dans son habitat naturel.<\/p>\n\n\n\n<h3 class=\"wp-block-heading\">L\u2019importance du cadre r\u00e9glementaire existant<\/h3>\n\n\n\n<p>Le d\u00e9bat s\u2019inscrit dans le contexte de discussions r\u00e9centes autour du r\u00e8glement de la Loi de la faune sauvage du Costa Rica, notamment la possibilit\u00e9 de conserver des oiseaux acquis avant 2017 sans m\u00e9canismes clairs de contr\u00f4le.<\/p>\n\n\n\n<p>Les critiques estiment que sans supervision stricte, ces dispositions pourraient faciliter la possession ill\u00e9gale d\u2019animaux sauvages et affaiblir les efforts de conservation \u00e0 l\u2019\u00e9chelle nationale.<\/p>\n\n\n\n<h3 class=\"wp-block-heading\">Sources officielles et de r\u00e9f\u00e9rence<\/h3>\n\n\n\n<p>\u2022 Delfino.cr \u2014 couverture de la position de Punta Leona et de son travail de conservation<br>\u2022 MINAE \u2014 Loi de conservation de la faune et cadre r\u00e9glementaire<br>\u2022 Universidad Nacional de Costa Rica \u2014 participation institutionnelle aux initiatives de conservation<\/p>\n","protected":false},"excerpt":{"rendered":"<p>Une communaut\u00e9 et un projet de conservation tirent la sonnette d\u2019alarme Le Punta Leona Beach Club and Nature Resort a exprim\u00e9 publiquement son opposition \u00e0 une initiative promue par le Ministerio de Ambiente y Energ\u00eda (MINAE) visant \u00e0 modifier la Loi de conservation de la faune afin d\u2019autoriser la d\u00e9tention en captivit\u00e9 d\u2019oiseaux psittacid\u00e9s, dont [&hellip;]<\/p>\n","protected":false},"author":16,"featured_media":12540,"comment_status":"open","ping_status":"open","sticky":false,"template":"","format":"standard","meta":{"footnotes":""},"categories":[86,90],"tags":[],"class_list":["post-12541","post","type-post","status-publish","format-standard","has-post-thumbnail","hentry","category-actualites","category-climat-et-environnement"],"_links":{"self":[{"href":"https:\/\/peopleofcostarica.com\/fr\/wp-json\/wp\/v2\/posts\/12541","targetHints":{"allow":["GET"]}}],"collection":[{"href":"https:\/\/peopleofcostarica.com\/fr\/wp-json\/wp\/v2\/posts"}],"about":[{"href":"https:\/\/peopleofcostarica.com\/fr\/wp-json\/wp\/v2\/types\/post"}],"author":[{"embeddable":true,"href":"https:\/\/peopleofcostarica.com\/fr\/wp-json\/wp\/v2\/users\/16"}],"replies":[{"embeddable":true,"href":"https:\/\/peopleofcostarica.com\/fr\/wp-json\/wp\/v2\/comments?post=12541"}],"version-history":[{"count":1,"href":"https:\/\/peopleofcostarica.com\/fr\/wp-json\/wp\/v2\/posts\/12541\/revisions"}],"predecessor-version":[{"id":12542,"href":"https:\/\/peopleofcostarica.com\/fr\/wp-json\/wp\/v2\/posts\/12541\/revisions\/12542"}],"wp:featuredmedia":[{"embeddable":true,"href":"https:\/\/peopleofcostarica.com\/fr\/wp-json\/wp\/v2\/media\/12540"}],"wp:attachment":[{"href":"https:\/\/peopleofcostarica.com\/fr\/wp-json\/wp\/v2\/media?parent=12541"}],"wp:term":[{"taxonomy":"category","embeddable":true,"href":"https:\/\/peopleofcostarica.com\/fr\/wp-json\/wp\/v2\/categories?post=12541"},{"taxonomy":"post_tag","embeddable":true,"href":"https:\/\/peopleofcostarica.com\/fr\/wp-json\/wp\/v2\/tags?post=12541"}],"curies":[{"name":"wp","href":"https:\/\/api.w.org\/{rel}","templated":true}]}}