{"id":12532,"date":"2026-04-26T12:42:18","date_gmt":"2026-04-26T18:42:18","guid":{"rendered":"https:\/\/peopleofcostarica.com\/?p=12532"},"modified":"2026-04-26T12:43:50","modified_gmt":"2026-04-26T18:43:50","slug":"un-projet-du-costa-rica-mis-a-lhonneur-par-national-geographic-parmi-les-meilleures-initiatives-de-conservation-au-monde","status":"publish","type":"post","link":"https:\/\/peopleofcostarica.com\/fr\/un-projet-du-costa-rica-mis-a-lhonneur-par-national-geographic-parmi-les-meilleures-initiatives-de-conservation-au-monde\/","title":{"rendered":"Un projet du Costa Rica mis \u00e0 l\u2019honneur par National Geographic parmi les meilleures initiatives de conservation au monde"},"content":{"rendered":"\n<h3 class=\"wp-block-heading\">Une reconnaissance internationale pour la conservation<\/h3>\n\n\n\n<p>Une initiative environnementale costaricienne a \u00e9t\u00e9 mise en avant par <strong>National Geographic<\/strong> parmi les <strong>six meilleurs projets de conservation au monde pour lesquels il vaut la peine de voyager<\/strong>, dans un dossier \u00e9ditorial li\u00e9 \u00e0 la <strong>Journ\u00e9e de la Terre 2026<\/strong>. Cette s\u00e9lection met en lumi\u00e8re des projets ax\u00e9s sur la <strong>protection des esp\u00e8ces et la pr\u00e9servation du patrimoine naturel<\/strong> \u00e0 travers le monde.<\/p>\n\n\n\n<p>Aux c\u00f4t\u00e9s du Costa Rica, les projets retenus se situent notamment en \u00c9quateur, au Japon, en Roumanie, en Polyn\u00e9sie fran\u00e7aise et en Afrique du Sud, offrant aux voyageurs la possibilit\u00e9 de s\u2019impliquer concr\u00e8tement dans des actions de protection environnementale.<\/p>\n\n\n\n<h3 class=\"wp-block-heading\">Le projet costaricien distingu\u00e9<\/h3>\n\n\n\n<p>La liste de National Geographic inclut la <strong>Reserva Playa Tortuga<\/strong>, situ\u00e9e sur la c\u00f4te Pacifique sud du Costa Rica, \u00e0 proximit\u00e9 des vastes zones humides de <strong>T\u00e9rraba-Sierpe Wetlands<\/strong>, l\u2019une des r\u00e9gions les plus riches en biodiversit\u00e9 d\u2019Am\u00e9rique centrale.<\/p>\n\n\n\n<p>Ce projet a vu le jour en 2009 gr\u00e2ce \u00e0 l\u2019initiative de scientifiques et de r\u00e9sidents locaux, avec un objectif clair : <strong>prot\u00e9ger les tortues marines qui viennent y pondre<\/strong>. Au fil des ann\u00e9es, cet effort communautaire a permis des avanc\u00e9es mesurables dans la pr\u00e9servation de ces esp\u00e8ces menac\u00e9es.<\/p>\n\n\n\n<h3 class=\"wp-block-heading\">La protection des tortues marines \u00e0 Playa Tortuga<\/h3>\n\n\n\n<p>Pendant la saison de ponte, de juillet \u00e0 d\u00e9cembre, des volontaires participent \u00e0 des <strong>patrouilles nocturnes<\/strong> pour rep\u00e9rer les femelles venant pondre sur la plage. De nombreux nids sont d\u00e9plac\u00e9s vers des <strong>\u00e9closeries prot\u00e9g\u00e9es<\/strong>, surveill\u00e9es en permanence. Lorsque les b\u00e9b\u00e9s tortues \u00e9mergent, ils sont rel\u00e2ch\u00e9s au lever du soleil \u00e0 proximit\u00e9 de l\u2019oc\u00e9an.<\/p>\n\n\n\n<p>Depuis sa cr\u00e9ation, la r\u00e9serve a permis la lib\u00e9ration de <strong>plus de 50 000 b\u00e9b\u00e9s tortues<\/strong>, illustrant parfaitement comment science, engagement communautaire et tourisme responsable peuvent \u0153uvrer ensemble pour la conservation.<\/p>\n\n\n\n<h3 class=\"wp-block-heading\">Tourisme et conservation : une alliance strat\u00e9gique<\/h3>\n\n\n\n<p>La pr\u00e9sence de la Reserva Playa Tortuga dans cette s\u00e9lection souligne l\u2019importance de <strong>lier tourisme et protection de l\u2019environnement<\/strong>. Les visiteurs peuvent devenir acteurs de la conservation tout en d\u00e9couvrant la richesse naturelle du Costa Rica.<\/p>\n\n\n\n<p>Reconnu mondialement pour sa biodiversit\u00e9 et ses politiques environnementales avanc\u00e9es, le Costa Rica confirme ainsi sa position de destination phare pour l\u2019<strong>\u00e9cotourisme et les exp\u00e9riences de conservation participatives<\/strong>.<\/p>\n\n\n\n<h3 class=\"wp-block-heading\">Sources de r\u00e9f\u00e9rence et officielles<\/h3>\n\n\n\n<p>\u2022 Observador.cr \u2014 article sur l\u2019inclusion du projet dans la s\u00e9lection internationale<br>\u2022 National Geographic \u2014 article \u00e9ditorial \u00ab The world\u2019s best conservation projects worth travelling for \u00bb<\/p>\n","protected":false},"excerpt":{"rendered":"<p>Une reconnaissance internationale pour la conservation Une initiative environnementale costaricienne a \u00e9t\u00e9 mise en avant par National Geographic parmi les six meilleurs projets de conservation au monde pour lesquels il vaut la peine de voyager, dans un dossier \u00e9ditorial li\u00e9 \u00e0 la Journ\u00e9e de la Terre 2026. Cette s\u00e9lection met en lumi\u00e8re des projets ax\u00e9s [&hellip;]<\/p>\n","protected":false},"author":16,"featured_media":12531,"comment_status":"open","ping_status":"open","sticky":false,"template":"","format":"standard","meta":{"footnotes":""},"categories":[90,92],"tags":[],"class_list":["post-12532","post","type-post","status-publish","format-standard","has-post-thumbnail","hentry","category-climat-et-environnement","category-le-costa-rica-dans-le-monde"],"_links":{"self":[{"href":"https:\/\/peopleofcostarica.com\/fr\/wp-json\/wp\/v2\/posts\/12532","targetHints":{"allow":["GET"]}}],"collection":[{"href":"https:\/\/peopleofcostarica.com\/fr\/wp-json\/wp\/v2\/posts"}],"about":[{"href":"https:\/\/peopleofcostarica.com\/fr\/wp-json\/wp\/v2\/types\/post"}],"author":[{"embeddable":true,"href":"https:\/\/peopleofcostarica.com\/fr\/wp-json\/wp\/v2\/users\/16"}],"replies":[{"embeddable":true,"href":"https:\/\/peopleofcostarica.com\/fr\/wp-json\/wp\/v2\/comments?post=12532"}],"version-history":[{"count":1,"href":"https:\/\/peopleofcostarica.com\/fr\/wp-json\/wp\/v2\/posts\/12532\/revisions"}],"predecessor-version":[{"id":12533,"href":"https:\/\/peopleofcostarica.com\/fr\/wp-json\/wp\/v2\/posts\/12532\/revisions\/12533"}],"wp:featuredmedia":[{"embeddable":true,"href":"https:\/\/peopleofcostarica.com\/fr\/wp-json\/wp\/v2\/media\/12531"}],"wp:attachment":[{"href":"https:\/\/peopleofcostarica.com\/fr\/wp-json\/wp\/v2\/media?parent=12532"}],"wp:term":[{"taxonomy":"category","embeddable":true,"href":"https:\/\/peopleofcostarica.com\/fr\/wp-json\/wp\/v2\/categories?post=12532"},{"taxonomy":"post_tag","embeddable":true,"href":"https:\/\/peopleofcostarica.com\/fr\/wp-json\/wp\/v2\/tags?post=12532"}],"curies":[{"name":"wp","href":"https:\/\/api.w.org\/{rel}","templated":true}]}}