{"id":12523,"date":"2026-04-26T12:36:06","date_gmt":"2026-04-26T18:36:06","guid":{"rendered":"https:\/\/peopleofcostarica.com\/?p=12523"},"modified":"2026-04-26T12:37:21","modified_gmt":"2026-04-26T18:37:21","slug":"le-costa-rica-lance-un-concours-national-pour-elire-le-meilleur-cafe-du-pays","status":"publish","type":"post","link":"https:\/\/peopleofcostarica.com\/fr\/le-costa-rica-lance-un-concours-national-pour-elire-le-meilleur-cafe-du-pays\/","title":{"rendered":"Le Costa Rica lance un concours national pour \u00e9lire le meilleur caf\u00e9 du pays"},"content":{"rendered":"\n<h3 class=\"wp-block-heading\">Une comp\u00e9tition qui met en valeur l\u2019excellence cafeti\u00e8re nationale<\/h3>\n\n\n\n<p>L\u2019Asociaci\u00f3n de Caf\u00e9s Finos de Costa Rica (SCACR) a ouvert les inscriptions pour la <strong>Cup of Excellence Costa Rica 2026<\/strong>, un concours national destin\u00e9 \u00e0 identifier et r\u00e9compenser les <strong>meilleurs caf\u00e9s du Costa Rica<\/strong>. Cet \u00e9v\u00e9nement fait partie d\u2019une initiative internationale qui met en lumi\u00e8re des caf\u00e9s d\u2019exception, symboles du savoir-faire, de la tradition et du potentiel du secteur cafetier costaricien.<\/p>\n\n\n\n<p>Le concours s\u2019adresse aux producteurs de caf\u00e9 et aux producteurs de microlots souhaitant concourir pour cette reconnaissance prestigieuse, qui favorise \u00e9galement la <strong>visibilit\u00e9 internationale du caf\u00e9 costaricien<\/strong> et ouvre de nouvelles opportunit\u00e9s commerciales pour les petits et moyens producteurs.<\/p>\n\n\n\n<h3 class=\"wp-block-heading\">Comment se d\u00e9roule le concours<\/h3>\n\n\n\n<p>Le processus d\u00e9bute par l\u2019envoi d\u2019\u00e9chantillons de caf\u00e9 par les producteurs participants. Un jury qualifi\u00e9 proc\u00e8de ensuite \u00e0 plusieurs sessions de <strong>d\u00e9gustation et d\u2019\u00e9valuation sensorielle<\/strong> afin d\u2019identifier les caf\u00e9s qui se distinguent par leur profil aromatique, leur \u00e9quilibre et leur qualit\u00e9 en tasse.<\/p>\n\n\n\n<p>Seuls les caf\u00e9s r\u00e9pondant aux crit\u00e8res stricts du jury acc\u00e8dent aux phases finales, o\u00f9 les meilleurs lots sont s\u00e9lectionn\u00e9s pour participer \u00e0 des <strong>ench\u00e8res internationales en ligne<\/strong>, au cours desquelles des acheteurs du monde entier se disputent ces caf\u00e9s d\u2019exception.<\/p>\n\n\n\n<h3 class=\"wp-block-heading\">Importance pour le secteur cafetier costaricien<\/h3>\n\n\n\n<p>La participation \u00e0 ce concours g\u00e9n\u00e8re plusieurs impacts positifs pour le secteur :<\/p>\n\n\n\n<p>\u2022 Reconnaissance et prestige international pour les producteurs et les r\u00e9gions cafeti\u00e8res<br>\u2022 Acc\u00e8s aux march\u00e9s mondiaux du caf\u00e9 de sp\u00e9cialit\u00e9 via des ventes premium<br>\u2022 Incitation \u00e0 adopter de meilleures pratiques agricoles et post-r\u00e9colte<br>\u2022 Visibilit\u00e9 pour les producteurs \u00e9mergents et les microlots<\/p>\n\n\n\n<p>Le Costa Rica, reconnu pour sa production de caf\u00e9 arabica de haute qualit\u00e9, consolide ainsi sa position de r\u00e9f\u00e9rence dans l\u2019industrie du caf\u00e9 de sp\u00e9cialit\u00e9 gr\u00e2ce \u00e0 ce type d\u2019initiatives.<\/p>\n\n\n\n<h3 class=\"wp-block-heading\">Sources officielles et de r\u00e9f\u00e9rence<\/h3>\n\n\n\n<p>\u2022 La Rep\u00fablica \u2014 Annonce de l\u2019ouverture du concours Cup of Excellence Costa Rica 2026<br>\u2022 Cup of Excellence \u2014 Contexte international, format d\u2019\u00e9valuation et syst\u00e8me d\u2019ench\u00e8res<br>\u2022 Asociaci\u00f3n de Caf\u00e9s Finos de Costa Rica \u2014 Informations institutionnelles sur le concours et la participation<\/p>\n","protected":false},"excerpt":{"rendered":"<p>Une comp\u00e9tition qui met en valeur l\u2019excellence cafeti\u00e8re nationale L\u2019Asociaci\u00f3n de Caf\u00e9s Finos de Costa Rica (SCACR) a ouvert les inscriptions pour la Cup of Excellence Costa Rica 2026, un concours national destin\u00e9 \u00e0 identifier et r\u00e9compenser les meilleurs caf\u00e9s du Costa Rica. Cet \u00e9v\u00e9nement fait partie d\u2019une initiative internationale qui met en lumi\u00e8re des [&hellip;]<\/p>\n","protected":false},"author":16,"featured_media":12522,"comment_status":"open","ping_status":"open","sticky":false,"template":"","format":"standard","meta":{"footnotes":""},"categories":[86,98],"tags":[],"class_list":["post-12523","post","type-post","status-publish","format-standard","has-post-thumbnail","hentry","category-actualites","category-nouvelles-nationales"],"_links":{"self":[{"href":"https:\/\/peopleofcostarica.com\/fr\/wp-json\/wp\/v2\/posts\/12523","targetHints":{"allow":["GET"]}}],"collection":[{"href":"https:\/\/peopleofcostarica.com\/fr\/wp-json\/wp\/v2\/posts"}],"about":[{"href":"https:\/\/peopleofcostarica.com\/fr\/wp-json\/wp\/v2\/types\/post"}],"author":[{"embeddable":true,"href":"https:\/\/peopleofcostarica.com\/fr\/wp-json\/wp\/v2\/users\/16"}],"replies":[{"embeddable":true,"href":"https:\/\/peopleofcostarica.com\/fr\/wp-json\/wp\/v2\/comments?post=12523"}],"version-history":[{"count":1,"href":"https:\/\/peopleofcostarica.com\/fr\/wp-json\/wp\/v2\/posts\/12523\/revisions"}],"predecessor-version":[{"id":12524,"href":"https:\/\/peopleofcostarica.com\/fr\/wp-json\/wp\/v2\/posts\/12523\/revisions\/12524"}],"wp:featuredmedia":[{"embeddable":true,"href":"https:\/\/peopleofcostarica.com\/fr\/wp-json\/wp\/v2\/media\/12522"}],"wp:attachment":[{"href":"https:\/\/peopleofcostarica.com\/fr\/wp-json\/wp\/v2\/media?parent=12523"}],"wp:term":[{"taxonomy":"category","embeddable":true,"href":"https:\/\/peopleofcostarica.com\/fr\/wp-json\/wp\/v2\/categories?post=12523"},{"taxonomy":"post_tag","embeddable":true,"href":"https:\/\/peopleofcostarica.com\/fr\/wp-json\/wp\/v2\/tags?post=12523"}],"curies":[{"name":"wp","href":"https:\/\/api.w.org\/{rel}","templated":true}]}}