{"id":12496,"date":"2026-04-26T12:17:50","date_gmt":"2026-04-26T18:17:50","guid":{"rendered":"https:\/\/peopleofcostarica.com\/?p=12496"},"modified":"2026-04-26T12:20:57","modified_gmt":"2026-04-26T18:20:57","slug":"un-laboratoire-dinnovation-communautaire-ouvre-ses-portes-a-desamparados-pour-dynamiser-les-projets-locaux","status":"publish","type":"post","link":"https:\/\/peopleofcostarica.com\/fr\/un-laboratoire-dinnovation-communautaire-ouvre-ses-portes-a-desamparados-pour-dynamiser-les-projets-locaux\/","title":{"rendered":"Un laboratoire d\u2019innovation communautaire ouvre ses portes \u00e0 Desamparados pour dynamiser les projets locaux"},"content":{"rendered":"\n<h3 class=\"wp-block-heading\">La Fundaci\u00f3n La Libertad cr\u00e9e un espace collaboratif de cr\u00e9ation et de solutions<\/h3>\n\n\n\n<p>La <strong>Fundaci\u00f3n La Libertad<\/strong> a inaugur\u00e9 un <strong>laboratoire d\u2019innovation communautaire<\/strong> dans le canton de <strong>Desamparados<\/strong>, avec pour objectif de renforcer l\u2019entrepreneuriat local, la collaboration de quartier et la cr\u00e9ation de solutions adapt\u00e9es aux besoins r\u00e9els des communaut\u00e9s de la Grande Aire M\u00e9tropolitaine. L\u2019espace a \u00e9t\u00e9 officiellement pr\u00e9sent\u00e9 le <strong>28 avril 2026<\/strong> et se veut un point de rencontre o\u00f9 citoyens, organisations locales et acteurs du d\u00e9veloppement peuvent co-cr\u00e9er des projets \u00e0 impact social, \u00e9conomique et environnemental.<\/p>\n\n\n\n<h3 class=\"wp-block-heading\">Qu\u2019est-ce qu\u2019un laboratoire d\u2019innovation communautaire ?<\/h3>\n\n\n\n<p>Un <strong>laboratoire d\u2019innovation communautaire<\/strong> est un espace physique et collaboratif o\u00f9 se combinent ressources, m\u00e9thodologies et connaissances pour concevoir, prototyper et mettre en \u0153uvre des solutions \u00e0 des d\u00e9fis locaux. Ces espaces favorisent la participation de divers acteurs \u2014 jeunes, entrepreneurs, associations de quartier, \u00e9ducateurs et repr\u00e9sentants institutionnels \u2014 afin de :<\/p>\n\n\n\n<p>\u2022 Identifier les besoins r\u00e9els de la communaut\u00e9<br>\u2022 Concevoir des propositions de valeur gr\u00e2ce \u00e0 des approches participatives<br>\u2022 Tester des id\u00e9es par des prototypes<br>\u2022 Nouer des partenariats pour d\u00e9velopper les initiatives<\/p>\n\n\n\n<p>Le laboratoire de Desamparados ambitionne de devenir un p\u00f4le permettant la cr\u00e9ation de <strong>solutions durables, centr\u00e9es sur les personnes et reproductibles<\/strong>, en reliant les talents locaux \u00e0 des outils d\u2019innovation et \u00e0 des r\u00e9seaux de soutien.<\/p>\n\n\n\n<h3 class=\"wp-block-heading\">Impact attendu pour la communaut\u00e9<\/h3>\n\n\n\n<p>Les repr\u00e9sentants de la Fundaci\u00f3n La Libertad soulignent que ce type d\u2019infrastructure permet de :<\/p>\n\n\n\n<p>\u2022 <strong>Renforcer les capacit\u00e9s locales<\/strong> \u00e0 planifier et r\u00e9aliser leurs propres projets<br>\u2022 <strong>Stimuler l\u2019esprit entrepreneurial<\/strong> chez les jeunes et les adultes<br>\u2022 <strong>Favoriser la coop\u00e9ration entre acteurs publics, priv\u00e9s et communautaires<\/strong><br>\u2022 <strong>D\u00e9velopper des solutions<\/strong> li\u00e9es \u00e0 l\u2019emploi, \u00e0 l\u2019\u00e9ducation, \u00e0 la mobilit\u00e9 et \u00e0 l\u2019environnement<\/p>\n\n\n\n<p>Le laboratoire vise ainsi \u00e0 devenir un catalyseur du <strong>d\u00e9veloppement communautaire \u00e0 Desamparados<\/strong>, en encourageant l\u2019apprentissage collaboratif et le partage de connaissances au b\u00e9n\u00e9fice direct des habitants.<\/p>\n\n\n\n<h3 class=\"wp-block-heading\">Collaboration institutionnelle et partenariats<\/h3>\n\n\n\n<p>Bien que l\u2019initiative soit dirig\u00e9e par la Fundaci\u00f3n La Libertad, d\u2019autres institutions sont appel\u00e9es \u00e0 participer au d\u00e9veloppement et \u00e0 l\u2019utilisation du laboratoire. Des collaborations sont envisag\u00e9es avec l\u2019<strong>Instituto Costarricense de Turismo<\/strong> et le <strong>Ministerio de Ciencia, Innovaci\u00f3n, Tecnolog\u00eda y Telecomunicaciones<\/strong> (MICITT), ainsi qu\u2019avec des municipalit\u00e9s, des \u00e9tablissements acad\u00e9miques et des centres \u00e9ducatifs.<\/p>\n\n\n\n<p>Cette articulation intersectorielle vise \u00e0 faire du laboratoire non seulement un espace cr\u00e9atif, mais aussi un <strong>pont entre les citoyens et les politiques publiques<\/strong>.<\/p>\n\n\n\n<h3 class=\"wp-block-heading\">L\u2019importance de l\u2019innovation communautaire<\/h3>\n\n\n\n<p>L\u2019accent mis sur l\u2019innovation issue des communaut\u00e9s s\u2019inscrit dans des tendances mondiales qui cherchent \u00e0 transformer les d\u00e9fis sociaux en opportunit\u00e9s d\u2019impact positif gr\u00e2ce \u00e0 la collaboration, l\u2019exp\u00e9rimentation continue et la co-cr\u00e9ation. Ces approches valorisent la participation citoyenne et la conception de solutions adapt\u00e9es aux r\u00e9alit\u00e9s locales.<\/p>\n\n\n\n<h3 class=\"wp-block-heading\">Sources officielles et de r\u00e9f\u00e9rence<\/h3>\n\n\n\n<p>\u2022 <em>Delfino.cr<\/em>, couverture de l\u2019inauguration et des objectifs du projet<br>\u2022 <strong>Fundaci\u00f3n La Libertad<\/strong> \u2014 informations institutionnelles sur la mission et les programmes<br>\u2022 <strong>Ministerio de Ciencia, Innovaci\u00f3n, Tecnolog\u00eda y Telecomunicaciones (MICITT)<\/strong> \u2014 politiques officielles en mati\u00e8re d\u2019innovation et d\u2019entrepreneuriat<br>\u2022 <strong>Instituto Costarricense de Turismo (ICT)<\/strong> \u2014 r\u00e9f\u00e9rence institutionnelle pour les initiatives communautaires territoriales<\/p>\n","protected":false},"excerpt":{"rendered":"<p>La Fundaci\u00f3n La Libertad cr\u00e9e un espace collaboratif de cr\u00e9ation et de solutions La Fundaci\u00f3n La Libertad a inaugur\u00e9 un laboratoire d\u2019innovation communautaire dans le canton de Desamparados, avec pour objectif de renforcer l\u2019entrepreneuriat local, la collaboration de quartier et la cr\u00e9ation de solutions adapt\u00e9es aux besoins r\u00e9els des communaut\u00e9s de la Grande Aire M\u00e9tropolitaine. [&hellip;]<\/p>\n","protected":false},"author":16,"featured_media":12495,"comment_status":"open","ping_status":"open","sticky":false,"template":"","format":"standard","meta":{"footnotes":""},"categories":[86,88],"tags":[],"class_list":["post-12496","post","type-post","status-publish","format-standard","has-post-thumbnail","hentry","category-actualites","category-affaires-et-technologie"],"_links":{"self":[{"href":"https:\/\/peopleofcostarica.com\/fr\/wp-json\/wp\/v2\/posts\/12496","targetHints":{"allow":["GET"]}}],"collection":[{"href":"https:\/\/peopleofcostarica.com\/fr\/wp-json\/wp\/v2\/posts"}],"about":[{"href":"https:\/\/peopleofcostarica.com\/fr\/wp-json\/wp\/v2\/types\/post"}],"author":[{"embeddable":true,"href":"https:\/\/peopleofcostarica.com\/fr\/wp-json\/wp\/v2\/users\/16"}],"replies":[{"embeddable":true,"href":"https:\/\/peopleofcostarica.com\/fr\/wp-json\/wp\/v2\/comments?post=12496"}],"version-history":[{"count":1,"href":"https:\/\/peopleofcostarica.com\/fr\/wp-json\/wp\/v2\/posts\/12496\/revisions"}],"predecessor-version":[{"id":12497,"href":"https:\/\/peopleofcostarica.com\/fr\/wp-json\/wp\/v2\/posts\/12496\/revisions\/12497"}],"wp:featuredmedia":[{"embeddable":true,"href":"https:\/\/peopleofcostarica.com\/fr\/wp-json\/wp\/v2\/media\/12495"}],"wp:attachment":[{"href":"https:\/\/peopleofcostarica.com\/fr\/wp-json\/wp\/v2\/media?parent=12496"}],"wp:term":[{"taxonomy":"category","embeddable":true,"href":"https:\/\/peopleofcostarica.com\/fr\/wp-json\/wp\/v2\/categories?post=12496"},{"taxonomy":"post_tag","embeddable":true,"href":"https:\/\/peopleofcostarica.com\/fr\/wp-json\/wp\/v2\/tags?post=12496"}],"curies":[{"name":"wp","href":"https:\/\/api.w.org\/{rel}","templated":true}]}}