{"id":12487,"date":"2026-04-26T12:11:12","date_gmt":"2026-04-26T18:11:12","guid":{"rendered":"https:\/\/peopleofcostarica.com\/?p=12487"},"modified":"2026-04-26T12:12:45","modified_gmt":"2026-04-26T18:12:45","slug":"une-photo-de-paresseux-costaricien-fait-sensation-dans-national-geographic","status":"publish","type":"post","link":"https:\/\/peopleofcostarica.com\/fr\/une-photo-de-paresseux-costaricien-fait-sensation-dans-national-geographic\/","title":{"rendered":"Une photo de paresseux costaricien fait sensation dans National Geographic"},"content":{"rendered":"\n<h3 class=\"wp-block-heading\">Une image virale qui met en lumi\u00e8re la faune costaricienne<\/h3>\n\n\n\n<p>Une <strong>photographie d\u2019un paresseux prise au Costa Rica<\/strong> par le photographe fran\u00e7ais Emmanuel Tardy a suscit\u00e9 une forte attention internationale apr\u00e8s \u00eatre devenue une image tendance sur les plateformes de <strong>National Geographic<\/strong> en avril 2026. L\u2019image, captur\u00e9e l\u2019ann\u00e9e pr\u00e9c\u00e9dente, a \u00e9t\u00e9 largement partag\u00e9e sur les canaux officiels du magazine, g\u00e9n\u00e9rant un fort engagement et une reconnaissance pour sa composition, sa qualit\u00e9 et l\u2019expression de l\u2019animal. (CRHoy)<\/p>\n\n\n\n<p>L\u2019impact de cette photographie ne c\u00e9l\u00e8bre pas seulement la beaut\u00e9 et l\u2019originalit\u00e9 des paresseux costariciens, mais rappelle \u00e9galement l\u2019extraordinaire richesse de la vie sauvage du pays. Le Costa Rica est l\u2019une des destinations les plus biodiversifi\u00e9es au monde et abrite des esp\u00e8ces embl\u00e9matiques telles que le paresseux \u00e0 trois doigts (<em>Bradypus variegatus<\/em>), fr\u00e9quemment observ\u00e9 dans les for\u00eats tropicales du pays.<\/p>\n\n\n\n<h3 class=\"wp-block-heading\">Le paresseux : symbole de biodiversit\u00e9 et de nature<\/h3>\n\n\n\n<p>Les paresseux sont des mammif\u00e8res arboricoles connus pour leurs mouvements lents et leur expression \u00ab souriante \u00bb, ce qui les rend tr\u00e8s photog\u00e9niques et populaires aupr\u00e8s des amoureux de la nature et des observateurs de la faune. Au Costa Rica, on trouve principalement deux esp\u00e8ces : le paresseux \u00e0 trois doigts et le paresseux \u00e0 deux doigts, typiques des for\u00eats humides et s\u00e8ches du pays, de la c\u00f4te Cara\u00efbe aux r\u00e9gions du Pacifique.<\/p>\n\n\n\n<p>Ces animaux jouent un r\u00f4le \u00e9cologique important dans les \u00e9cosyst\u00e8mes tropicaux, contribuant \u00e0 la dispersion des graines et faisant partie de la cha\u00eene alimentaire. Leur pr\u00e9sence dans des m\u00e9dias internationaux tels que <em>National Geographic<\/em> aide \u00e0 sensibiliser \u00e0 la conservation de leur habitat et \u00e0 la protection de la faune costaricienne.<\/p>\n\n\n\n<h3 class=\"wp-block-heading\">Conservation et \u00e9ducation \u00e0 la faune<\/h3>\n\n\n\n<p>Le Costa Rica a d\u00e9velopp\u00e9 un cadre solide de <strong>politiques de conservation de la faune<\/strong>, dirig\u00e9 par des institutions telles que le <strong>Sistema Nacional de \u00c1reas de Conservaci\u00f3n (SINAC)<\/strong>, responsable de la protection des zones naturelles et de la coordination des actions pour la pr\u00e9servation des esp\u00e8ces natives. Ces politiques sont compl\u00e9t\u00e9es par le travail d\u2019organisations sp\u00e9cialis\u00e9es dans le sauvetage et la r\u00e9habilitation des paresseux et d\u2019autres mammif\u00e8res, comme <strong>The Sloth Institute Costa Rica<\/strong> et le <strong>Sloth Sanctuary of Costa Rica<\/strong>, qui prennent en charge les paresseux orphelins ou bless\u00e9s et favorisent leur retour s\u00e9curis\u00e9 dans la nature.<\/p>\n\n\n\n<p>L\u2019int\u00e9r\u00eat suscit\u00e9 par les photographies d\u2019animaux sauvages dans les m\u00e9dias internationaux renforce la valeur de ces esp\u00e8ces comme patrimoine naturel du Costa Rica et encourage le respect de la faune et des \u00e9cosyst\u00e8mes chez les visiteurs comme chez les r\u00e9sidents.<\/p>\n\n\n\n<h3 class=\"wp-block-heading\">Sources officielles et de r\u00e9f\u00e9rence<\/h3>\n\n\n\n<p>\u2022 CRHoy \u2014 \u00ab Foto de perezoso tico es la sensaci\u00f3n en National Geographic \u00bb<br>\u2022 <strong>National Geographic<\/strong> \u2014 m\u00e9dia international ayant diffus\u00e9 la photographie<br>\u2022 <strong>SINAC<\/strong> \u2014 institution officielle pour la protection de la faune au Costa Rica<br>\u2022 <strong>The Sloth Institute Costa Rica<\/strong> \u2014 organisation de sauvetage et conservation des paresseux<br>\u2022 <strong>Sloth Sanctuary of Costa Rica<\/strong> \u2014 centre de r\u00e9habilitation des paresseux \u00e0 Lim\u00f3n<\/p>\n","protected":false},"excerpt":{"rendered":"<p>Une image virale qui met en lumi\u00e8re la faune costaricienne Une photographie d\u2019un paresseux prise au Costa Rica par le photographe fran\u00e7ais Emmanuel Tardy a suscit\u00e9 une forte attention internationale apr\u00e8s \u00eatre devenue une image tendance sur les plateformes de National Geographic en avril 2026. L\u2019image, captur\u00e9e l\u2019ann\u00e9e pr\u00e9c\u00e9dente, a \u00e9t\u00e9 largement partag\u00e9e sur les [&hellip;]<\/p>\n","protected":false},"author":16,"featured_media":12486,"comment_status":"open","ping_status":"open","sticky":false,"template":"","format":"standard","meta":{"footnotes":""},"categories":[86,102],"tags":[],"class_list":["post-12487","post","type-post","status-publish","format-standard","has-post-thumbnail","hentry","category-actualites","category-tourisme-et-culture"],"_links":{"self":[{"href":"https:\/\/peopleofcostarica.com\/fr\/wp-json\/wp\/v2\/posts\/12487","targetHints":{"allow":["GET"]}}],"collection":[{"href":"https:\/\/peopleofcostarica.com\/fr\/wp-json\/wp\/v2\/posts"}],"about":[{"href":"https:\/\/peopleofcostarica.com\/fr\/wp-json\/wp\/v2\/types\/post"}],"author":[{"embeddable":true,"href":"https:\/\/peopleofcostarica.com\/fr\/wp-json\/wp\/v2\/users\/16"}],"replies":[{"embeddable":true,"href":"https:\/\/peopleofcostarica.com\/fr\/wp-json\/wp\/v2\/comments?post=12487"}],"version-history":[{"count":1,"href":"https:\/\/peopleofcostarica.com\/fr\/wp-json\/wp\/v2\/posts\/12487\/revisions"}],"predecessor-version":[{"id":12488,"href":"https:\/\/peopleofcostarica.com\/fr\/wp-json\/wp\/v2\/posts\/12487\/revisions\/12488"}],"wp:featuredmedia":[{"embeddable":true,"href":"https:\/\/peopleofcostarica.com\/fr\/wp-json\/wp\/v2\/media\/12486"}],"wp:attachment":[{"href":"https:\/\/peopleofcostarica.com\/fr\/wp-json\/wp\/v2\/media?parent=12487"}],"wp:term":[{"taxonomy":"category","embeddable":true,"href":"https:\/\/peopleofcostarica.com\/fr\/wp-json\/wp\/v2\/categories?post=12487"},{"taxonomy":"post_tag","embeddable":true,"href":"https:\/\/peopleofcostarica.com\/fr\/wp-json\/wp\/v2\/tags?post=12487"}],"curies":[{"name":"wp","href":"https:\/\/api.w.org\/{rel}","templated":true}]}}