{"id":12478,"date":"2026-04-26T12:04:08","date_gmt":"2026-04-26T18:04:08","guid":{"rendered":"https:\/\/peopleofcostarica.com\/?p=12478"},"modified":"2026-04-26T12:06:34","modified_gmt":"2026-04-26T18:06:34","slug":"le-costa-rica-lance-une-strategie-nationale-pour-rapprocher-la-lecture-de-toute-la-societe","status":"publish","type":"post","link":"https:\/\/peopleofcostarica.com\/fr\/le-costa-rica-lance-une-strategie-nationale-pour-rapprocher-la-lecture-de-toute-la-societe\/","title":{"rendered":"Le Costa Rica lance une strat\u00e9gie nationale pour rapprocher la lecture de toute la soci\u00e9t\u00e9"},"content":{"rendered":"\n<h3 class=\"wp-block-heading\">Pr\u00e9sentation de l\u2019initiative \u00ab Costa Rica Lee \u00bb comme politique publique<\/h3>\n\n\n\n<p>Le <strong>gouvernement du Costa Rica<\/strong>, par l\u2019interm\u00e9diaire du <strong>Minist\u00e8re de la Culture et de la Jeunesse (MCJ)<\/strong>, en collaboration avec le <strong>Minist\u00e8re de l\u2019\u00c9ducation Publique (MEP)<\/strong>, le <strong>Minist\u00e8re de la Planification Nationale et de la Politique \u00c9conomique (MIDEPLAN)<\/strong> et le <strong>Minist\u00e8re du Travail et de la S\u00e9curit\u00e9 Sociale (MTSS)<\/strong>, a pr\u00e9sent\u00e9 la nouvelle <strong>strat\u00e9gie nationale de lecture \u00ab Costa Rica Lee \u00bb<\/strong>, con\u00e7ue pour placer la lecture au centre de la vie publique comme un acte de <strong>rencontre, d\u2019identit\u00e9 et de construction communautaire<\/strong>. Cette initiative a \u00e9t\u00e9 annonc\u00e9e dans le cadre de la <strong>Journ\u00e9e mondiale du livre et du droit d\u2019auteur 2026<\/strong> et vise \u00e0 coordonner les efforts interinstitutionnels pour promouvoir la lecture dans diff\u00e9rents domaines de la soci\u00e9t\u00e9 costaricienne. (Minist\u00e8re de la Culture et de la Jeunesse)<\/p>\n\n\n\n<h3 class=\"wp-block-heading\">Objectifs et port\u00e9e de \u00ab Costa Rica Lee \u00bb<\/h3>\n\n\n\n<p>La strat\u00e9gie a pour objectif <strong>d\u2019int\u00e9grer la lecture comme pratique quotidienne et comme droit culturel<\/strong>, renfor\u00e7ant les processus \u00e9ducatifs, \u00e9largissant les opportunit\u00e9s professionnelles, d\u00e9veloppant la pens\u00e9e critique et contribuant \u00e0 la coh\u00e9sion sociale du pays. Pour cela, des biblioth\u00e8ques, des \u00e9tablissements \u00e9ducatifs, des espaces culturels et des communaut\u00e9s sur tout le territoire seront mobilis\u00e9s afin de proposer des activit\u00e9s permettant de profiter de la lecture de mani\u00e8re cr\u00e9ative et collective. (Minist\u00e8re de la Culture et de la Jeunesse)<\/p>\n\n\n\n<p>Un \u00e9l\u00e9ment cl\u00e9 de l\u2019initiative est la <strong>\u00ab Pause Nationale de Lecture \u00bb<\/strong>, un moment de 15 minutes durant lequel les citoyens, les institutions publiques et priv\u00e9es sont invit\u00e9s \u00e0 lire simultan\u00e9ment, comme symbole d\u2019unit\u00e9 nationale et de c\u00e9l\u00e9bration du livre. (Minist\u00e8re de la Culture et de la Jeunesse)<\/p>\n\n\n\n<h3 class=\"wp-block-heading\">Des activit\u00e9s dans tout le pays<\/h3>\n\n\n\n<p>La strat\u00e9gie comprend une <strong>programmation vari\u00e9e d\u2019activit\u00e9s<\/strong> qui se sont d\u00e9roul\u00e9es du 20 au 26 avril, incluant des pr\u00e9sentations de livres, des discussions, des ateliers, des concerts \u00e0 th\u00e8me litt\u00e9raire, la diffusion de publications, des tourn\u00e9es de la Biblioth\u00e8que Mobile (\u00ab Bibliob\u00fas \u00bb) et des \u00e9v\u00e9nements dans des espaces culturels, des biblioth\u00e8ques et des centres \u00e9ducatifs dans plusieurs provinces du pays. Parmi les principaux \u00e9v\u00e9nements :<\/p>\n\n\n\n<p>\u2022 <strong>C\u00e9r\u00e9monie civique nationale<\/strong> organis\u00e9e le 23 avril \u00e0 l\u2019<strong>Amphith\u00e9\u00e2tre Fidel Gamboa du Centre National de la Culture (CENAC)<\/strong>, avec la participation d\u2019\u00e9tudiants, d\u2019autorit\u00e9s gouvernementales, de repr\u00e9sentants diplomatiques et des secteurs \u00e9ducatif et culturel.<br>\u2022 Premi\u00e8re <strong>Pause Nationale de Lecture<\/strong>, r\u00e9alis\u00e9e simultan\u00e9ment dans tout le pays.<br>\u2022 Ateliers, pr\u00e9sentations de livres et activit\u00e9s hybrides organis\u00e9es par des biblioth\u00e8ques publiques et des espaces culturels. (Minist\u00e8re de la Culture et de la Jeunesse)<\/p>\n\n\n\n<h3 class=\"wp-block-heading\">La lecture comme outil de d\u00e9veloppement social<\/h3>\n\n\n\n<p>Les autorit\u00e9s soulignent que la lecture est un <strong>droit culturel et un outil puissant pour renforcer l\u2019identit\u00e9 nationale, stimuler l\u2019imagination et construire la citoyennet\u00e9<\/strong>. Cette vision s\u2019inscrit dans des efforts \u00e0 long terme visant \u00e0 promouvoir l\u2019acc\u00e8s au livre et \u00e0 la lecture pour tous les \u00e2ges, ainsi que dans les strat\u00e9gies nationales pr\u00e9c\u00e9dentes int\u00e9gr\u00e9es aux politiques publiques et aux pratiques \u00e9ducatives. (Minist\u00e8re de la Culture et de la Jeunesse)<\/p>\n\n\n\n<h3 class=\"wp-block-heading\">Importance de la coordination institutionnelle<\/h3>\n\n\n\n<p>La strat\u00e9gie \u00ab Costa Rica Lee \u00bb repr\u00e9sente un effort commun des institutions de l\u2019\u00c9tat pour promouvoir <strong>la lecture comme axe transversal du d\u00e9veloppement culturel, \u00e9ducatif et social<\/strong>. La coordination entre les minist\u00e8res et les entit\u00e9s vise \u00e0 garantir que la lecture soit encourag\u00e9e non seulement dans l\u2019enseignement formel, mais aussi dans la vie quotidienne et dans l\u2019espace public, favorisant ainsi une culture de la lecture plus large et inclusive.<\/p>\n\n\n\n<h3 class=\"wp-block-heading\">Sources officielles et de r\u00e9f\u00e9rence<\/h3>\n\n\n\n<p>\u2022 <strong>\u00ab Le Costa Rica se lit lui-m\u00eame : le gouvernement impulse une strat\u00e9gie nationale de lecture comme politique pays \u00bb<\/strong> \u2014 document officiel du Minist\u00e8re de la Culture et de la Jeunesse.<br>\u2022 <strong>\u00ab Le Costa Rica active la lecture comme rencontre nationale lors de la Journ\u00e9e mondiale du livre \u00bb<\/strong> \u2014 note officielle du MCJ et du MEP.<br>\u2022 <strong>\u00ab Lancement de la strat\u00e9gie \u2018Costa Rica Lee\u2019 pour promouvoir la lecture \u00e0 l\u2019\u00e9chelle nationale \u00bb<\/strong> \u2014 couverture m\u00e9diatique de l\u2019initiative.<br>\u2022 Strat\u00e9gie nationale de promotion de la lecture et du livre \u2014 contexte des politiques publiques de lecture au Costa Rica.<\/p>\n","protected":false},"excerpt":{"rendered":"<p>Pr\u00e9sentation de l\u2019initiative \u00ab Costa Rica Lee \u00bb comme politique publique Le gouvernement du Costa Rica, par l\u2019interm\u00e9diaire du Minist\u00e8re de la Culture et de la Jeunesse (MCJ), en collaboration avec le Minist\u00e8re de l\u2019\u00c9ducation Publique (MEP), le Minist\u00e8re de la Planification Nationale et de la Politique \u00c9conomique (MIDEPLAN) et le Minist\u00e8re du Travail et [&hellip;]<\/p>\n","protected":false},"author":16,"featured_media":12477,"comment_status":"open","ping_status":"open","sticky":false,"template":"","format":"standard","meta":{"footnotes":""},"categories":[86,98],"tags":[],"class_list":["post-12478","post","type-post","status-publish","format-standard","has-post-thumbnail","hentry","category-actualites","category-nouvelles-nationales"],"_links":{"self":[{"href":"https:\/\/peopleofcostarica.com\/fr\/wp-json\/wp\/v2\/posts\/12478","targetHints":{"allow":["GET"]}}],"collection":[{"href":"https:\/\/peopleofcostarica.com\/fr\/wp-json\/wp\/v2\/posts"}],"about":[{"href":"https:\/\/peopleofcostarica.com\/fr\/wp-json\/wp\/v2\/types\/post"}],"author":[{"embeddable":true,"href":"https:\/\/peopleofcostarica.com\/fr\/wp-json\/wp\/v2\/users\/16"}],"replies":[{"embeddable":true,"href":"https:\/\/peopleofcostarica.com\/fr\/wp-json\/wp\/v2\/comments?post=12478"}],"version-history":[{"count":1,"href":"https:\/\/peopleofcostarica.com\/fr\/wp-json\/wp\/v2\/posts\/12478\/revisions"}],"predecessor-version":[{"id":12479,"href":"https:\/\/peopleofcostarica.com\/fr\/wp-json\/wp\/v2\/posts\/12478\/revisions\/12479"}],"wp:featuredmedia":[{"embeddable":true,"href":"https:\/\/peopleofcostarica.com\/fr\/wp-json\/wp\/v2\/media\/12477"}],"wp:attachment":[{"href":"https:\/\/peopleofcostarica.com\/fr\/wp-json\/wp\/v2\/media?parent=12478"}],"wp:term":[{"taxonomy":"category","embeddable":true,"href":"https:\/\/peopleofcostarica.com\/fr\/wp-json\/wp\/v2\/categories?post=12478"},{"taxonomy":"post_tag","embeddable":true,"href":"https:\/\/peopleofcostarica.com\/fr\/wp-json\/wp\/v2\/tags?post=12478"}],"curies":[{"name":"wp","href":"https:\/\/api.w.org\/{rel}","templated":true}]}}