{"id":11766,"date":"2026-04-07T15:32:43","date_gmt":"2026-04-07T21:32:43","guid":{"rendered":"https:\/\/peopleofcostarica.com\/?p=11766"},"modified":"2026-04-07T15:34:33","modified_gmt":"2026-04-07T21:34:33","slug":"la-foire-a-lemploi-busca-trabajo-reunira-plus-de-65-entreprises-et-offrira-1-500-postes","status":"publish","type":"post","link":"https:\/\/peopleofcostarica.com\/fr\/la-foire-a-lemploi-busca-trabajo-reunira-plus-de-65-entreprises-et-offrira-1-500-postes\/","title":{"rendered":"La foire \u00e0 l\u2019emploi \u00ab Busca Trabajo \u00bb r\u00e9unira plus de 65 entreprises et offrira 1 500 postes"},"content":{"rendered":"\n<p><strong>Connexion entre les employeurs et le talent costaricien<\/strong><\/p>\n\n\n\n<p>Le Ministerio de Trabajo y Seguridad Social (MTSS) promeut la foire \u00e0 l\u2019emploi \u00ab Busca Trabajo \u00bb, une initiative destin\u00e9e \u00e0 relier l\u2019offre d\u2019emplois formels aux personnes en recherche active d\u2019emploi. L\u2019\u00e9v\u00e9nement comptera la participation de plus de 65 entreprises issues de diff\u00e9rents secteurs productifs et offrira environ 1 500 postes disponibles, repr\u00e9sentant une opportunit\u00e9 importante pour celles et ceux qui recherchent un emploi ou souhaitent faire \u00e9voluer leur carri\u00e8re professionnelle.<\/p>\n\n\n\n<p>La foire s\u2019adresse \u00e0 des personnes ayant diff\u00e9rents niveaux de formation et d\u2019exp\u00e9rience, depuis celles qui recherchent leur premier emploi jusqu\u2019aux travailleurs exp\u00e9riment\u00e9s souhaitant une r\u00e9orientation professionnelle ou une progression de carri\u00e8re.<\/p>\n\n\n\n<p><strong>Secteurs, postes vacants et profils recherch\u00e9s<\/strong><\/p>\n\n\n\n<p>Les entreprises participantes repr\u00e9sentent des secteurs cl\u00e9s tels que les services, le commerce, la manufacture, la technologie, le tourisme et la logistique, entre autres. Ces secteurs proposent des opportunit\u00e9s aux niveaux op\u00e9rationnel, technique et administratif, \u00e9largissant les possibilit\u00e9s pour une grande diversit\u00e9 de profils professionnels.<\/p>\n\n\n\n<p>Les repr\u00e9sentants des entreprises offriront une assistance directe aux participants, en fournissant des informations sur les exigences des postes, les processus de s\u00e9lection, les conditions de travail et les possibilit\u00e9s d\u2019embauche imm\u00e9diate.<\/p>\n\n\n\n<p><strong>Outils et accompagnement pour les chercheurs d\u2019emploi<\/strong><\/p>\n\n\n\n<p>Le MTSS a indiqu\u00e9 qu\u2019en plus des offres d\u2019emploi, la foire proposera des services d\u2019orientation professionnelle et un soutien technique pour les participants. Cela comprend :<\/p>\n\n\n\n<p>Des conseils pour am\u00e9liorer les CV<br>Des ateliers de pr\u00e9paration aux entretiens<br>Des recommandations pratiques sur la recherche d\u2019emploi et les outils num\u00e9riques pour l\u2019emploi formel<\/p>\n\n\n\n<p>Ces actions s\u2019inscrivent dans une politique publique plus large visant \u00e0 renforcer les comp\u00e9tences professionnelles de la population, \u00e0 faciliter l\u2019acc\u00e8s \u00e0 l\u2019emploi formel et \u00e0 accro\u00eetre l\u2019employabilit\u00e9 g\u00e9n\u00e9rale.<\/p>\n\n\n\n<p><strong>Conditions et recommandations pour participer<\/strong><\/p>\n\n\n\n<p>La foire est ouverte au grand public. Bien qu\u2019une inscription pr\u00e9alable ne soit pas toujours requise, il est recommand\u00e9 aux participants d\u2019apporter un CV \u00e0 jour et d\u2019arriver ponctuellement afin de maximiser les opportunit\u00e9s d\u2019entretien avec les entreprises.<\/p>\n\n\n\n<p>Les autorit\u00e9s du MTSS recommandent \u00e9galement une pr\u00e9sentation professionnelle ainsi que la pr\u00e9sentation d\u2019une pi\u00e8ce d\u2019identit\u00e9 officielle, \u00e9l\u00e9ments pouvant favoriser l\u2019\u00e9change avec les recruteurs et acc\u00e9l\u00e9rer l\u2019acc\u00e8s aux processus de s\u00e9lection lors de l\u2019\u00e9v\u00e9nement.<\/p>\n\n\n\n<p><strong>Impact pour la communaut\u00e9 et le march\u00e9 du travail costaricien<\/strong><\/p>\n\n\n\n<p>Selon les donn\u00e9es officielles du MTSS, les initiatives telles que les foires \u00e0 l\u2019emploi se sont r\u00e9v\u00e9l\u00e9es \u00eatre des outils efficaces pour r\u00e9duire les \u00e9carts en mati\u00e8re d\u2019emploi, notamment dans les zones o\u00f9 l\u2019offre de main-d\u2019\u0153uvre est importante et o\u00f9 il existe un besoin de recrutements formels. Avec la participation de dizaines d\u2019entreprises, la foire \u00ab Busca Trabajo \u00bb repr\u00e9sente une opportunit\u00e9 concr\u00e8te de rapprocher l\u2019offre et la demande de travail.<\/p>\n\n\n\n<p>De plus, la diversit\u00e9 des secteurs pr\u00e9sents permet de mieux aligner les postes disponibles avec la formation \u00e9ducative et technique des personnes, favorisant ainsi des correspondances plus pr\u00e9cises entre les profils professionnels et les besoins du march\u00e9.<\/p>\n\n\n\n<p><strong>Sources consult\u00e9es<\/strong><\/p>\n\n\n\n<ul class=\"wp-block-list\">\n<li>CRHoy, \u00ab Feria \u2018Busca Trabajo\u2019 reunir\u00e1 a m\u00e1s de 65 empresas y ofrecer\u00e1 1 500 puestos \u00bb<\/li>\n\n\n\n<li>Ministerio de Trabajo y Seguridad Social (MTSS) \u2014 informations officielles sur les foires \u00e0 l\u2019emploi, les services d\u2019orientation professionnelle et les strat\u00e9gies d\u2019insertion sur le march\u00e9 du travail<\/li>\n<\/ul>\n","protected":false},"excerpt":{"rendered":"<p>Connexion entre les employeurs et le talent costaricien Le Ministerio de Trabajo y Seguridad Social (MTSS) promeut la foire \u00e0 l\u2019emploi \u00ab Busca Trabajo \u00bb, une initiative destin\u00e9e \u00e0 relier l\u2019offre d\u2019emplois formels aux personnes en recherche active d\u2019emploi. L\u2019\u00e9v\u00e9nement comptera la participation de plus de 65 entreprises issues de diff\u00e9rents secteurs productifs et offrira [&hellip;]<\/p>\n","protected":false},"author":16,"featured_media":11765,"comment_status":"open","ping_status":"open","sticky":false,"template":"","format":"standard","meta":{"footnotes":""},"categories":[86],"tags":[],"class_list":["post-11766","post","type-post","status-publish","format-standard","has-post-thumbnail","hentry","category-actualites"],"_links":{"self":[{"href":"https:\/\/peopleofcostarica.com\/fr\/wp-json\/wp\/v2\/posts\/11766","targetHints":{"allow":["GET"]}}],"collection":[{"href":"https:\/\/peopleofcostarica.com\/fr\/wp-json\/wp\/v2\/posts"}],"about":[{"href":"https:\/\/peopleofcostarica.com\/fr\/wp-json\/wp\/v2\/types\/post"}],"author":[{"embeddable":true,"href":"https:\/\/peopleofcostarica.com\/fr\/wp-json\/wp\/v2\/users\/16"}],"replies":[{"embeddable":true,"href":"https:\/\/peopleofcostarica.com\/fr\/wp-json\/wp\/v2\/comments?post=11766"}],"version-history":[{"count":1,"href":"https:\/\/peopleofcostarica.com\/fr\/wp-json\/wp\/v2\/posts\/11766\/revisions"}],"predecessor-version":[{"id":11767,"href":"https:\/\/peopleofcostarica.com\/fr\/wp-json\/wp\/v2\/posts\/11766\/revisions\/11767"}],"wp:featuredmedia":[{"embeddable":true,"href":"https:\/\/peopleofcostarica.com\/fr\/wp-json\/wp\/v2\/media\/11765"}],"wp:attachment":[{"href":"https:\/\/peopleofcostarica.com\/fr\/wp-json\/wp\/v2\/media?parent=11766"}],"wp:term":[{"taxonomy":"category","embeddable":true,"href":"https:\/\/peopleofcostarica.com\/fr\/wp-json\/wp\/v2\/categories?post=11766"},{"taxonomy":"post_tag","embeddable":true,"href":"https:\/\/peopleofcostarica.com\/fr\/wp-json\/wp\/v2\/tags?post=11766"}],"curies":[{"name":"wp","href":"https:\/\/api.w.org\/{rel}","templated":true}]}}