{"id":11673,"date":"2026-04-01T14:54:27","date_gmt":"2026-04-01T20:54:27","guid":{"rendered":"https:\/\/peopleofcostarica.com\/?p=11673"},"modified":"2026-04-01T14:55:45","modified_gmt":"2026-04-01T20:55:45","slug":"le-costa-rica-commence-lelimination-progressive-du-fipronil-en-agriculture","status":"publish","type":"post","link":"https:\/\/peopleofcostarica.com\/fr\/le-costa-rica-commence-lelimination-progressive-du-fipronil-en-agriculture\/","title":{"rendered":"Le Costa Rica commence l\u2019\u00e9limination progressive du fipronil en agriculture"},"content":{"rendered":"\n<p>Le gouvernement du Costa Rica a annonc\u00e9 le lancement d\u2019un processus d\u2019\u00e9limination progressive du fipronil en agriculture, marquant un changement important dans la politique environnementale et sanitaire du pays. L\u2019initiative, dirig\u00e9e par le minist\u00e8re de la Sant\u00e9 en coordination avec le minist\u00e8re de l\u2019Agriculture et de l\u2019\u00c9levage (MAG) et le minist\u00e8re de l\u2019Environnement et de l\u2019\u00c9nergie (MINAE), pr\u00e9voit un d\u00e9lai de 24 mois pour l\u2019\u00e9limination compl\u00e8te de ce pesticide.<\/p>\n\n\n\n<p>Cette d\u00e9cision repose sur des preuves techniques soulignant les risques du fipronil pour la sant\u00e9 humaine, l\u2019environnement et en particulier pour les pollinisateurs, essentiels \u00e0 la s\u00e9curit\u00e9 alimentaire.<\/p>\n\n\n\n<h2 class=\"wp-block-heading\">Un processus progressif avec des d\u00e9lais d\u00e9finis<\/h2>\n\n\n\n<p>Le d\u00e9cret \u00e9tablit une feuille de route claire pour retirer le fipronil du march\u00e9 agricole national, en r\u00e9glementant toutes les \u00e9tapes : enregistrement, importation, fabrication, commercialisation et utilisation.<\/p>\n\n\n\n<p>Durant les 12 premiers mois, les produits enregistr\u00e9s pourront encore \u00eatre utilis\u00e9s, mais l\u2019importation, l\u2019exportation, la fabrication et la formulation de substances contenant cet ingr\u00e9dient actif seront ensuite interdites. Apr\u00e8s 24 mois, l\u2019utilisation du fipronil sera totalement interdite sur toutes les cultures.<\/p>\n\n\n\n<p>Pendant la p\u00e9riode de transition, la commercialisation sera soumise \u00e0 des contr\u00f4les techniques plus stricts et, dans certains cas, \u00e0 une prescription professionnelle par des sp\u00e9cialistes en agronomie.<\/p>\n\n\n\n<h2 class=\"wp-block-heading\">Risques pour la sant\u00e9, l\u2019environnement et la biodiversit\u00e9<\/h2>\n\n\n\n<p>La d\u00e9cision repose sur des \u00e9tudes techniques montrant des impacts n\u00e9gatifs significatifs li\u00e9s \u00e0 l\u2019utilisation du fipronil. Les principaux risques concernent les pollinisateurs, comme les abeilles, dont le d\u00e9clin affecte directement la production agricole.<\/p>\n\n\n\n<p>Les recherches du MINAE ont \u00e9galement montr\u00e9 que m\u00eame de faibles doses peuvent nuire aux oiseaux et aux organismes aquatiques. Comme de nombreuses cultures d\u00e9pendent des pollinisateurs, leur diminution affecte la qualit\u00e9 des r\u00e9coltes, la productivit\u00e9 agricole et la stabilit\u00e9 des syst\u00e8mes alimentaires.<\/p>\n\n\n\n<h2 class=\"wp-block-heading\">Une mesure align\u00e9e avec l\u2019agriculture durable<\/h2>\n\n\n\n<p>Les autorit\u00e9s soulignent que cette d\u00e9cision r\u00e9pond non seulement \u00e0 des crit\u00e8res de protection environnementale, mais \u00e9galement \u00e0 la n\u00e9cessit\u00e9 de promouvoir un mod\u00e8le agricole plus durable et comp\u00e9titif.<\/p>\n\n\n\n<p>Selon le MAG, l\u2019\u00e9limination du fipronil est possible gr\u00e2ce \u00e0 la disponibilit\u00e9 de nouvelles technologies et d\u2019alternatives plus s\u00fbres, permettant de maintenir la productivit\u00e9 sans compromettre la sant\u00e9 ou l\u2019environnement.<\/p>\n\n\n\n<p>Cette mesure s\u2019aligne \u00e9galement sur les tendances internationales visant \u00e0 r\u00e9duire les pesticides hautement dangereux et \u00e0 encourager des pratiques agricoles plus s\u00fbres.<\/p>\n\n\n\n<h2 class=\"wp-block-heading\">Exceptions et contr\u00f4le pendant la transition<\/h2>\n\n\n\n<p>Le d\u00e9cret pr\u00e9voit des exceptions uniquement en cas d\u2019urgence phytosanitaire, qui doivent \u00eatre \u00e9valu\u00e9es et autoris\u00e9es selon des crit\u00e8res techniques stricts.<\/p>\n\n\n\n<p>Pendant la p\u00e9riode de transition, les entreprises doivent d\u00e9clarer les produits contenant du fipronil et respecter les dispositions relatives \u00e0 la manipulation s\u00e9curis\u00e9e. Le non-respect peut entra\u00eener la saisie des produits. Les m\u00e9canismes de contr\u00f4le et de tra\u00e7abilit\u00e9 seront renforc\u00e9s pour garantir la mise en \u0153uvre effective.<\/p>\n\n\n\n<h2 class=\"wp-block-heading\">Impact sur la production et la s\u00e9curit\u00e9 alimentaire<\/h2>\n\n\n\n<p>L\u2019\u00e9limination progressive du fipronil vise \u00e0 renforcer la s\u00e9curit\u00e9 alimentaire nationale en prot\u00e9geant les pollinisateurs, essentiels \u00e0 la production alimentaire.<\/p>\n\n\n\n<p>La r\u00e9duction de l\u2019utilisation de ces substances contribue \u00e9galement \u00e0 am\u00e9liorer la qualit\u00e9 des produits agricoles et \u00e0 r\u00e9duire l\u2019exposition de la population \u00e0 des produits chimiques potentiellement dangereux.<\/p>\n\n\n\n<p>Cette mesure repr\u00e9sente un \u00e9quilibre entre productivit\u00e9 agricole, protection de l\u2019environnement et sant\u00e9 publique, piliers du mod\u00e8le de d\u00e9veloppement durable du Costa Rica.<\/p>\n\n\n\n<h2 class=\"wp-block-heading\">Un pas vers une agriculture plus s\u00fbre<\/h2>\n\n\n\n<p>Avec cette d\u00e9cision, le Costa Rica r\u00e9affirme son engagement en faveur de la durabilit\u00e9 et de la protection des ressources naturelles, se positionnant comme un leader r\u00e9gional dans la r\u00e9gulation des produits agrochimiques.<\/p>\n\n\n\n<p>L\u2019\u00e9limination du fipronil r\u00e9pond non seulement \u00e0 un besoin environnemental imm\u00e9diat, mais ouvre \u00e9galement la voie \u00e0 une transformation plus large du secteur agricole bas\u00e9e sur l\u2019innovation, la responsabilit\u00e9 et la r\u00e9silience.<\/p>\n\n\n\n<h2 class=\"wp-block-heading\">Sources officielles et de r\u00e9f\u00e9rence<\/h2>\n\n\n\n<p>\u2013 Minist\u00e8re de la Sant\u00e9 du Costa Rica, communiqu\u00e9 officiel sur l\u2019\u00e9limination progressive du fipronil <br>\u2013 Minist\u00e8re de l\u2019Agriculture et de l\u2019\u00c9levage (MAG) &amp; Minist\u00e8re de l\u2019Environnement et de l\u2019\u00c9nergie (MINAE), d\u00e9clarations institutionnelles <br>\u2013 Infobae Costa Rica, article sur l\u2019\u00e9limination du fipronil <br>\u2013 Semanario Universidad, analyse sur l\u2019impact sur les pollinisateurs <br>\u2013 Delfino.cr, informations sur le d\u00e9cret et le calendrier de mise en \u0153uvre <br>\u2013 Teletica.com, couverture de l\u2019interdiction de l\u2019insecticide et son impact environnemental <\/p>\n","protected":false},"excerpt":{"rendered":"<p>Le gouvernement du Costa Rica a annonc\u00e9 le lancement d\u2019un processus d\u2019\u00e9limination progressive du fipronil en agriculture, marquant un changement important dans la politique environnementale et sanitaire du pays. L\u2019initiative, dirig\u00e9e par le minist\u00e8re de la Sant\u00e9 en coordination avec le minist\u00e8re de l\u2019Agriculture et de l\u2019\u00c9levage (MAG) et le minist\u00e8re de l\u2019Environnement et de [&hellip;]<\/p>\n","protected":false},"author":16,"featured_media":11672,"comment_status":"open","ping_status":"open","sticky":false,"template":"","format":"standard","meta":{"footnotes":""},"categories":[86,90],"tags":[],"class_list":["post-11673","post","type-post","status-publish","format-standard","has-post-thumbnail","hentry","category-actualites","category-climat-et-environnement"],"_links":{"self":[{"href":"https:\/\/peopleofcostarica.com\/fr\/wp-json\/wp\/v2\/posts\/11673","targetHints":{"allow":["GET"]}}],"collection":[{"href":"https:\/\/peopleofcostarica.com\/fr\/wp-json\/wp\/v2\/posts"}],"about":[{"href":"https:\/\/peopleofcostarica.com\/fr\/wp-json\/wp\/v2\/types\/post"}],"author":[{"embeddable":true,"href":"https:\/\/peopleofcostarica.com\/fr\/wp-json\/wp\/v2\/users\/16"}],"replies":[{"embeddable":true,"href":"https:\/\/peopleofcostarica.com\/fr\/wp-json\/wp\/v2\/comments?post=11673"}],"version-history":[{"count":1,"href":"https:\/\/peopleofcostarica.com\/fr\/wp-json\/wp\/v2\/posts\/11673\/revisions"}],"predecessor-version":[{"id":11674,"href":"https:\/\/peopleofcostarica.com\/fr\/wp-json\/wp\/v2\/posts\/11673\/revisions\/11674"}],"wp:featuredmedia":[{"embeddable":true,"href":"https:\/\/peopleofcostarica.com\/fr\/wp-json\/wp\/v2\/media\/11672"}],"wp:attachment":[{"href":"https:\/\/peopleofcostarica.com\/fr\/wp-json\/wp\/v2\/media?parent=11673"}],"wp:term":[{"taxonomy":"category","embeddable":true,"href":"https:\/\/peopleofcostarica.com\/fr\/wp-json\/wp\/v2\/categories?post=11673"},{"taxonomy":"post_tag","embeddable":true,"href":"https:\/\/peopleofcostarica.com\/fr\/wp-json\/wp\/v2\/tags?post=11673"}],"curies":[{"name":"wp","href":"https:\/\/api.w.org\/{rel}","templated":true}]}}