{"id":11664,"date":"2026-04-01T14:50:18","date_gmt":"2026-04-01T20:50:18","guid":{"rendered":"https:\/\/peopleofcostarica.com\/?p=11664"},"modified":"2026-04-01T14:51:05","modified_gmt":"2026-04-01T20:51:05","slug":"les-parcs-nationaux-fonctionneront-normalement-pendant-toute-la-semaine-sainte-au-costa-rica","status":"publish","type":"post","link":"https:\/\/peopleofcostarica.com\/fr\/les-parcs-nationaux-fonctionneront-normalement-pendant-toute-la-semaine-sainte-au-costa-rica\/","title":{"rendered":"Les parcs nationaux fonctionneront normalement pendant toute la Semaine sainte au Costa Rica"},"content":{"rendered":"\n<p>Pendant la Semaine sainte, les parcs nationaux et les aires prot\u00e9g\u00e9es du Costa Rica fonctionneront normalement, selon les autorit\u00e9s environnementales. Cette mesure vise \u00e0 garantir l\u2019acc\u00e8s \u00e0 ces espaces naturels durant l\u2019une des p\u00e9riodes touristiques les plus importantes du pays.<\/p>\n\n\n\n<p>Selon le minist\u00e8re de l\u2019Environnement et de l\u2019\u00c9nergie (MINAE), un total de 29 aires prot\u00e9g\u00e9es resteront ouvertes selon leurs horaires habituels, permettant aux visiteurs nationaux et internationaux de profiter de la biodiversit\u00e9 et des paysages du pays.<\/p>\n\n\n\n<h2 class=\"wp-block-heading\">Un fonctionnement normal pour soutenir le tourisme et l\u2019\u00e9conomie locale<\/h2>\n\n\n\n<p>Le maintien de l\u2019ouverture des parcs s\u2019inscrit dans une strat\u00e9gie visant \u00e0 soutenir l\u2019activit\u00e9 touristique pendant la Semaine sainte, une p\u00e9riode cl\u00e9 pour le secteur.<\/p>\n\n\n\n<p>Les autorit\u00e9s soulignent que cette d\u00e9cision contribue directement \u00e0 l\u2019\u00e9conomie des communaut\u00e9s situ\u00e9es \u00e0 proximit\u00e9 des aires prot\u00e9g\u00e9es, dont beaucoup d\u00e9pendent du tourisme comme principale source de revenus.<\/p>\n\n\n\n<p>De plus, l\u2019augmentation de la fr\u00e9quentation durant cette p\u00e9riode g\u00e9n\u00e8re des ressources destin\u00e9es \u00e0 l\u2019entretien et \u00e0 la conservation de ces espaces naturels.<\/p>\n\n\n\n<h2 class=\"wp-block-heading\">Acc\u00e8s \u00e0 29 aires prot\u00e9g\u00e9es dans tout le pays<\/h2>\n\n\n\n<p>Le Syst\u00e8me national des aires de conservation (SINAC) a confirm\u00e9 que les 29 aires prot\u00e9g\u00e9es seront accessibles selon leurs horaires habituels, offrant une grande vari\u00e9t\u00e9 d\u2019exp\u00e9riences.<\/p>\n\n\n\n<p>Parmi les destinations embl\u00e9matiques figurent :<\/p>\n\n\n\n<ul class=\"wp-block-list\">\n<li>Parc national Manuel Antonio<\/li>\n\n\n\n<li>Parc national du volcan Iraz\u00fa<\/li>\n\n\n\n<li>Parc national Chirrip\u00f3<\/li>\n\n\n\n<li>Parc national Carara<\/li>\n\n\n\n<li>Parc national Rinc\u00f3n de la Vieja<\/li>\n<\/ul>\n\n\n\n<p>Ces sites proposent des activit\u00e9s telles que la randonn\u00e9e, l\u2019observation de la faune et de la flore, la photographie, la plong\u00e9e et d\u2019autres formes d\u2019\u00e9cotourisme.<\/p>\n\n\n\n<h2 class=\"wp-block-heading\">Achat anticip\u00e9 des billets et planification<\/h2>\n\n\n\n<p>Les autorit\u00e9s recommandent de planifier les visites \u00e0 l\u2019avance, car au moins 11 destinations exigent l\u2019achat pr\u00e9alable des billets via la plateforme en ligne du SINAC.<\/p>\n\n\n\n<p>Cette mesure permet de mieux g\u00e9rer les flux de visiteurs et d\u2019\u00e9viter les surcharges, notamment pendant une p\u00e9riode de forte affluence.<\/p>\n\n\n\n<p>Il est \u00e9galement conseill\u00e9 de v\u00e9rifier les conditions sp\u00e9cifiques de chaque parc, notamment en ce qui concerne les animaux domestiques, les horaires et les r\u00e8gles d\u2019acc\u00e8s.<\/p>\n\n\n\n<h2 class=\"wp-block-heading\">Des exp\u00e9riences naturelles, culturelles et accessibles<\/h2>\n\n\n\n<p>Le Costa Rica offre une grande diversit\u00e9 d\u2019exp\u00e9riences pour ceux qui souhaitent se reconnecter \u00e0 la nature durant cette p\u00e9riode. Des parcs volcaniques aux sites \u00e0 valeur historique et culturelle, l\u2019offre est riche et vari\u00e9e.<\/p>\n\n\n\n<p>Par exemple, le parc national de l\u2019\u00eele San Lucas combine des \u00e9l\u00e9ments historiques, culturels et naturels, tandis que le monument national Guayabo prot\u00e8ge un important site arch\u00e9ologique pr\u00e9colombien.<\/p>\n\n\n\n<p>Par ailleurs, certains parcs comme Carara disposent d\u2019infrastructures accessibles, notamment des sentiers adapt\u00e9s aux personnes \u00e0 mobilit\u00e9 r\u00e9duite.<\/p>\n\n\n\n<h2 class=\"wp-block-heading\">Recommandations pour une visite en toute s\u00e9curit\u00e9<\/h2>\n\n\n\n<p>Le MINAE et le SINAC invitent les visiteurs \u00e0 adopter un comportement responsable et \u00e0 respecter les r\u00e8gles propres \u00e0 chaque aire prot\u00e9g\u00e9e.<\/p>\n\n\n\n<p>Parmi les principales recommandations :<\/p>\n\n\n\n<ul class=\"wp-block-list\">\n<li>Acheter les billets \u00e0 l\u2019avance<\/li>\n\n\n\n<li>Suivre les instructions du personnel<\/li>\n\n\n\n<li>Respecter la faune et la flore<\/li>\n\n\n\n<li>\u00c9viter de laisser des d\u00e9chets<\/li>\n<\/ul>\n\n\n\n<p>Les autorit\u00e9s rappellent \u00e9galement que la fr\u00e9quentation augmente fortement pendant la Semaine sainte, rendant la planification essentielle.<\/p>\n\n\n\n<h2 class=\"wp-block-heading\">Un levier pour le tourisme durable au Costa Rica<\/h2>\n\n\n\n<p>L\u2019ouverture compl\u00e8te des parcs nationaux pendant la Semaine sainte confirme le r\u00f4le du tourisme durable comme pilier du d\u00e9veloppement \u00e9conomique du Costa Rica.<\/p>\n\n\n\n<p>Au-del\u00e0 des loisirs, visiter ces espaces permet de soutenir la conservation de l\u2019environnement et les communaut\u00e9s locales, tout en renfor\u00e7ant le lien avec la biodiversit\u00e9 exceptionnelle du pays.<\/p>\n\n\n\n<h2 class=\"wp-block-heading\">Sources officielles et de r\u00e9f\u00e9rence<\/h2>\n\n\n\n<p>\u2013 Minist\u00e8re de l\u2019Environnement et de l\u2019\u00c9nergie (MINAE), informations sur le fonctionnement des parcs pendant la Semaine sainte<br>\u2013 Syst\u00e8me national des aires de conservation (SINAC), directives sur l\u2019acc\u00e8s et la billetterie<br>\u2013 Teletica.com, article sur l\u2019ouverture des parcs nationaux<br>\u2013 Delfino.cr, information sur les aires prot\u00e9g\u00e9es ouvertes<br>\u2013 Observador.cr, d\u00e9tails sur les horaires et recommandations<br>\u2013 AM Prensa, informations pratiques pour les visiteurs<\/p>\n","protected":false},"excerpt":{"rendered":"<p>Pendant la Semaine sainte, les parcs nationaux et les aires prot\u00e9g\u00e9es du Costa Rica fonctionneront normalement, selon les autorit\u00e9s environnementales. Cette mesure vise \u00e0 garantir l\u2019acc\u00e8s \u00e0 ces espaces naturels durant l\u2019une des p\u00e9riodes touristiques les plus importantes du pays. Selon le minist\u00e8re de l\u2019Environnement et de l\u2019\u00c9nergie (MINAE), un total de 29 aires prot\u00e9g\u00e9es [&hellip;]<\/p>\n","protected":false},"author":16,"featured_media":11663,"comment_status":"open","ping_status":"open","sticky":false,"template":"","format":"standard","meta":{"footnotes":""},"categories":[86],"tags":[],"class_list":["post-11664","post","type-post","status-publish","format-standard","has-post-thumbnail","hentry","category-actualites"],"_links":{"self":[{"href":"https:\/\/peopleofcostarica.com\/fr\/wp-json\/wp\/v2\/posts\/11664","targetHints":{"allow":["GET"]}}],"collection":[{"href":"https:\/\/peopleofcostarica.com\/fr\/wp-json\/wp\/v2\/posts"}],"about":[{"href":"https:\/\/peopleofcostarica.com\/fr\/wp-json\/wp\/v2\/types\/post"}],"author":[{"embeddable":true,"href":"https:\/\/peopleofcostarica.com\/fr\/wp-json\/wp\/v2\/users\/16"}],"replies":[{"embeddable":true,"href":"https:\/\/peopleofcostarica.com\/fr\/wp-json\/wp\/v2\/comments?post=11664"}],"version-history":[{"count":1,"href":"https:\/\/peopleofcostarica.com\/fr\/wp-json\/wp\/v2\/posts\/11664\/revisions"}],"predecessor-version":[{"id":11665,"href":"https:\/\/peopleofcostarica.com\/fr\/wp-json\/wp\/v2\/posts\/11664\/revisions\/11665"}],"wp:featuredmedia":[{"embeddable":true,"href":"https:\/\/peopleofcostarica.com\/fr\/wp-json\/wp\/v2\/media\/11663"}],"wp:attachment":[{"href":"https:\/\/peopleofcostarica.com\/fr\/wp-json\/wp\/v2\/media?parent=11664"}],"wp:term":[{"taxonomy":"category","embeddable":true,"href":"https:\/\/peopleofcostarica.com\/fr\/wp-json\/wp\/v2\/categories?post=11664"},{"taxonomy":"post_tag","embeddable":true,"href":"https:\/\/peopleofcostarica.com\/fr\/wp-json\/wp\/v2\/tags?post=11664"}],"curies":[{"name":"wp","href":"https:\/\/api.w.org\/{rel}","templated":true}]}}