{"id":11655,"date":"2026-04-01T14:41:40","date_gmt":"2026-04-01T20:41:40","guid":{"rendered":"https:\/\/peopleofcostarica.com\/?p=11655"},"modified":"2026-04-01T14:42:53","modified_gmt":"2026-04-01T20:42:53","slug":"le-meic-lance-la-troisieme-edition-de-pongamosle-a-su-pyme-pour-renforcer-lentrepreneuriat-au-costa-rica","status":"publish","type":"post","link":"https:\/\/peopleofcostarica.com\/fr\/le-meic-lance-la-troisieme-edition-de-pongamosle-a-su-pyme-pour-renforcer-lentrepreneuriat-au-costa-rica\/","title":{"rendered":"Le MEIC lance la troisi\u00e8me \u00e9dition de \u00ab Pong\u00e1mosle a su Pyme \u00bb pour renforcer l\u2019entrepreneuriat au Costa Rica"},"content":{"rendered":"\n<p>Le minist\u00e8re de l\u2019\u00c9conomie, de l\u2019Industrie et du Commerce (MEIC) a annonc\u00e9 le lancement de la troisi\u00e8me \u00e9dition du programme \u00ab Pong\u00e1mosle a su Pyme \u00bb, une initiative visant \u00e0 renforcer les capacit\u00e9s des micro, petites et moyennes entreprises (PME) \u00e0 travers tout le pays.<\/p>\n\n\n\n<p>Ce programme s\u2019inscrit dans les efforts institutionnels visant \u00e0 dynamiser l\u2019\u00e9conomie, encourager l\u2019entrepreneuriat et am\u00e9liorer la comp\u00e9titivit\u00e9 des entreprises costariciennes, en particulier en dehors de la Grande Aire M\u00e9tropolitaine.<\/p>\n\n\n\n<h2 class=\"wp-block-heading\">Un programme ax\u00e9 sur le d\u00e9veloppement des entreprises<\/h2>\n\n\n\n<p>En tant qu\u2019institution responsable de la promotion du d\u00e9veloppement \u00e9conomique et de la comp\u00e9titivit\u00e9 du secteur productif, le MEIC a mis en place diverses initiatives destin\u00e9es \u00e0 renforcer les PME, consid\u00e9r\u00e9es comme un moteur essentiel de l\u2019\u00e9conomie nationale.<\/p>\n\n\n\n<p>Selon les informations institutionnelles, l\u2019objectif principal du minist\u00e8re est de mettre en \u0153uvre des politiques publiques favorisant la croissance des entreprises, l\u2019innovation et la cr\u00e9ation d\u2019emplois dans les secteurs de l\u2019industrie, du commerce et des services.<\/p>\n\n\n\n<p>Dans ce contexte, \u00ab Pong\u00e1mosle a su Pyme \u00bb s\u2019impose comme un espace d\u2019accompagnement technique et de formation pour les entrepreneurs souhaitant formaliser ou d\u00e9velopper leurs activit\u00e9s.<\/p>\n\n\n\n<h2 class=\"wp-block-heading\">Une port\u00e9e nationale et un soutien direct aux entrepreneurs<\/h2>\n\n\n\n<p>L\u2019initiative se d\u00e9ploie \u00e0 travers des sessions de travail organis\u00e9es dans diff\u00e9rentes r\u00e9gions du pays, o\u00f9 les entrepreneurs peuvent b\u00e9n\u00e9ficier de conseils sp\u00e9cialis\u00e9s, de formations et d\u2019outils pratiques pour am\u00e9liorer la gestion de leurs entreprises.<\/p>\n\n\n\n<p>Ces activit\u00e9s permettent de rapprocher les services publics des communaut\u00e9s qui ont traditionnellement moins acc\u00e8s aux ressources techniques, contribuant ainsi \u00e0 r\u00e9duire les in\u00e9galit\u00e9s territoriales et \u00e0 renforcer les \u00e9conomies locales.<\/p>\n\n\n\n<p>De plus, le programme favorise la collaboration entre les institutions publiques et les acteurs de l\u2019\u00e9cosyst\u00e8me entrepreneurial, facilitant l\u2019acc\u00e8s au financement, \u00e0 la formation et aux r\u00e9seaux professionnels.<\/p>\n\n\n\n<h2 class=\"wp-block-heading\">Une int\u00e9gration dans les strat\u00e9gies nationales de d\u00e9veloppement<\/h2>\n\n\n\n<p>La mise en \u0153uvre de ce programme s\u2019inscrit dans une strat\u00e9gie plus large du MEIC visant \u00e0 renforcer la productivit\u00e9 et la comp\u00e9titivit\u00e9 du pays.<\/p>\n\n\n\n<p>Selon des documents officiels, le minist\u00e8re promeut les cha\u00eenes de valeur, l\u2019am\u00e9lioration r\u00e9glementaire et l\u2019acc\u00e8s au Syst\u00e8me national pour la qualit\u00e9 afin de soutenir la croissance des PME et leur int\u00e9gration dans des march\u00e9s plus larges.<\/p>\n\n\n\n<p>Ces initiatives sont \u00e9galement align\u00e9es sur le Plan national de d\u00e9veloppement et d\u2019investissement public 2023\u20132026, qui met l\u2019accent sur la relance \u00e9conomique et le soutien aux secteurs productifs.<\/p>\n\n\n\n<h2 class=\"wp-block-heading\">Un levier essentiel pour l\u2019\u00e9conomie locale<\/h2>\n\n\n\n<p>Les micro, petites et moyennes entreprises jouent un r\u00f4le fondamental dans l\u2019\u00e9conomie du Costa Rica, tant en mati\u00e8re de cr\u00e9ation d\u2019emplois que de dynamisation des \u00e9conomies locales.<\/p>\n\n\n\n<p>Des programmes comme \u00ab Pong\u00e1mosle a su Pyme \u00bb visent non seulement \u00e0 renforcer les capacit\u00e9s des entreprises, mais aussi \u00e0 encourager la formalisation, l\u2019innovation et la durabilit\u00e9.<\/p>\n\n\n\n<p>Ces initiatives sont particuli\u00e8rement importantes dans un contexte o\u00f9 les entrepreneurs font face \u00e0 des d\u00e9fis tels que l\u2019acc\u00e8s au financement, la transformation num\u00e9rique et la concurrence accrue.<\/p>\n\n\n\n<h2 class=\"wp-block-heading\">Vers un \u00e9cosyst\u00e8me entrepreneurial plus solide<\/h2>\n\n\n\n<p>La poursuite de ce programme dans sa troisi\u00e8me \u00e9dition souligne l\u2019importance de construire un \u00e9cosyst\u00e8me entrepreneurial solide, permettant aux entreprises de cro\u00eetre de mani\u00e8re durable et de cr\u00e9er de la valeur dans leurs communaut\u00e9s.<\/p>\n\n\n\n<p>En offrant des outils concrets, un accompagnement institutionnel et des opportunit\u00e9s de d\u00e9veloppement, le MEIC cherche \u00e0 consolider un environnement favorable \u00e0 l\u2019entrepreneuriat au Costa Rica.<\/p>\n\n\n\n<p>Le renforcement des PME contribue non seulement au d\u00e9veloppement \u00e9conomique, mais aussi au progr\u00e8s social du pays.<\/p>\n\n\n\n<h2 class=\"wp-block-heading\">Sources officielles et de r\u00e9f\u00e9rence<\/h2>\n\n\n\n<p>\u2013 Minist\u00e8re de l\u2019\u00c9conomie, de l\u2019Industrie et du Commerce (MEIC), informations institutionnelles sur les programmes de soutien aux PME<br>\u2013 Publications du MEIC sur l\u2019initiative \u00ab Pong\u00e1mosle a su Pyme \u00bb<br>\u2013 Plan national de d\u00e9veloppement et d\u2019investissement public 2023\u20132026<br>\u2013 Documents institutionnels sur les missions et objectifs du MEIC<\/p>\n","protected":false},"excerpt":{"rendered":"<p>Le minist\u00e8re de l\u2019\u00c9conomie, de l\u2019Industrie et du Commerce (MEIC) a annonc\u00e9 le lancement de la troisi\u00e8me \u00e9dition du programme \u00ab Pong\u00e1mosle a su Pyme \u00bb, une initiative visant \u00e0 renforcer les capacit\u00e9s des micro, petites et moyennes entreprises (PME) \u00e0 travers tout le pays. Ce programme s\u2019inscrit dans les efforts institutionnels visant \u00e0 dynamiser [&hellip;]<\/p>\n","protected":false},"author":16,"featured_media":11654,"comment_status":"open","ping_status":"open","sticky":false,"template":"","format":"standard","meta":{"footnotes":""},"categories":[86],"tags":[],"class_list":["post-11655","post","type-post","status-publish","format-standard","has-post-thumbnail","hentry","category-actualites"],"_links":{"self":[{"href":"https:\/\/peopleofcostarica.com\/fr\/wp-json\/wp\/v2\/posts\/11655","targetHints":{"allow":["GET"]}}],"collection":[{"href":"https:\/\/peopleofcostarica.com\/fr\/wp-json\/wp\/v2\/posts"}],"about":[{"href":"https:\/\/peopleofcostarica.com\/fr\/wp-json\/wp\/v2\/types\/post"}],"author":[{"embeddable":true,"href":"https:\/\/peopleofcostarica.com\/fr\/wp-json\/wp\/v2\/users\/16"}],"replies":[{"embeddable":true,"href":"https:\/\/peopleofcostarica.com\/fr\/wp-json\/wp\/v2\/comments?post=11655"}],"version-history":[{"count":1,"href":"https:\/\/peopleofcostarica.com\/fr\/wp-json\/wp\/v2\/posts\/11655\/revisions"}],"predecessor-version":[{"id":11656,"href":"https:\/\/peopleofcostarica.com\/fr\/wp-json\/wp\/v2\/posts\/11655\/revisions\/11656"}],"wp:featuredmedia":[{"embeddable":true,"href":"https:\/\/peopleofcostarica.com\/fr\/wp-json\/wp\/v2\/media\/11654"}],"wp:attachment":[{"href":"https:\/\/peopleofcostarica.com\/fr\/wp-json\/wp\/v2\/media?parent=11655"}],"wp:term":[{"taxonomy":"category","embeddable":true,"href":"https:\/\/peopleofcostarica.com\/fr\/wp-json\/wp\/v2\/categories?post=11655"},{"taxonomy":"post_tag","embeddable":true,"href":"https:\/\/peopleofcostarica.com\/fr\/wp-json\/wp\/v2\/tags?post=11655"}],"curies":[{"name":"wp","href":"https:\/\/api.w.org\/{rel}","templated":true}]}}