{"id":11545,"date":"2026-03-26T12:49:45","date_gmt":"2026-03-26T18:49:45","guid":{"rendered":"https:\/\/peopleofcostarica.com\/?p=11545"},"modified":"2026-03-26T12:51:15","modified_gmt":"2026-03-26T18:51:15","slug":"premier-yard-house-international-au-costa-rica","status":"publish","type":"post","link":"https:\/\/peopleofcostarica.com\/fr\/premier-yard-house-international-au-costa-rica\/","title":{"rendered":"Premier Yard House international au Costa Rica"},"content":{"rendered":"\n<p>La marque a choisi l\u2019Avenida Escaz\u00fa pour ouvrir son premier \u00e9tablissement international, dans un local d\u2019environ 902 m\u00e8tres carr\u00e9s au sein de l\u2019un des principaux p\u00f4les gastronomiques et de divertissement de la Grande Zone M\u00e9tropolitaine.<br>Depuis cet emplacement, exploit\u00e9 par AR Holdings, Yard House introduit son concept de bar central, une ambiance inspir\u00e9e du rock classique et une large offre de bi\u00e8res et de gastronomie au public costaricien.<br>Le choix du Costa Rica refl\u00e8te la confiance de la cha\u00eene et de Darden Restaurants dans le potentiel du march\u00e9 local et dans la capacit\u00e9 op\u00e9rationnelle de leur partenaire r\u00e9gional.<\/p>\n\n\n\n<h3 class=\"wp-block-heading\">Concept, menu et offre de boissons<\/h3>\n\n\n\n<p>Yard House se distingue par sa vaste s\u00e9lection de bi\u00e8res pression, incluant des options artisanales, import\u00e9es, locales, sans alcool, aromatis\u00e9es et sans gluten.<br>Le menu au Costa Rica proposera plus de 60 plats, notamment les c\u00e9l\u00e8bres Poke Nachos, la Onion Ring Tower, des hamburgers de haute qualit\u00e9, des salades et des options v\u00e9g\u00e9tariennes et v\u00e9ganes.<br>Le local conserve la signature de la marque\u202f: un grand bar central, des \u00e9crans pour les \u00e9v\u00e9nements sportifs et une programmation musicale bas\u00e9e sur des playlists de rock classique.<\/p>\n\n\n\n<h3 class=\"wp-block-heading\">Exploitation assur\u00e9e par AR Holdings<\/h3>\n\n\n\n<p>AR Holdings, qui exploite d\u00e9j\u00e0 d\u2019autres marques de Darden Restaurants dans la r\u00e9gion, sera responsable de l\u2019exploitation de Yard House Costa Rica.<br>L\u2019entreprise a soulign\u00e9 que cette ouverture confirme la confiance de ses partenaires internationaux dans le consommateur costaricien et dans la stabilit\u00e9 du pays comme plateforme d\u2019expansion r\u00e9gionale.<br>L\u2019arriv\u00e9e de Yard House s\u2019inscrit \u00e9galement dans l\u2019ambition de l\u2019Avenida Escaz\u00fa de continuer \u00e0 se consolider comme destination gastronomique et de divertissement.<\/p>\n\n\n\n<h3 class=\"wp-block-heading\">Sources officielles<\/h3>\n\n\n\n<p>Communiqu\u00e9 de AR Holdings sur l\u2019ouverture du premier Yard House international \u00e0 Avenida Escaz\u00fa et sur les d\u00e9tails du concept et du menu.<br>Informations de Darden Restaurants et couverture par des m\u00e9dias tels que The Tico Times, Amelia Rueda et La Rep\u00fablica sur l\u2019expansion mondiale de Yard House et le choix du Costa Rica comme premier march\u00e9 international.<\/p>\n","protected":false},"excerpt":{"rendered":"<p>La marque a choisi l\u2019Avenida Escaz\u00fa pour ouvrir son premier \u00e9tablissement international, dans un local d\u2019environ 902 m\u00e8tres carr\u00e9s au sein de l\u2019un des principaux p\u00f4les gastronomiques et de divertissement de la Grande Zone M\u00e9tropolitaine.Depuis cet emplacement, exploit\u00e9 par AR Holdings, Yard House introduit son concept de bar central, une ambiance inspir\u00e9e du rock classique [&hellip;]<\/p>\n","protected":false},"author":16,"featured_media":11544,"comment_status":"open","ping_status":"open","sticky":false,"template":"","format":"standard","meta":{"footnotes":""},"categories":[86,98],"tags":[],"class_list":["post-11545","post","type-post","status-publish","format-standard","has-post-thumbnail","hentry","category-actualites","category-nouvelles-nationales"],"_links":{"self":[{"href":"https:\/\/peopleofcostarica.com\/fr\/wp-json\/wp\/v2\/posts\/11545","targetHints":{"allow":["GET"]}}],"collection":[{"href":"https:\/\/peopleofcostarica.com\/fr\/wp-json\/wp\/v2\/posts"}],"about":[{"href":"https:\/\/peopleofcostarica.com\/fr\/wp-json\/wp\/v2\/types\/post"}],"author":[{"embeddable":true,"href":"https:\/\/peopleofcostarica.com\/fr\/wp-json\/wp\/v2\/users\/16"}],"replies":[{"embeddable":true,"href":"https:\/\/peopleofcostarica.com\/fr\/wp-json\/wp\/v2\/comments?post=11545"}],"version-history":[{"count":1,"href":"https:\/\/peopleofcostarica.com\/fr\/wp-json\/wp\/v2\/posts\/11545\/revisions"}],"predecessor-version":[{"id":11546,"href":"https:\/\/peopleofcostarica.com\/fr\/wp-json\/wp\/v2\/posts\/11545\/revisions\/11546"}],"wp:featuredmedia":[{"embeddable":true,"href":"https:\/\/peopleofcostarica.com\/fr\/wp-json\/wp\/v2\/media\/11544"}],"wp:attachment":[{"href":"https:\/\/peopleofcostarica.com\/fr\/wp-json\/wp\/v2\/media?parent=11545"}],"wp:term":[{"taxonomy":"category","embeddable":true,"href":"https:\/\/peopleofcostarica.com\/fr\/wp-json\/wp\/v2\/categories?post=11545"},{"taxonomy":"post_tag","embeddable":true,"href":"https:\/\/peopleofcostarica.com\/fr\/wp-json\/wp\/v2\/tags?post=11545"}],"curies":[{"name":"wp","href":"https:\/\/api.w.org\/{rel}","templated":true}]}}