{"id":11517,"date":"2026-03-26T12:27:33","date_gmt":"2026-03-26T18:27:33","guid":{"rendered":"https:\/\/peopleofcostarica.com\/?p=11517"},"modified":"2026-03-26T12:29:23","modified_gmt":"2026-03-26T18:29:23","slug":"le-gouvernement-du-costa-rica-lance-la-nouvelle-politique-publique-costa-rica-impulsa","status":"publish","type":"post","link":"https:\/\/peopleofcostarica.com\/fr\/le-gouvernement-du-costa-rica-lance-la-nouvelle-politique-publique-costa-rica-impulsa\/","title":{"rendered":"Le Gouvernement du Costa Rica lance la nouvelle politique publique \u00ab\u202fCOSTA RICA IMPULSA\u202f\u00bb"},"content":{"rendered":"\n<p>Le Gouvernement du Costa Rica a lanc\u00e9 la nouvelle politique publique <strong>COSTA RICA IMPULSA<\/strong>, qui vise \u00e0 lutter contre la pauvret\u00e9 gr\u00e2ce \u00e0 un travail coordonn\u00e9 entre institutions pour favoriser la mobilit\u00e9 sociale des personnes en situation de pauvret\u00e9.<\/p>\n\n\n\n<h3 class=\"wp-block-heading\">Qu\u2019est-ce que COSTA RICA IMPULSA\u202f?<\/h3>\n\n\n\n<p><strong>COSTA RICA IMPULSA<\/strong> est une politique publique d\u00e9clar\u00e9e d\u2019int\u00e9r\u00eat public par d\u00e9cret, orient\u00e9e vers la promotion et la protection sociale des m\u00e9nages en pauvret\u00e9 extr\u00eame et pauvret\u00e9 de base.<br>Son objectif principal est de permettre \u00e0 ces personnes de sortir de la pauvret\u00e9 gr\u00e2ce \u00e0 plus d\u2019ann\u00e9es d\u2019\u00e9tudes, \u00e0 la formation professionnelle et au soutien aux initiatives productives.<br>La politique int\u00e8gre les institutions des secteurs Bien-\u00eatre, Travail et Inclusion sociale, ainsi que d\u2019autres entit\u00e9s publiques align\u00e9es avec ces objectifs.<\/p>\n\n\n\n<h3 class=\"wp-block-heading\">Origine dans le mod\u00e8le IMAS Impulsa<\/h3>\n\n\n\n<p>La politique d\u00e9coule du <strong>Mod\u00e8le d\u2019Intervention IMAS Impulsa<\/strong>, mis en \u0153uvre par le Instituto Mixto de Ayuda Social (IMAS) depuis 2025 pour transformer l\u2019approche des m\u00e9nages en situation de pauvret\u00e9.<br>Ce mod\u00e8le exige que les b\u00e9n\u00e9ficiaires s\u2019engagent sur des objectifs concrets tels qu\u2019\u00e9tudier, se former ou entreprendre, en \u00e9change de subventions publiques.<br><strong>COSTA RICA IMPULSA<\/strong> \u00e9tend cette approche en coordonnant plusieurs institutions afin de renforcer les r\u00e9sultats et \u00e9viter les doublons.<\/p>\n\n\n\n<h3 class=\"wp-block-heading\">Trois axes d\u2019action<\/h3>\n\n\n\n<p>La politique se concentre sur trois axes principaux\u202f:<\/p>\n\n\n\n<ol class=\"wp-block-list\">\n<li>Augmenter le nombre d\u2019ann\u00e9es de scolarit\u00e9 des personnes.<\/li>\n\n\n\n<li>Former aux techniques ou m\u00e9tiers pour am\u00e9liorer l\u2019employabilit\u00e9.<\/li>\n\n\n\n<li>Encourager les initiatives productives favorisant l\u2019emploi ou l\u2019auto-emploi.<\/li>\n<\/ol>\n\n\n\n<p>Gr\u00e2ce \u00e0 ces composantes, la politique vise \u00e0 offrir aux m\u00e9nages davantage et de meilleures opportunit\u00e9s pour g\u00e9n\u00e9rer des revenus durables.<\/p>\n\n\n\n<h3 class=\"wp-block-heading\">Coordination interinstitutionnelle et outils<\/h3>\n\n\n\n<p>La ministre Yorleny Le\u00f3n Marchena a soulign\u00e9 que la lutte contre la pauvret\u00e9 ne peut pas \u00eatre men\u00e9e par une seule institution et n\u00e9cessite une coordination interinstitutionnelle \u00e9troite.<br>Les entit\u00e9s participantes utiliseront le <strong>Syst\u00e8me de R\u00e9f\u00e9rences Costaricien (SIREC)<\/strong> pour envoyer et recevoir des cas, assurant le suivi des familles dans leur parcours vers la mobilit\u00e9 sociale.<br>L\u2019approche vise \u00e0 ce que les institutions partagent l\u2019information, articulent les services et accompagnent les personnes de mani\u00e8re continue.<\/p>\n\n\n\n<h3 class=\"wp-block-heading\">Sources officielles<\/h3>\n\n\n\n<p>Instituto Mixto de Ayuda Social (IMAS)\u202f: communiqu\u00e9 officiel \u00ab\u202fCOSTA RICA IMPULSA\u202f: Le Gouvernement lance une nouvelle politique publique pour r\u00e9soudre la pauvret\u00e9\u202f\u00bb.<br>Secteur Bien-\u00eatre, Travail et Inclusion sociale\u202f: directives et documents associ\u00e9s au Mod\u00e8le d\u2019Intervention IMAS Impulsa et \u00e0 l\u2019utilisation du SIREC.<\/p>\n","protected":false},"excerpt":{"rendered":"<p>Le Gouvernement du Costa Rica a lanc\u00e9 la nouvelle politique publique COSTA RICA IMPULSA, qui vise \u00e0 lutter contre la pauvret\u00e9 gr\u00e2ce \u00e0 un travail coordonn\u00e9 entre institutions pour favoriser la mobilit\u00e9 sociale des personnes en situation de pauvret\u00e9. Qu\u2019est-ce que COSTA RICA IMPULSA\u202f? COSTA RICA IMPULSA est une politique publique d\u00e9clar\u00e9e d\u2019int\u00e9r\u00eat public par [&hellip;]<\/p>\n","protected":false},"author":16,"featured_media":11516,"comment_status":"open","ping_status":"open","sticky":false,"template":"","format":"standard","meta":{"footnotes":""},"categories":[86],"tags":[],"class_list":["post-11517","post","type-post","status-publish","format-standard","has-post-thumbnail","hentry","category-actualites"],"_links":{"self":[{"href":"https:\/\/peopleofcostarica.com\/fr\/wp-json\/wp\/v2\/posts\/11517","targetHints":{"allow":["GET"]}}],"collection":[{"href":"https:\/\/peopleofcostarica.com\/fr\/wp-json\/wp\/v2\/posts"}],"about":[{"href":"https:\/\/peopleofcostarica.com\/fr\/wp-json\/wp\/v2\/types\/post"}],"author":[{"embeddable":true,"href":"https:\/\/peopleofcostarica.com\/fr\/wp-json\/wp\/v2\/users\/16"}],"replies":[{"embeddable":true,"href":"https:\/\/peopleofcostarica.com\/fr\/wp-json\/wp\/v2\/comments?post=11517"}],"version-history":[{"count":1,"href":"https:\/\/peopleofcostarica.com\/fr\/wp-json\/wp\/v2\/posts\/11517\/revisions"}],"predecessor-version":[{"id":11518,"href":"https:\/\/peopleofcostarica.com\/fr\/wp-json\/wp\/v2\/posts\/11517\/revisions\/11518"}],"wp:featuredmedia":[{"embeddable":true,"href":"https:\/\/peopleofcostarica.com\/fr\/wp-json\/wp\/v2\/media\/11516"}],"wp:attachment":[{"href":"https:\/\/peopleofcostarica.com\/fr\/wp-json\/wp\/v2\/media?parent=11517"}],"wp:term":[{"taxonomy":"category","embeddable":true,"href":"https:\/\/peopleofcostarica.com\/fr\/wp-json\/wp\/v2\/categories?post=11517"},{"taxonomy":"post_tag","embeddable":true,"href":"https:\/\/peopleofcostarica.com\/fr\/wp-json\/wp\/v2\/tags?post=11517"}],"curies":[{"name":"wp","href":"https:\/\/api.w.org\/{rel}","templated":true}]}}