{"id":11490,"date":"2026-03-26T12:09:58","date_gmt":"2026-03-26T18:09:58","guid":{"rendered":"https:\/\/peopleofcostarica.com\/?p=11490"},"modified":"2026-03-26T12:12:26","modified_gmt":"2026-03-26T18:12:26","slug":"mise-en-place-dune-circulation-en-voie-reversible-sur-la-route-27-le-dimanche-5-avril-2026","status":"publish","type":"post","link":"https:\/\/peopleofcostarica.com\/fr\/mise-en-place-dune-circulation-en-voie-reversible-sur-la-route-27-le-dimanche-5-avril-2026\/","title":{"rendered":"Mise en place d\u2019une circulation en voie r\u00e9versible sur la route 27 le dimanche 5 avril 2026"},"content":{"rendered":"\n<h3 class=\"wp-block-heading\">Horaires et tron\u00e7on concern\u00e9s<\/h3>\n\n\n\n<p>Le dispositif de voie r\u00e9versible sera appliqu\u00e9 de 14h00 \u00e0 18h00 ce dimanche, en utilisant toutes les voies disponibles uniquement en direction de San Jos\u00e9.<br>Le tron\u00e7on concern\u00e9 s\u2019\u00e9tendra entre Poz\u00f3n, \u00e0 Orotina, et le p\u00e9age du carrefour de Ciudad Col\u00f3n, sur une distance d\u2019environ 47 kilom\u00e8tres.<br>Afin de permettre cette op\u00e9ration, la circulation vers le Pacifique (en direction de Caldera) sera suspendue de 13h00 \u00e0 19h00, afin d\u2019\u00e9viter les face-\u00e0-face et de r\u00e9duire le risque d\u2019accidents.<\/p>\n\n\n\n<h3 class=\"wp-block-heading\">Objectif de la mesure<\/h3>\n\n\n\n<p>Le minist\u00e8re des Travaux publics et des Transports (MOPT) et le Conseil national des concessions ont indiqu\u00e9 que ce dispositif vise \u00e0 fluidifier le retour massif des personnes voyageant depuis Puntarenas et Guanacaste vers la Vall\u00e9e Centrale.<br>Cette date correspond au dimanche de P\u00e2ques, \u00e0 la veille de la reprise des cours et du travail pour une grande partie de la population, p\u00e9riode o\u00f9 l\u2019on enregistre l\u2019un des plus importants flux de circulation de l\u2019ann\u00e9e sur cette route.<br>La mesure s\u2019inscrit dans les op\u00e9rations sp\u00e9ciales de circulation mises en place lors des longs week-ends et des p\u00e9riodes de vacances sur la route 27.<\/p>\n\n\n\n<h3 class=\"wp-block-heading\">Recommandations aux conducteurs<\/h3>\n\n\n\n<p>Les autorit\u00e9s recommandent aux usagers devant se rendre vers Caldera ou le Pacifique de planifier leurs d\u00e9placements en dehors des horaires de la voie r\u00e9versible ou d\u2019emprunter des itin\u00e9raires alternatifs comme la route 3 (Atenas\u2013Aguacate\u2013Orotina), la route 1 par Cambronero ou la route 239 via Ciudad Col\u00f3n\u2013Puriscal\u2013Turrubares.<br>Sur le tron\u00e7on concern\u00e9, la vitesse maximale sera de 60 km\/h, et la police de la circulation sera pr\u00e9sente pour r\u00e9guler le flux et veiller au respect de la signalisation temporaire.<br>Il est recommand\u00e9 de maintenir une distance de s\u00e9curit\u00e9, d\u2019\u00e9viter les changements brusques de voie et de rester attentif aux indications des panneaux et des agents.<\/p>\n\n\n\n<h3 class=\"wp-block-heading\">Sources officielles<\/h3>\n\n\n\n<p>Minist\u00e8re des Travaux publics et des Transports (MOPT) et Conseil national des concessions : communiqu\u00e9 officiel \u00ab La route 27 sera en voie r\u00e9versible le dimanche de P\u00e2ques \u00bb.<br>Informations de la soci\u00e9t\u00e9 concessionnaire Globalv\u00eda \u2013 Route 27 sur les op\u00e9rations de r\u00e9versibilit\u00e9 et les recommandations aux usagers.<\/p>\n","protected":false},"excerpt":{"rendered":"<p>Horaires et tron\u00e7on concern\u00e9s Le dispositif de voie r\u00e9versible sera appliqu\u00e9 de 14h00 \u00e0 18h00 ce dimanche, en utilisant toutes les voies disponibles uniquement en direction de San Jos\u00e9.Le tron\u00e7on concern\u00e9 s\u2019\u00e9tendra entre Poz\u00f3n, \u00e0 Orotina, et le p\u00e9age du carrefour de Ciudad Col\u00f3n, sur une distance d\u2019environ 47 kilom\u00e8tres.Afin de permettre cette op\u00e9ration, la [&hellip;]<\/p>\n","protected":false},"author":16,"featured_media":11489,"comment_status":"open","ping_status":"open","sticky":false,"template":"","format":"standard","meta":{"footnotes":""},"categories":[86,98],"tags":[],"class_list":["post-11490","post","type-post","status-publish","format-standard","has-post-thumbnail","hentry","category-actualites","category-nouvelles-nationales"],"_links":{"self":[{"href":"https:\/\/peopleofcostarica.com\/fr\/wp-json\/wp\/v2\/posts\/11490","targetHints":{"allow":["GET"]}}],"collection":[{"href":"https:\/\/peopleofcostarica.com\/fr\/wp-json\/wp\/v2\/posts"}],"about":[{"href":"https:\/\/peopleofcostarica.com\/fr\/wp-json\/wp\/v2\/types\/post"}],"author":[{"embeddable":true,"href":"https:\/\/peopleofcostarica.com\/fr\/wp-json\/wp\/v2\/users\/16"}],"replies":[{"embeddable":true,"href":"https:\/\/peopleofcostarica.com\/fr\/wp-json\/wp\/v2\/comments?post=11490"}],"version-history":[{"count":1,"href":"https:\/\/peopleofcostarica.com\/fr\/wp-json\/wp\/v2\/posts\/11490\/revisions"}],"predecessor-version":[{"id":11491,"href":"https:\/\/peopleofcostarica.com\/fr\/wp-json\/wp\/v2\/posts\/11490\/revisions\/11491"}],"wp:featuredmedia":[{"embeddable":true,"href":"https:\/\/peopleofcostarica.com\/fr\/wp-json\/wp\/v2\/media\/11489"}],"wp:attachment":[{"href":"https:\/\/peopleofcostarica.com\/fr\/wp-json\/wp\/v2\/media?parent=11490"}],"wp:term":[{"taxonomy":"category","embeddable":true,"href":"https:\/\/peopleofcostarica.com\/fr\/wp-json\/wp\/v2\/categories?post=11490"},{"taxonomy":"post_tag","embeddable":true,"href":"https:\/\/peopleofcostarica.com\/fr\/wp-json\/wp\/v2\/tags?post=11490"}],"curies":[{"name":"wp","href":"https:\/\/api.w.org\/{rel}","templated":true}]}}