{"id":11480,"date":"2026-03-26T11:37:26","date_gmt":"2026-03-26T17:37:26","guid":{"rendered":"https:\/\/peopleofcostarica.com\/?p=11480"},"modified":"2026-03-26T11:39:06","modified_gmt":"2026-03-26T17:39:06","slug":"suspension-des-peages-sur-la-route-32-et-la-route-florencio-del-castillo-pendant-la-semaine-sainte","status":"publish","type":"post","link":"https:\/\/peopleofcostarica.com\/fr\/suspension-des-peages-sur-la-route-32-et-la-route-florencio-del-castillo-pendant-la-semaine-sainte\/","title":{"rendered":"Suspension des p\u00e9ages sur la route 32 et la route Florencio del Castillo pendant la Semaine sainte"},"content":{"rendered":"\n<p>La perception des p\u00e9ages sur la route 32 (Braulio Carrillo) et sur la route Florencio del Castillo sera suspendue entre midi du Jeudi saint et 6h00 du Samedi saint pendant la Semaine sainte 2026, afin de fluidifier la circulation des vacanciers.<\/p>\n\n\n\n<h3 class=\"wp-block-heading\">Jours et horaires sans p\u00e9age<\/h3>\n\n\n\n<p>Le Conseil national des routes (CONAVI) a indiqu\u00e9 que la mesure sera en vigueur de 12h00 le jeudi 2 avril jusqu\u2019\u00e0 6h00 le samedi 4 avril.<br>Pendant cette p\u00e9riode, aucun p\u00e9age ne sera per\u00e7u au poste de Zurqu\u00ed sur la route 32 en direction de Lim\u00f3n, ni au p\u00e9age de la route 2 sur la Florencio del Castillo, qui relie la Vall\u00e9e Centrale \u00e0 Cartago.<br>Le reste de l\u2019ann\u00e9e, les p\u00e9ages continueront d\u2019\u00eatre per\u00e7us normalement, sauf en cas de dispositions sp\u00e9ciales annonc\u00e9es officiellement.<\/p>\n\n\n\n<h3 class=\"wp-block-heading\">Objectif de la suspension<\/h3>\n\n\n\n<p>Cette mesure vise \u00e0 faciliter la circulation durant l\u2019un des week-ends les plus fr\u00e9quent\u00e9s de l\u2019ann\u00e9e, en r\u00e9duisant les files d\u2019attente et les temps d\u2019arr\u00eat aux postes de p\u00e9age.<br>En supprimant l\u2019obligation de s\u2019arr\u00eater pour payer, les autorit\u00e9s cherchent \u00e0 rendre plus fluide l\u2019acc\u00e8s et la sortie de la Vall\u00e9e Centrale vers la r\u00e9gion cara\u00efbe et Cartago.<br>Les autorit\u00e9s soulignent qu\u2019il s\u2019agit d\u2019une mesure ponctuelle pour la Semaine sainte, destin\u00e9e \u00e0 am\u00e9liorer l\u2019exp\u00e9rience de voyage de milliers de conducteurs.<\/p>\n\n\n\n<h3 class=\"wp-block-heading\">Appel \u00e0 la prudence au volant<\/h3>\n\n\n\n<p>M\u00eame en l\u2019absence de p\u00e9age, le minist\u00e8re des Travaux publics et des Transports (MOPT) et le CONAVI demandent aux conducteurs de r\u00e9duire leur vitesse en traversant les postes de p\u00e9age, en raison de la pr\u00e9sence d\u2019infrastructures et de personnel.<br>Ils rappellent que l\u2019exc\u00e8s de vitesse dans ces zones augmente le risque de collision avec les cabines et autres \u00e9l\u00e9ments.<br>Les autorit\u00e9s insistent \u00e9galement sur la n\u00e9cessit\u00e9 de planifier les d\u00e9placements, d\u2019\u00e9viter de conduire sous l\u2019effet de l\u2019alcool et de respecter la signalisation en tout temps.<\/p>\n\n\n\n<h3 class=\"wp-block-heading\">Sources officielles<\/h3>\n\n\n\n<p>Conseil national des routes (CONAVI) et MOPT : communiqu\u00e9 officiel \u00ab Les p\u00e9ages g\u00e9r\u00e9s par le CONAVI ne seront pas factur\u00e9s entre midi du Jeudi saint et 6h du Samedi saint \u00bb.<br>Articles de presse nationaux relayant l\u2019annonce officielle et d\u00e9taillant les routes et horaires concern\u00e9s.<\/p>\n","protected":false},"excerpt":{"rendered":"<p>La perception des p\u00e9ages sur la route 32 (Braulio Carrillo) et sur la route Florencio del Castillo sera suspendue entre midi du Jeudi saint et 6h00 du Samedi saint pendant la Semaine sainte 2026, afin de fluidifier la circulation des vacanciers. Jours et horaires sans p\u00e9age Le Conseil national des routes (CONAVI) a indiqu\u00e9 que [&hellip;]<\/p>\n","protected":false},"author":16,"featured_media":11479,"comment_status":"open","ping_status":"open","sticky":false,"template":"","format":"standard","meta":{"footnotes":""},"categories":[86,98],"tags":[],"class_list":["post-11480","post","type-post","status-publish","format-standard","has-post-thumbnail","hentry","category-actualites","category-nouvelles-nationales"],"_links":{"self":[{"href":"https:\/\/peopleofcostarica.com\/fr\/wp-json\/wp\/v2\/posts\/11480","targetHints":{"allow":["GET"]}}],"collection":[{"href":"https:\/\/peopleofcostarica.com\/fr\/wp-json\/wp\/v2\/posts"}],"about":[{"href":"https:\/\/peopleofcostarica.com\/fr\/wp-json\/wp\/v2\/types\/post"}],"author":[{"embeddable":true,"href":"https:\/\/peopleofcostarica.com\/fr\/wp-json\/wp\/v2\/users\/16"}],"replies":[{"embeddable":true,"href":"https:\/\/peopleofcostarica.com\/fr\/wp-json\/wp\/v2\/comments?post=11480"}],"version-history":[{"count":1,"href":"https:\/\/peopleofcostarica.com\/fr\/wp-json\/wp\/v2\/posts\/11480\/revisions"}],"predecessor-version":[{"id":11481,"href":"https:\/\/peopleofcostarica.com\/fr\/wp-json\/wp\/v2\/posts\/11480\/revisions\/11481"}],"wp:featuredmedia":[{"embeddable":true,"href":"https:\/\/peopleofcostarica.com\/fr\/wp-json\/wp\/v2\/media\/11479"}],"wp:attachment":[{"href":"https:\/\/peopleofcostarica.com\/fr\/wp-json\/wp\/v2\/media?parent=11480"}],"wp:term":[{"taxonomy":"category","embeddable":true,"href":"https:\/\/peopleofcostarica.com\/fr\/wp-json\/wp\/v2\/categories?post=11480"},{"taxonomy":"post_tag","embeddable":true,"href":"https:\/\/peopleofcostarica.com\/fr\/wp-json\/wp\/v2\/tags?post=11480"}],"curies":[{"name":"wp","href":"https:\/\/api.w.org\/{rel}","templated":true}]}}