{"id":11356,"date":"2026-03-24T15:05:01","date_gmt":"2026-03-24T21:05:01","guid":{"rendered":"https:\/\/peopleofcostarica.com\/?p=11356"},"modified":"2026-03-24T15:06:37","modified_gmt":"2026-03-24T21:06:37","slug":"les-travaux-routiers-suspendus-temporairement-pendant-la-semaine-sainte-2026","status":"publish","type":"post","link":"https:\/\/peopleofcostarica.com\/fr\/les-travaux-routiers-suspendus-temporairement-pendant-la-semaine-sainte-2026\/","title":{"rendered":"Les travaux routiers suspendus temporairement pendant la Semaine Sainte 2026"},"content":{"rendered":"\n<h2 class=\"wp-block-heading\"><strong>Pause des chantiers pendant la Semaine Sainte<\/strong><\/h2>\n\n\n\n<p>La mesure entrera en vigueur \u00e0 partir du vendredi 27 mars \u2014 dernier jour ouvrable sur les chantiers \u2014 et se prolongera jusqu&rsquo;au lundi 6 avril 2026, date \u00e0 laquelle les travaux reprendront. L&rsquo;objectif est d&rsquo;assurer une meilleure fluidit\u00e9 du trafic lors des d\u00e9placements vers les plages et les destinations touristiques, en r\u00e9duisant les embouteillages li\u00e9s aux passages r\u00e9glement\u00e9s et aux fermetures partielles de routes. Durant cette p\u00e9riode, les engins de chantier et le personnel ne seront pas en activit\u00e9 sur les tron\u00e7ons concern\u00e9s, bien que la signalisation install\u00e9e reste en place.<\/p>\n\n\n\n<h2 class=\"wp-block-heading\"><strong>Itin\u00e9raires et projets o\u00f9 les travaux seront suspendus<\/strong><\/h2>\n\n\n\n<p>Parmi les chantiers qui seront interrompus figurent les projets \u00e0 Hatillos 6 et 8, les interventions sur la rivi\u00e8re Mar\u00eda Aguilar le long de la Circunvalaci\u00f3n, les travaux \u00e0 Caletas et T\u00e1rcoles sur la Route Nationale 34, ainsi que le projet Barranca\u2013Limonal sur la Route 1. Les travaux aux \u00e9changeurs de Grecia et San Ram\u00f3n seront \u00e9galement mis en pause, de m\u00eame que les interventions dans la zone montagneuse de la Route 32 entre San Jos\u00e9 et Lim\u00f3n. Sur tous ces points, l&rsquo;objectif est d&rsquo;\u00e9liminer pendant la Semaine Sainte les itin\u00e9raires alternatifs et les r\u00e9gulations de circulation qui g\u00e9n\u00e8rent des goulots d&rsquo;\u00e9tranglement.<\/p>\n\n\n\n<h2 class=\"wp-block-heading\"><strong>S\u00e9curit\u00e9 et recommandations aux conducteurs<\/strong><\/h2>\n\n\n\n<p>Bien que les travaux soient \u00e0 l&rsquo;arr\u00eat, le MOPT insiste sur le fait que les conducteurs doivent respecter la signalisation, les limitations de vitesse et les dispositifs de s\u00e9curit\u00e9 qui resteront en place sur chaque chantier. La Police de la Circulation intensifiera ses contr\u00f4les routiers et recommande de planifier les trajets \u00e0 l&rsquo;avance, de v\u00e9rifier l&rsquo;\u00e9tat du v\u00e9hicule et d&rsquo;\u00e9viter les man\u0153uvres risqu\u00e9es ou la conduite sous l&rsquo;influence de l&rsquo;alcool. Les autorit\u00e9s rappellent que le flux de circulation augmentera particuli\u00e8rement en direction du Guanacaste, du Pacifique Central et de la Zone Nord, et conseillent donc de partir t\u00f4t et de se tenir inform\u00e9 des conditions de circulation.<\/p>\n\n\n\n<h2 class=\"wp-block-heading\"><strong>Sources officielles<\/strong><\/h2>\n\n\n\n<ul class=\"wp-block-list\">\n<li>Communiqu\u00e9s du MOPT et du CONAVI sur la suspension des travaux routiers pendant la Semaine Sainte 2026 et la liste des projets concern\u00e9s.<\/li>\n\n\n\n<li>Annonces des m\u00e9dias nationaux et r\u00e9gionaux relayant la mesure et d\u00e9taillant les points d&rsquo;intervention sp\u00e9cifiques, notamment Trivisi\u00f3n et Peri\u00f3dico Mensaje.<\/li>\n<\/ul>\n","protected":false},"excerpt":{"rendered":"<p>Pause des chantiers pendant la Semaine Sainte La mesure entrera en vigueur \u00e0 partir du vendredi 27 mars \u2014 dernier jour ouvrable sur les chantiers \u2014 et se prolongera jusqu&rsquo;au lundi 6 avril 2026, date \u00e0 laquelle les travaux reprendront. L&rsquo;objectif est d&rsquo;assurer une meilleure fluidit\u00e9 du trafic lors des d\u00e9placements vers les plages et [&hellip;]<\/p>\n","protected":false},"author":16,"featured_media":11355,"comment_status":"open","ping_status":"open","sticky":false,"template":"","format":"standard","meta":{"footnotes":""},"categories":[86],"tags":[],"class_list":["post-11356","post","type-post","status-publish","format-standard","has-post-thumbnail","hentry","category-actualites"],"_links":{"self":[{"href":"https:\/\/peopleofcostarica.com\/fr\/wp-json\/wp\/v2\/posts\/11356","targetHints":{"allow":["GET"]}}],"collection":[{"href":"https:\/\/peopleofcostarica.com\/fr\/wp-json\/wp\/v2\/posts"}],"about":[{"href":"https:\/\/peopleofcostarica.com\/fr\/wp-json\/wp\/v2\/types\/post"}],"author":[{"embeddable":true,"href":"https:\/\/peopleofcostarica.com\/fr\/wp-json\/wp\/v2\/users\/16"}],"replies":[{"embeddable":true,"href":"https:\/\/peopleofcostarica.com\/fr\/wp-json\/wp\/v2\/comments?post=11356"}],"version-history":[{"count":1,"href":"https:\/\/peopleofcostarica.com\/fr\/wp-json\/wp\/v2\/posts\/11356\/revisions"}],"predecessor-version":[{"id":11357,"href":"https:\/\/peopleofcostarica.com\/fr\/wp-json\/wp\/v2\/posts\/11356\/revisions\/11357"}],"wp:featuredmedia":[{"embeddable":true,"href":"https:\/\/peopleofcostarica.com\/fr\/wp-json\/wp\/v2\/media\/11355"}],"wp:attachment":[{"href":"https:\/\/peopleofcostarica.com\/fr\/wp-json\/wp\/v2\/media?parent=11356"}],"wp:term":[{"taxonomy":"category","embeddable":true,"href":"https:\/\/peopleofcostarica.com\/fr\/wp-json\/wp\/v2\/categories?post=11356"},{"taxonomy":"post_tag","embeddable":true,"href":"https:\/\/peopleofcostarica.com\/fr\/wp-json\/wp\/v2\/tags?post=11356"}],"curies":[{"name":"wp","href":"https:\/\/api.w.org\/{rel}","templated":true}]}}