{"id":11272,"date":"2026-03-23T16:40:14","date_gmt":"2026-03-23T22:40:14","guid":{"rendered":"https:\/\/peopleofcostarica.com\/?p=11272"},"modified":"2026-03-23T16:42:04","modified_gmt":"2026-03-23T22:42:04","slug":"le-costa-rica-se-qualifie-pour-le-tour-de-pre-qualification-fiba-americup-2029","status":"publish","type":"post","link":"https:\/\/peopleofcostarica.com\/fr\/le-costa-rica-se-qualifie-pour-le-tour-de-pre-qualification-fiba-americup-2029\/","title":{"rendered":"Le Costa Rica se qualifie pour le Tour de pr\u00e9-qualification FIBA Am\u00e9riCup 2029"},"content":{"rendered":"\n<p>La s\u00e9lection masculine senior du Costa Rica a assur\u00e9 sa place dans le Tour de pr\u00e9-qualification FIBA Am\u00e9riCup 2029 apr\u00e8s avoir battu El Salvador 85-77 au Gymnase national Jos\u00e9 Adolfo Pineda, un r\u00e9sultat qui lui a valu le seul billet centram\u00e9ricain disponible pour cette phase sur la route du tournoi continental. Cet accomplissement consolide la belle dynamique du basketball costaricien au niveau des s\u00e9lections nationales et s&rsquo;ajoute au travail de pr\u00e9paration que la F\u00e9d\u00e9ration costaricienne de basketball (FECOBA) menait en vue de ce processus \u00e9liminatoire.<\/p>\n\n\n\n<h2 class=\"wp-block-heading\"><strong>Une victoire cl\u00e9 face \u00e0 El Salvador<\/strong><\/h2>\n\n\n\n<p>Lors du match d\u00e9cisif du Tour de pr\u00e9-qualification centram\u00e9ricain, le Costa Rica a impos\u00e9 son rythme d\u00e8s le premier quart-temps, prenant une avance initiale de 22-15 gr\u00e2ce \u00e0 une d\u00e9fense efficace et une grande efficacit\u00e9 offensive. Malgr\u00e9 la r\u00e9action salvadorienne en seconde p\u00e9riode, l&rsquo;\u00e9quipe dirig\u00e9e par l&rsquo;entra\u00eeneur Nicol\u00e1s Mar\u00edn a su g\u00e9rer l&rsquo;\u00e9cart et a conclu la rencontre sur le score de 85-77, confirmant ainsi sa qualification pour le Tour de pr\u00e9-qualification FIBA Am\u00e9riCup 2029.<\/p>\n\n\n\n<h2 class=\"wp-block-heading\"><strong>Joueurs en vue de la s\u00e9lection costaricienne<\/strong><\/h2>\n\n\n\n<p>Parmi les meilleures performances individuelles du groupe costaricien, Daniel Shedden avec 20 points et Manrique Alvarado avec 18 unit\u00e9s ont \u00e9t\u00e9 d\u00e9terminants pour maintenir l&rsquo;avance dans les moments cl\u00e9s du match. Du c\u00f4t\u00e9 salvadorien, Marquise Mosley a termin\u00e9 meilleur marqueur de la rencontre avec 33 points, mais ses performances n&rsquo;ont pas suffi \u00e0 combler l&rsquo;\u00e9cart accumul\u00e9 par le Costa Rica lors des premi\u00e8res p\u00e9riodes.<\/p>\n\n\n\n<h2 class=\"wp-block-heading\"><strong>La vision du staff technique et le chemin vers 2029<\/strong><\/h2>\n\n\n\n<p>L&rsquo;entra\u00eeneur Nicol\u00e1s Mar\u00edn a soulign\u00e9 apr\u00e8s le match la difficult\u00e9 du duel et l&rsquo;intensit\u00e9 de l&rsquo;adversaire, mettant en avant la progression du basketball au Salvador et la comp\u00e9titivit\u00e9 de ses jeunes joueurs. La FECOBA a rappel\u00e9 que cette qualification s&rsquo;inscrit dans un processus planifi\u00e9 comprenant des convocations officielles, des stages de travail et des matchs pr\u00e9paratoires, avec pour objectif que la s\u00e9lection arrive dans les meilleures conditions possible lors des prochaines fen\u00eatres sur la route vers l&rsquo;Am\u00e9riCup 2029.<\/p>\n\n\n\n<h2 class=\"wp-block-heading\"><strong>Impact pour le basketball costaricien<\/strong><\/h2>\n\n\n\n<p>La progression du Costa Rica vers le Tour de pr\u00e9-qualification FIBA Am\u00e9riCup 2029 repr\u00e9sente une opportunit\u00e9 de donner une plus grande visibilit\u00e9 internationale au basketball national et d&rsquo;ouvrir des portes aux nouvelles g\u00e9n\u00e9rations de joueurs au niveau de l&rsquo;\u00e9lite r\u00e9gionale. Elle renforce \u00e9galement le positionnement du pays au sein de la structure de la FIBA Am\u00e9riques, soutenant les efforts de d\u00e9veloppement que la FECOBA impulse aussi bien dans les ligues nationales que dans les programmes de formation des jeunes.<\/p>\n\n\n\n<h2 class=\"wp-block-heading\"><strong>Sources officielles<\/strong><\/h2>\n\n\n\n<ul class=\"wp-block-list\">\n<li>F\u00e9d\u00e9ration costaricienne de basketball (FECOBA) : site web officiel et communiqu\u00e9 \u00ab Le Costa Rica avance vers la prochaine phase du tour de pr\u00e9-qualification vers l&rsquo;Am\u00e9riCup 2029 \u00bb, publi\u00e9 le 22 mars 2026.<\/li>\n\n\n\n<li>Informations sur le match Costa Rica contre El Salvador et sur le Tour de pr\u00e9-qualification centram\u00e9ricain vers la FIBA Am\u00e9riCup 2029, diffus\u00e9es par les principaux m\u00e9dias r\u00e9gionaux de r\u00e9f\u00e9rence.<\/li>\n<\/ul>\n","protected":false},"excerpt":{"rendered":"<p>La s\u00e9lection masculine senior du Costa Rica a assur\u00e9 sa place dans le Tour de pr\u00e9-qualification FIBA Am\u00e9riCup 2029 apr\u00e8s avoir battu El Salvador 85-77 au Gymnase national Jos\u00e9 Adolfo Pineda, un r\u00e9sultat qui lui a valu le seul billet centram\u00e9ricain disponible pour cette phase sur la route du tournoi continental. Cet accomplissement consolide la [&hellip;]<\/p>\n","protected":false},"author":16,"featured_media":11271,"comment_status":"open","ping_status":"open","sticky":false,"template":"","format":"standard","meta":{"footnotes":""},"categories":[86,100],"tags":[],"class_list":["post-11272","post","type-post","status-publish","format-standard","has-post-thumbnail","hentry","category-actualites","category-sportif"],"_links":{"self":[{"href":"https:\/\/peopleofcostarica.com\/fr\/wp-json\/wp\/v2\/posts\/11272","targetHints":{"allow":["GET"]}}],"collection":[{"href":"https:\/\/peopleofcostarica.com\/fr\/wp-json\/wp\/v2\/posts"}],"about":[{"href":"https:\/\/peopleofcostarica.com\/fr\/wp-json\/wp\/v2\/types\/post"}],"author":[{"embeddable":true,"href":"https:\/\/peopleofcostarica.com\/fr\/wp-json\/wp\/v2\/users\/16"}],"replies":[{"embeddable":true,"href":"https:\/\/peopleofcostarica.com\/fr\/wp-json\/wp\/v2\/comments?post=11272"}],"version-history":[{"count":1,"href":"https:\/\/peopleofcostarica.com\/fr\/wp-json\/wp\/v2\/posts\/11272\/revisions"}],"predecessor-version":[{"id":11273,"href":"https:\/\/peopleofcostarica.com\/fr\/wp-json\/wp\/v2\/posts\/11272\/revisions\/11273"}],"wp:featuredmedia":[{"embeddable":true,"href":"https:\/\/peopleofcostarica.com\/fr\/wp-json\/wp\/v2\/media\/11271"}],"wp:attachment":[{"href":"https:\/\/peopleofcostarica.com\/fr\/wp-json\/wp\/v2\/media?parent=11272"}],"wp:term":[{"taxonomy":"category","embeddable":true,"href":"https:\/\/peopleofcostarica.com\/fr\/wp-json\/wp\/v2\/categories?post=11272"},{"taxonomy":"post_tag","embeddable":true,"href":"https:\/\/peopleofcostarica.com\/fr\/wp-json\/wp\/v2\/tags?post=11272"}],"curies":[{"name":"wp","href":"https:\/\/api.w.org\/{rel}","templated":true}]}}