{"id":11254,"date":"2026-03-23T16:25:06","date_gmt":"2026-03-23T22:25:06","guid":{"rendered":"https:\/\/peopleofcostarica.com\/?p=11254"},"modified":"2026-03-23T16:30:16","modified_gmt":"2026-03-23T22:30:16","slug":"le-costa-rica-a-ete-designe-destination-mondiale-equestre-2026-par-lorganisation-mondiale-du-tourisme-equestre","status":"publish","type":"post","link":"https:\/\/peopleofcostarica.com\/fr\/le-costa-rica-a-ete-designe-destination-mondiale-equestre-2026-par-lorganisation-mondiale-du-tourisme-equestre\/","title":{"rendered":"Le Costa Rica a \u00e9t\u00e9 d\u00e9sign\u00e9 \u00ab Destination Mondiale \u00c9questre 2026 \u00bb par l&rsquo;Organisation Mondiale du Tourisme \u00c9questre"},"content":{"rendered":"\n<h2 class=\"wp-block-heading\"><strong>Une distinction pour le Costa Rica<\/strong><\/h2>\n\n\n\n<p>L&rsquo;OMTE (Organisation Mondiale du Tourisme \u00c9questre), dont le si\u00e8ge est en Espagne et qui est active depuis 1993, a choisi le Costa Rica comme destination \u00e9questre de l&rsquo;ann\u00e9e 2026, reconnaissant l&rsquo;importance du cheval dans l&rsquo;histoire, la culture, le paysage et l&rsquo;\u00e9conomie nationale. Chaque ann\u00e9e, cet organisme s\u00e9lectionne une destination diff\u00e9rente dans le monde, et cette fois il cherche \u00e0 positionner le Costa Rica comme un pays attractif pour les amateurs de chevaux et de tourisme \u00e9questre durable. L&rsquo;annonce officielle a \u00e9t\u00e9 faite le 16 mars \u00e0 l&rsquo;Hacienda Barvak, \u00e0 Barva de Heredia, en pr\u00e9sence d&rsquo;autorit\u00e9s locales, de repr\u00e9sentants de l&rsquo;OMTE et de la Banque interam\u00e9ricaine de d\u00e9veloppement (BID).<\/p>\n\n\n\n<h2 class=\"wp-block-heading\"><strong>L&rsquo;Hacienda Barvak certifi\u00e9e<\/strong><\/h2>\n\n\n\n<p>L&rsquo;Hacienda Barvak est devenue le premier centre \u00e9questre du Costa Rica certifi\u00e9 par l&rsquo;OMTE, reconnu comme un espace r\u00e9pondant \u00e0 des normes \u00e9lev\u00e9es en mati\u00e8re d&rsquo;activit\u00e9s \u00e9questres et de bien-\u00eatre animal. Le domaine propose des cours d&rsquo;\u00e9quitation, la location de boxes, des man\u00e8ges en sable silicique, une piste de saut d&rsquo;obstacles, une aire d&rsquo;\u00e9chauffement et l&rsquo;entra\u00eenement de chevaux, selon des crit\u00e8res de qualit\u00e9, de s\u00e9curit\u00e9 et d&rsquo;\u00e9thique. Il organise \u00e9galement chaque ann\u00e9e la Copa Barvak, un circuit de comp\u00e9titions de saut d&rsquo;obstacles et de dressage homologu\u00e9 par la F\u00e9d\u00e9ration \u00e9questre du Costa Rica, qui r\u00e9unit enfants, jeunes et adultes.<\/p>\n\n\n\n<h2 class=\"wp-block-heading\"><strong>Tourisme \u00e9questre et d\u00e9veloppement rural<\/strong><\/h2>\n\n\n\n<p>L&rsquo;OMTE estime que plus de trois millions de personnes par an recherchent des itin\u00e9raires \u00e9questres certifi\u00e9s, avec des guides et des haciendas homologu\u00e9es garantissant des exp\u00e9riences s\u00fbres et responsables. Avec la d\u00e9signation du Costa Rica comme Destination Mondiale \u00c9questre 2026, une fen\u00eatre s&rsquo;ouvre pour professionnaliser le tourisme \u00e9questre local et attirer ce march\u00e9 sp\u00e9cialis\u00e9 vers les zones rurales. La BID accompagne l&rsquo;initiative avec un financement et une assistance technique pour d\u00e9velopper des protocoles et de bonnes pratiques susceptibles de maximiser l&rsquo;impact positif dans les communaut\u00e9s \u00e9loign\u00e9es des capitales.<\/p>\n\n\n\n<h2 class=\"wp-block-heading\"><strong>Voix et perspectives<\/strong><\/h2>\n\n\n\n<p>Le coordinateur g\u00e9n\u00e9ral de l&rsquo;OMTE pour l&rsquo;Am\u00e9rique latine, Leonardo Silbert, a soulign\u00e9 que la d\u00e9claration permettra de rassembler des accords et des volont\u00e9s pour \u00e9lever la qualit\u00e9 du tourisme \u00e9questre dans le pays. Le fondateur de l&rsquo;Hacienda Barvak, Eladio Bola\u00f1os, a exprim\u00e9 sa fiert\u00e9 d&rsquo;\u00eatre le premier domaine homologu\u00e9 par l&rsquo;OMTE et a re\u00e7u la m\u00e9daille de \u00ab Grand Cavalier \u00bb en reconnaissance de sa contribution au d\u00e9veloppement du sport \u00e9questre. Les autorit\u00e9s locales, comme la Municipalit\u00e9 de Barva, ont soulign\u00e9 que ce type de projet stimule le tourisme, relance l&rsquo;\u00e9conomie et g\u00e9n\u00e8re de nouvelles opportunit\u00e9s dans la r\u00e9gion.<\/p>\n\n\n\n<h2 class=\"wp-block-heading\"><strong>Sources officielles<\/strong><\/h2>\n\n\n\n<ul class=\"wp-block-list\">\n<li>Organisation Mondiale du Tourisme \u00c9questre (OMTE) : communiqu\u00e9s et documents d&rsquo;information sur la d\u00e9signation du Costa Rica comme Destination Mondiale \u00c9questre 2026.<\/li>\n\n\n\n<li>Hacienda Barvak : informations institutionnelles et communications sur ses canaux officiels concernant la certification OMTE et la Copa Barvak.<\/li>\n\n\n\n<li>Banque interam\u00e9ricaine de d\u00e9veloppement (BID) : d\u00e9clarations sur le soutien au tourisme \u00e9questre durable et son impact sur le d\u00e9veloppement rural.<\/li>\n<\/ul>\n","protected":false},"excerpt":{"rendered":"<p>Une distinction pour le Costa Rica L&rsquo;OMTE (Organisation Mondiale du Tourisme \u00c9questre), dont le si\u00e8ge est en Espagne et qui est active depuis 1993, a choisi le Costa Rica comme destination \u00e9questre de l&rsquo;ann\u00e9e 2026, reconnaissant l&rsquo;importance du cheval dans l&rsquo;histoire, la culture, le paysage et l&rsquo;\u00e9conomie nationale. Chaque ann\u00e9e, cet organisme s\u00e9lectionne une destination [&hellip;]<\/p>\n","protected":false},"author":16,"featured_media":11253,"comment_status":"open","ping_status":"open","sticky":false,"template":"","format":"standard","meta":{"footnotes":""},"categories":[86,102],"tags":[],"class_list":["post-11254","post","type-post","status-publish","format-standard","has-post-thumbnail","hentry","category-actualites","category-tourisme-et-culture"],"_links":{"self":[{"href":"https:\/\/peopleofcostarica.com\/fr\/wp-json\/wp\/v2\/posts\/11254","targetHints":{"allow":["GET"]}}],"collection":[{"href":"https:\/\/peopleofcostarica.com\/fr\/wp-json\/wp\/v2\/posts"}],"about":[{"href":"https:\/\/peopleofcostarica.com\/fr\/wp-json\/wp\/v2\/types\/post"}],"author":[{"embeddable":true,"href":"https:\/\/peopleofcostarica.com\/fr\/wp-json\/wp\/v2\/users\/16"}],"replies":[{"embeddable":true,"href":"https:\/\/peopleofcostarica.com\/fr\/wp-json\/wp\/v2\/comments?post=11254"}],"version-history":[{"count":1,"href":"https:\/\/peopleofcostarica.com\/fr\/wp-json\/wp\/v2\/posts\/11254\/revisions"}],"predecessor-version":[{"id":11255,"href":"https:\/\/peopleofcostarica.com\/fr\/wp-json\/wp\/v2\/posts\/11254\/revisions\/11255"}],"wp:featuredmedia":[{"embeddable":true,"href":"https:\/\/peopleofcostarica.com\/fr\/wp-json\/wp\/v2\/media\/11253"}],"wp:attachment":[{"href":"https:\/\/peopleofcostarica.com\/fr\/wp-json\/wp\/v2\/media?parent=11254"}],"wp:term":[{"taxonomy":"category","embeddable":true,"href":"https:\/\/peopleofcostarica.com\/fr\/wp-json\/wp\/v2\/categories?post=11254"},{"taxonomy":"post_tag","embeddable":true,"href":"https:\/\/peopleofcostarica.com\/fr\/wp-json\/wp\/v2\/tags?post=11254"}],"curies":[{"name":"wp","href":"https:\/\/api.w.org\/{rel}","templated":true}]}}