{"id":11245,"date":"2026-03-23T16:21:36","date_gmt":"2026-03-23T22:21:36","guid":{"rendered":"https:\/\/peopleofcostarica.com\/?p=11245"},"modified":"2026-03-23T16:23:06","modified_gmt":"2026-03-23T22:23:06","slug":"suspension-temporaire-du-train-dans-la-grande-aire-metropolitaine-en-raison-de-travaux-sur-des-ponts-ferroviaires","status":"publish","type":"post","link":"https:\/\/peopleofcostarica.com\/fr\/suspension-temporaire-du-train-dans-la-grande-aire-metropolitaine-en-raison-de-travaux-sur-des-ponts-ferroviaires\/","title":{"rendered":"Suspension temporaire du train dans la Grande Aire M\u00e9tropolitaine en raison de travaux sur des ponts ferroviaires"},"content":{"rendered":"\n<p>L&rsquo;Institut costaricien des chemins de fer (Incofer) a annonc\u00e9 la suspension temporaire du service de train dans la Grande Aire M\u00e9tropolitaine afin d&rsquo;ex\u00e9cuter des travaux d&rsquo;am\u00e9lioration sur plusieurs ponts ferroviaires et un tunnel. Selon les informations communiqu\u00e9es, la ligne Cartago\u2013San Jos\u00e9 sera totalement suspendue du 25 mars au 10 avril, toutes les lignes s&rsquo;arr\u00eateront pendant la Semaine Sainte (du 30 mars au 3 avril) et la connexion entre les gares Pac\u00edfico et Atl\u00e1ntico sera suspendue du 6 au 10 avril.<\/p>\n\n\n\n<h2 class=\"wp-block-heading\"><strong>Travaux sur les ponts et le tunnel : pourquoi sont-ils r\u00e9alis\u00e9s ?<\/strong><\/h2>\n\n\n\n<p>Durant la p\u00e9riode de suspension, huit ponts ferroviaires situ\u00e9s en diff\u00e9rents points de la Grande Aire M\u00e9tropolitaine seront r\u00e9nov\u00e9s, ainsi qu&rsquo;un tunnel dans le canton de Goicoechea. L&rsquo;Incofer a indiqu\u00e9 que ces interventions sont n\u00e9cessaires car une partie de l&rsquo;infrastructure pr\u00e9sente un risque imminent, rendant indispensable son renforcement pour garantir la s\u00e9curit\u00e9 des usagers et la continuit\u00e9 du service \u00e0 moyen et long terme.<\/p>\n\n\n\n<h2 class=\"wp-block-heading\"><strong>Financement et programme d&rsquo;urgence<\/strong><\/h2>\n\n\n\n<p>Les ressources pour r\u00e9aliser ces travaux proviennent du Programme d&rsquo;urgence pour la reconstruction int\u00e9grale et r\u00e9siliente des infrastructures (Proeri), un m\u00e9canisme de financement destin\u00e9 \u00e0 traiter les points critiques du r\u00e9seau de transport ferroviaire et d&rsquo;autres infrastructures publiques. Ce programme permet de prioriser les interventions urgentes, telles que la r\u00e9habilitation de ponts et de tunnels ferroviaires, dans le but de r\u00e9duire la vuln\u00e9rabilit\u00e9 du r\u00e9seau et d&rsquo;am\u00e9liorer la r\u00e9silience du syst\u00e8me face aux \u00e9v\u00e9nements futurs.<\/p>\n\n\n\n<h2 class=\"wp-block-heading\"><strong>Recommandations pour les usagers<\/strong><\/h2>\n\n\n\n<p>Pendant la p\u00e9riode sans service ferroviaire, les personnes qui utilisent habituellement le train pour se d\u00e9placer entre Cartago, San Jos\u00e9 et d&rsquo;autres points de la Grande Aire M\u00e9tropolitaine devront recourir \u00e0 des alternatives telles que le bus, le transport partag\u00e9 ou les v\u00e9hicules particuliers. L&rsquo;Incofer met \u00e0 la disposition du public ses canaux d&rsquo;information officiels, notamment son site web institutionnel et ses r\u00e9seaux sociaux, o\u00f9 seront mis \u00e0 jour les d\u00e9tails sur l&rsquo;avancement des travaux et la date exacte de reprise de chaque ligne \u00e0 mesure que les d\u00e9lais d\u00e9finis approchent.<\/p>\n\n\n\n<h2 class=\"wp-block-heading\"><strong>Sources officielles<\/strong><\/h2>\n\n\n\n<ul class=\"wp-block-list\">\n<li>Institut costaricien des chemins de fer (Incofer) : informations institutionnelles, d\u00e9tails des lignes, tarifs et canaux de contact disponibles sur le site officiel.<\/li>\n\n\n\n<li>Informations sur la suspension temporaire du service de train et les travaux sur les ponts ferroviaires, diffus\u00e9es par l&rsquo;Incofer via des m\u00e9dias nationaux tels que CRHoy.<\/li>\n<\/ul>\n","protected":false},"excerpt":{"rendered":"<p>L&rsquo;Institut costaricien des chemins de fer (Incofer) a annonc\u00e9 la suspension temporaire du service de train dans la Grande Aire M\u00e9tropolitaine afin d&rsquo;ex\u00e9cuter des travaux d&rsquo;am\u00e9lioration sur plusieurs ponts ferroviaires et un tunnel. Selon les informations communiqu\u00e9es, la ligne Cartago\u2013San Jos\u00e9 sera totalement suspendue du 25 mars au 10 avril, toutes les lignes s&rsquo;arr\u00eateront pendant [&hellip;]<\/p>\n","protected":false},"author":16,"featured_media":11244,"comment_status":"open","ping_status":"open","sticky":false,"template":"","format":"standard","meta":{"footnotes":""},"categories":[86],"tags":[],"class_list":["post-11245","post","type-post","status-publish","format-standard","has-post-thumbnail","hentry","category-actualites"],"_links":{"self":[{"href":"https:\/\/peopleofcostarica.com\/fr\/wp-json\/wp\/v2\/posts\/11245","targetHints":{"allow":["GET"]}}],"collection":[{"href":"https:\/\/peopleofcostarica.com\/fr\/wp-json\/wp\/v2\/posts"}],"about":[{"href":"https:\/\/peopleofcostarica.com\/fr\/wp-json\/wp\/v2\/types\/post"}],"author":[{"embeddable":true,"href":"https:\/\/peopleofcostarica.com\/fr\/wp-json\/wp\/v2\/users\/16"}],"replies":[{"embeddable":true,"href":"https:\/\/peopleofcostarica.com\/fr\/wp-json\/wp\/v2\/comments?post=11245"}],"version-history":[{"count":1,"href":"https:\/\/peopleofcostarica.com\/fr\/wp-json\/wp\/v2\/posts\/11245\/revisions"}],"predecessor-version":[{"id":11246,"href":"https:\/\/peopleofcostarica.com\/fr\/wp-json\/wp\/v2\/posts\/11245\/revisions\/11246"}],"wp:featuredmedia":[{"embeddable":true,"href":"https:\/\/peopleofcostarica.com\/fr\/wp-json\/wp\/v2\/media\/11244"}],"wp:attachment":[{"href":"https:\/\/peopleofcostarica.com\/fr\/wp-json\/wp\/v2\/media?parent=11245"}],"wp:term":[{"taxonomy":"category","embeddable":true,"href":"https:\/\/peopleofcostarica.com\/fr\/wp-json\/wp\/v2\/categories?post=11245"},{"taxonomy":"post_tag","embeddable":true,"href":"https:\/\/peopleofcostarica.com\/fr\/wp-json\/wp\/v2\/tags?post=11245"}],"curies":[{"name":"wp","href":"https:\/\/api.w.org\/{rel}","templated":true}]}}