{"id":11236,"date":"2026-03-23T16:14:48","date_gmt":"2026-03-23T22:14:48","guid":{"rendered":"https:\/\/peopleofcostarica.com\/?p=11236"},"modified":"2026-03-23T16:17:51","modified_gmt":"2026-03-23T22:17:51","slug":"tourisme-au-costa-rica-2026-un-debut-dannee-aux-chiffres-records","status":"publish","type":"post","link":"https:\/\/peopleofcostarica.com\/fr\/tourisme-au-costa-rica-2026-un-debut-dannee-aux-chiffres-records\/","title":{"rendered":"Tourisme au Costa Rica 2026 : un d\u00e9but d&rsquo;ann\u00e9e aux chiffres records"},"content":{"rendered":"\n<h2 class=\"wp-block-heading\"><strong>Tourisme international vers le Costa Rica : cinq mois de croissance soutenue<\/strong><\/h2>\n\n\n\n<p>Le Costa Rica a entam\u00e9 2026 en consolidant une s\u00e9rie positive d&rsquo;arriv\u00e9es de touristes internationaux, avec cinq mois cons\u00e9cutifs de croissance et plus de 653 000 visiteurs cumul\u00e9s entre janvier et f\u00e9vrier par toutes les voies d&rsquo;entr\u00e9e, selon les donn\u00e9es les plus r\u00e9centes de l&rsquo;Institut costaricien du tourisme (ICT) reprises par La Rep\u00fablica. Cette tendance fait suite \u00e0 une ann\u00e9e 2025 qui s&rsquo;est cl\u00f4tur\u00e9e avec une hausse interannuelle proche de 1 % des arriv\u00e9es internationales totales, t\u00e9moignant d&rsquo;une reprise progressive du secteur apr\u00e8s le ralentissement observ\u00e9 pendant une bonne partie de cette ann\u00e9e.<\/p>\n\n\n\n<h2 class=\"wp-block-heading\"><strong>Chiffres officiels de l&rsquo;ICT : comment se r\u00e9partissent les arriv\u00e9es<\/strong><\/h2>\n\n\n\n<p>Selon le rapport statistique officiel de l&rsquo;ICT \u00ab 2026-02_Llegadas_internacionales \u00bb, le Costa Rica a accueilli 653 969 touristes internationaux entre janvier et f\u00e9vrier 2026 par toutes les voies d&rsquo;entr\u00e9e. L&rsquo;Am\u00e9rique du Nord concentre la majeure partie de ce flux, avec 454 889 arriv\u00e9es, suivie de l&rsquo;Europe avec 115 850 visiteurs, tandis que l&rsquo;Am\u00e9rique centrale, l&rsquo;Am\u00e9rique du Sud et les Cara\u00efbes ont contribu\u00e9 respectivement \u00e0 hauteur de 38 774, 32 109 et 1 988 touristes sur la m\u00eame p\u00e9riode.<\/p>\n\n\n\n<h2 class=\"wp-block-heading\"><strong>March\u00e9s \u00e9metteurs cl\u00e9s : \u00c9tats-Unis, Canada et Europe<\/strong><\/h2>\n\n\n\n<p>Dans le d\u00e9tail par pays, les \u00c9tats-Unis restent le principal march\u00e9 \u00e9metteur avec 337 027 arriv\u00e9es au cours des deux premiers mois de l&rsquo;ann\u00e9e, suivis du Canada avec 123 845 visiteurs, selon les chiffres publi\u00e9s par La Rep\u00fablica sur la base des donn\u00e9es de l&rsquo;ICT. Des march\u00e9s tels que l&rsquo;Allemagne (20 336 visiteurs), l&rsquo;Espagne (8 363), le Mexique (13 886) ainsi que le Br\u00e9sil, la Colombie, le Chili, le P\u00e9rou et la Belgique compl\u00e8tent la liste des march\u00e9s \u00e9metteurs significatifs, confirmant le poids strat\u00e9gique aussi bien de l&rsquo;Am\u00e9rique du Nord que de l&rsquo;Europe dans les performances touristiques du Costa Rica.<\/p>\n\n\n\n<h2 class=\"wp-block-heading\"><strong>D\u00e9clarations officielles : la vision du Minist\u00e8re du Tourisme<\/strong><\/h2>\n\n\n\n<p>Le ministre du Tourisme, William Rodr\u00edguez, a soulign\u00e9 qu&rsquo;en f\u00e9vrier seulement, 308 873 touristes sont arriv\u00e9s par voie a\u00e9rienne, ce qui repr\u00e9sente une croissance de 14,1 % par rapport au m\u00eame mois de 2025, selon des d\u00e9clarations rapport\u00e9es par La Rep\u00fablica sur la base des donn\u00e9es de l&rsquo;ICT. Le ministre a indiqu\u00e9 que la hausse des visiteurs en provenance des \u00c9tats-Unis (croissance de 11,7 %) et, surtout, du Canada (augmentation de 32 %) refl\u00e8te l&rsquo;impact du travail conjoint entre les secteurs public et priv\u00e9 pour renforcer la connectivit\u00e9 a\u00e9rienne et la promotion de la destination.<\/p>\n\n\n\n<h2 class=\"wp-block-heading\"><strong>Tendances vers 2027 : de la reprise \u00e0 la croissance durable<\/strong><\/h2>\n\n\n\n<p>Les r\u00e9cents rapports de l&rsquo;ICT montrent que 2025 s&rsquo;est cl\u00f4tur\u00e9 avec 2 943 991 arriv\u00e9es internationales par toutes les voies d&rsquo;entr\u00e9e, soit 0,8 % de plus qu&rsquo;en 2024, avec une croissance de 1 % sp\u00e9cifiquement par voie a\u00e9rienne, ce qui a pos\u00e9 les bases de la reprise observ\u00e9e en d\u00e9but d&rsquo;ann\u00e9e 2026. Par ailleurs, les projections officielles et les d\u00e9clarations du secteur touristique indiquent que le Plan national du tourisme vise une croissance proche de 2,7 % d&rsquo;ici 2027, cherchant une progression soutenue plut\u00f4t que des pics atypiques comme celui enregistr\u00e9 en 2024, en s&rsquo;appuyant sur la consolidation de segments tels que l&rsquo;\u00e9cotourisme, le tourisme de bien-\u00eatre, les longs s\u00e9jours et le tourisme de r\u00e9unions.<\/p>\n\n\n\n<h2 class=\"wp-block-heading\"><strong>Sources officielles<\/strong><\/h2>\n\n\n\n<ul class=\"wp-block-list\">\n<li>Institut costaricien du tourisme (ICT) : rapport statistique \u00ab 2026-02_Llegadas_internacionales \u00bb, disponible dans la section des rapports r\u00e9cents sur les arriv\u00e9es internationales.<\/li>\n\n\n\n<li>Statistiques de fr\u00e9quentation touristique 2024\u20132025 et bilan de fin d&rsquo;ann\u00e9e 2025, selon les communiqu\u00e9s et rapports de l&rsquo;ICT cit\u00e9s par des m\u00e9dias nationaux comme La Naci\u00f3n et les r\u00e9sum\u00e9s officiels des arriv\u00e9es par toutes les voies.<\/li>\n\n\n\n<li>Plan national du tourisme et projections de croissance 2025\u20132027 mentionn\u00e9s par les autorit\u00e9s de l&rsquo;ICT dans des communiqu\u00e9s et d\u00e9clarations rapport\u00e9s par les m\u00e9dias r\u00e9gionaux.<\/li>\n<\/ul>\n","protected":false},"excerpt":{"rendered":"<p>Tourisme international vers le Costa Rica : cinq mois de croissance soutenue Le Costa Rica a entam\u00e9 2026 en consolidant une s\u00e9rie positive d&rsquo;arriv\u00e9es de touristes internationaux, avec cinq mois cons\u00e9cutifs de croissance et plus de 653 000 visiteurs cumul\u00e9s entre janvier et f\u00e9vrier par toutes les voies d&rsquo;entr\u00e9e, selon les donn\u00e9es les plus r\u00e9centes [&hellip;]<\/p>\n","protected":false},"author":16,"featured_media":11235,"comment_status":"open","ping_status":"open","sticky":false,"template":"","format":"standard","meta":{"footnotes":""},"categories":[92,86,102],"tags":[],"class_list":["post-11236","post","type-post","status-publish","format-standard","has-post-thumbnail","hentry","category-le-costa-rica-dans-le-monde","category-actualites","category-tourisme-et-culture"],"_links":{"self":[{"href":"https:\/\/peopleofcostarica.com\/fr\/wp-json\/wp\/v2\/posts\/11236","targetHints":{"allow":["GET"]}}],"collection":[{"href":"https:\/\/peopleofcostarica.com\/fr\/wp-json\/wp\/v2\/posts"}],"about":[{"href":"https:\/\/peopleofcostarica.com\/fr\/wp-json\/wp\/v2\/types\/post"}],"author":[{"embeddable":true,"href":"https:\/\/peopleofcostarica.com\/fr\/wp-json\/wp\/v2\/users\/16"}],"replies":[{"embeddable":true,"href":"https:\/\/peopleofcostarica.com\/fr\/wp-json\/wp\/v2\/comments?post=11236"}],"version-history":[{"count":1,"href":"https:\/\/peopleofcostarica.com\/fr\/wp-json\/wp\/v2\/posts\/11236\/revisions"}],"predecessor-version":[{"id":11237,"href":"https:\/\/peopleofcostarica.com\/fr\/wp-json\/wp\/v2\/posts\/11236\/revisions\/11237"}],"wp:featuredmedia":[{"embeddable":true,"href":"https:\/\/peopleofcostarica.com\/fr\/wp-json\/wp\/v2\/media\/11235"}],"wp:attachment":[{"href":"https:\/\/peopleofcostarica.com\/fr\/wp-json\/wp\/v2\/media?parent=11236"}],"wp:term":[{"taxonomy":"category","embeddable":true,"href":"https:\/\/peopleofcostarica.com\/fr\/wp-json\/wp\/v2\/categories?post=11236"},{"taxonomy":"post_tag","embeddable":true,"href":"https:\/\/peopleofcostarica.com\/fr\/wp-json\/wp\/v2\/tags?post=11236"}],"curies":[{"name":"wp","href":"https:\/\/api.w.org\/{rel}","templated":true}]}}