{"id":11215,"date":"2026-03-23T14:41:07","date_gmt":"2026-03-23T20:41:07","guid":{"rendered":"https:\/\/peopleofcostarica.com\/?p=11215"},"modified":"2026-03-23T14:43:37","modified_gmt":"2026-03-23T20:43:37","slug":"le-costa-rica-et-le-panama-ont-signe-un-memorandum-dentente-pour-avancer-vers-linterconnexion-future-de-leurs-systemes-ferroviaires","status":"publish","type":"post","link":"https:\/\/peopleofcostarica.com\/fr\/le-costa-rica-et-le-panama-ont-signe-un-memorandum-dentente-pour-avancer-vers-linterconnexion-future-de-leurs-systemes-ferroviaires\/","title":{"rendered":"Le Costa Rica et le Panama ont sign\u00e9 un m\u00e9morandum d&rsquo;entente pour avancer vers l&rsquo;interconnexion future de leurs syst\u00e8mes ferroviaires"},"content":{"rendered":"\n<p>Le Costa Rica et le Panama ont sign\u00e9 un m\u00e9morandum d&rsquo;entente pour avancer vers l&rsquo;interconnexion future de leurs syst\u00e8mes ferroviaires, dans le but d&rsquo;am\u00e9liorer la connectivit\u00e9 r\u00e9gionale et de coordonner le d\u00e9veloppement de projets ferroviaires dans les deux pays.<\/p>\n\n\n\n<h2 class=\"wp-block-heading\"><strong>Accord entre le Costa Rica et le Panama<\/strong><\/h2>\n\n\n\n<p>Le m\u00e9morandum d&rsquo;entente a \u00e9t\u00e9 sign\u00e9 entre l&rsquo;Institut costaricien des chemins de fer (Incofer) et le Secr\u00e9tariat national des chemins de fer du Panama. L&rsquo;objectif principal est d&rsquo;\u00e9tablir une coop\u00e9ration formelle pour explorer l&rsquo;interconnexion des projets ferroviaires que les deux pays d\u00e9veloppent sur leurs territoires respectifs. L&rsquo;accord a une validit\u00e9 initiale de cinq ans, au cours desquels des \u00e9tudes, des \u00e9changes d&rsquo;informations et une coordination technique seront men\u00e9s.<\/p>\n\n\n\n<h2 class=\"wp-block-heading\"><strong>Domaines de coop\u00e9ration<\/strong><\/h2>\n\n\n\n<p>Le document pr\u00e9voit une coop\u00e9ration bilat\u00e9rale dans les \u00e9tudes techniques et d&rsquo;ing\u00e9nierie, les analyses d&rsquo;impact social et environnemental, l&rsquo;am\u00e9nagement du territoire et la planification urbaine dans les zones frontali\u00e8res. Il couvre \u00e9galement les aspects de gestion des risques, ainsi que la conception de trac\u00e9s possibles et de solutions d&rsquo;infrastructure facilitant la connexion entre les deux syst\u00e8mes ferroviaires. L&rsquo;id\u00e9e est que cette coordination permette de prendre des d\u00e9cisions \u00e9clair\u00e9es sur la faisabilit\u00e9, les co\u00fbts et les b\u00e9n\u00e9fices d&rsquo;une \u00e9ventuelle liaison ferroviaire Costa Rica\u2013Panama.<\/p>\n\n\n\n<h2 class=\"wp-block-heading\"><strong>Contexte ferroviaire dans les deux pays<\/strong><\/h2>\n\n\n\n<p>Au Costa Rica, l&rsquo;accord intervient alors que le projet de train \u00e9lectrique pour la Grande Aire M\u00e9tropolitaine (GAM) est en cours de promotion, une initiative que le gouvernement cherche \u00e0 relancer comme axe principal des transports en commun. Le Panama, de son c\u00f4t\u00e9, construit la troisi\u00e8me ligne de son m\u00e9tro dans la capitale et \u00e9tudie la faisabilit\u00e9 d&rsquo;un train jusqu&rsquo;\u00e0 Paso Canoas, \u00e0 la fronti\u00e8re avec le Costa Rica. L&rsquo;interconnexion ferroviaire entre les deux pays est envisag\u00e9e comme un pas vers un r\u00e9seau de transport plus int\u00e9gr\u00e9 en Am\u00e9rique centrale.<\/p>\n\n\n\n<h2 class=\"wp-block-heading\"><strong>Port\u00e9e et prochaines \u00e9tapes<\/strong><\/h2>\n\n\n\n<p>Le m\u00e9morandum n&rsquo;implique pas encore la construction d&rsquo;ouvrages, mais il ouvre la voie \u00e0 des \u00e9tudes conjointes, des missions techniques et des \u00e9changes d&rsquo;exp\u00e9riences en mati\u00e8re ferroviaire. L&rsquo;Incofer et le Secr\u00e9tariat national des chemins de fer du Panama coordonneront des groupes de travail pour d\u00e9finir des calendriers, des priorit\u00e9s et de possibles sources de financement international. \u00c0 moyen terme, les r\u00e9sultats de ces \u00e9tudes permettront d&rsquo;\u00e9valuer la faisabilit\u00e9 d&rsquo;un projet ferroviaire transfrontalier reliant les deux r\u00e9seaux nationaux.<\/p>\n\n\n\n<h2 class=\"wp-block-heading\"><strong>Sources officielles<\/strong><\/h2>\n\n\n\n<ul class=\"wp-block-list\">\n<li>Institut costaricien des chemins de fer (Incofer) : communiqu\u00e9s sur la signature du m\u00e9morandum avec le Panama et les lignes directrices de coop\u00e9ration.<\/li>\n\n\n\n<li>Secr\u00e9tariat national des chemins de fer du Panama : informations institutionnelles sur ses projets ferroviaires et ses accords internationaux.<\/li>\n\n\n\n<li>Communications officielles des gouvernements du Costa Rica et du Panama concernant l&rsquo;int\u00e9gration ferroviaire et la connectivit\u00e9 r\u00e9gionale.<\/li>\n<\/ul>\n","protected":false},"excerpt":{"rendered":"<p>Le Costa Rica et le Panama ont sign\u00e9 un m\u00e9morandum d&rsquo;entente pour avancer vers l&rsquo;interconnexion future de leurs syst\u00e8mes ferroviaires, dans le but d&rsquo;am\u00e9liorer la connectivit\u00e9 r\u00e9gionale et de coordonner le d\u00e9veloppement de projets ferroviaires dans les deux pays. Accord entre le Costa Rica et le Panama Le m\u00e9morandum d&rsquo;entente a \u00e9t\u00e9 sign\u00e9 entre l&rsquo;Institut [&hellip;]<\/p>\n","protected":false},"author":16,"featured_media":11214,"comment_status":"open","ping_status":"open","sticky":false,"template":"","format":"standard","meta":{"footnotes":""},"categories":[86,98],"tags":[],"class_list":["post-11215","post","type-post","status-publish","format-standard","has-post-thumbnail","hentry","category-actualites","category-nouvelles-nationales"],"_links":{"self":[{"href":"https:\/\/peopleofcostarica.com\/fr\/wp-json\/wp\/v2\/posts\/11215","targetHints":{"allow":["GET"]}}],"collection":[{"href":"https:\/\/peopleofcostarica.com\/fr\/wp-json\/wp\/v2\/posts"}],"about":[{"href":"https:\/\/peopleofcostarica.com\/fr\/wp-json\/wp\/v2\/types\/post"}],"author":[{"embeddable":true,"href":"https:\/\/peopleofcostarica.com\/fr\/wp-json\/wp\/v2\/users\/16"}],"replies":[{"embeddable":true,"href":"https:\/\/peopleofcostarica.com\/fr\/wp-json\/wp\/v2\/comments?post=11215"}],"version-history":[{"count":1,"href":"https:\/\/peopleofcostarica.com\/fr\/wp-json\/wp\/v2\/posts\/11215\/revisions"}],"predecessor-version":[{"id":11216,"href":"https:\/\/peopleofcostarica.com\/fr\/wp-json\/wp\/v2\/posts\/11215\/revisions\/11216"}],"wp:featuredmedia":[{"embeddable":true,"href":"https:\/\/peopleofcostarica.com\/fr\/wp-json\/wp\/v2\/media\/11214"}],"wp:attachment":[{"href":"https:\/\/peopleofcostarica.com\/fr\/wp-json\/wp\/v2\/media?parent=11215"}],"wp:term":[{"taxonomy":"category","embeddable":true,"href":"https:\/\/peopleofcostarica.com\/fr\/wp-json\/wp\/v2\/categories?post=11215"},{"taxonomy":"post_tag","embeddable":true,"href":"https:\/\/peopleofcostarica.com\/fr\/wp-json\/wp\/v2\/tags?post=11215"}],"curies":[{"name":"wp","href":"https:\/\/api.w.org\/{rel}","templated":true}]}}