{"id":11206,"date":"2026-03-23T14:36:56","date_gmt":"2026-03-23T20:36:56","guid":{"rendered":"https:\/\/peopleofcostarica.com\/?p=11206"},"modified":"2026-03-23T14:38:38","modified_gmt":"2026-03-23T20:38:38","slug":"le-parc-central-de-san-jose-va-faire-lobjet-dune-renovation-integrale-avec-un-investissement-de-%e2%82%a1648-millions","status":"publish","type":"post","link":"https:\/\/peopleofcostarica.com\/fr\/le-parc-central-de-san-jose-va-faire-lobjet-dune-renovation-integrale-avec-un-investissement-de-%e2%82%a1648-millions\/","title":{"rendered":"Le Parc Central de San Jos\u00e9 va faire l&rsquo;objet d&rsquo;une r\u00e9novation int\u00e9grale avec un investissement de \u20a1648 millions"},"content":{"rendered":"\n<h2 class=\"wp-block-heading\"><strong>R\u00e9novation du Parc Central<\/strong><\/h2>\n\n\n\n<p>L&rsquo;intervention au Parc Central comprend l&rsquo;augmentation des espaces verts, l&rsquo;am\u00e9lioration de l&rsquo;\u00e9clairage, le renouvellement de l&rsquo;am\u00e9nagement paysager et la modernisation des infrastructures existantes. Les travaux sont en cours d&rsquo;appel d&rsquo;offres par la Municipalit\u00e9 de San Jos\u00e9 et devraient commencer dans les prochains mois, une fois le contrat attribu\u00e9. Le projet b\u00e9n\u00e9ficie d&rsquo;une d\u00e9claration d&rsquo;int\u00e9r\u00eat public et de l&rsquo;aval de l&rsquo;Unit\u00e9 du patrimoine historique et architectural, compte tenu de la valeur symbolique et architecturale du site.<\/p>\n\n\n\n<h2 class=\"wp-block-heading\"><strong>Principaux travaux et nouveaux espaces<\/strong><\/h2>\n\n\n\n<p>Parmi les am\u00e9liorations pr\u00e9vues figurent l&rsquo;installation de nouveau mobilier urbain, la cr\u00e9ation d&rsquo;un jardin sensoriel inclusif, la construction de pergolas et de toitures, ainsi qu&rsquo;une r\u00e9novation compl\u00e8te du syst\u00e8me d&rsquo;\u00e9clairage. Un syst\u00e8me d&rsquo;irrigation automatis\u00e9 pour l&rsquo;entretien des espaces verts sera \u00e9galement install\u00e9, et des travaux d&rsquo;intervention seront r\u00e9alis\u00e9s sur la dalle du kiosque central. L&rsquo;un des changements les plus marquants sera l&rsquo;ouverture d&rsquo;un caf\u00e9 dans le sous-sol du kiosque, avec l&rsquo;id\u00e9e de donner \u00e0 cette structure patrimoniale un usage permanent et dynamique.<\/p>\n\n\n\n<h2 class=\"wp-block-heading\"><strong>Objectifs de l&rsquo;intervention<\/strong><\/h2>\n\n\n\n<p>Selon le cahier des charges de l&rsquo;appel d&rsquo;offres, l&rsquo;objectif est de \u00ab promouvoir au Parc Central un environnement plus frais, durable et respectueux de l&rsquo;environnement, tout en renfor\u00e7ant les conditions de s\u00e9curit\u00e9 et d&rsquo;accessibilit\u00e9 pour tous les usagers \u00bb. La Municipalit\u00e9 de San Jos\u00e9 souhaite que le parc tourne la page d&rsquo;ann\u00e9es d&rsquo;abandon et devienne un espace vivant, s\u00fbr et attrayant pour les r\u00e9sidents et les visiteurs. L&rsquo;intervention s&rsquo;inscrit dans une strat\u00e9gie plus large d&rsquo;am\u00e9lioration et de r\u00e9cup\u00e9ration des espaces publics dans le centre historique de la ville.<\/p>\n\n\n\n<h2 class=\"wp-block-heading\"><strong>Vision de la Municipalit\u00e9 de San Jos\u00e9<\/strong><\/h2>\n\n\n\n<p>Le maire Diego Miranda a soulign\u00e9 que le Parc Central est \u00ab un joyau \u00bb de la capitale et qu&rsquo;il est indispensable d&rsquo;investir dans son embellissement et sa modernisation. L&rsquo;ouverture du caf\u00e9 dans le sous-sol du kiosque et l&rsquo;am\u00e9lioration de l&rsquo;environnement urbain visent \u00e0 assurer une utilisation continue de l&rsquo;espace tout au long de la journ\u00e9e et de la nuit, favorisant une ville plus active. Miranda a indiqu\u00e9 que des investissements similaires sont \u00e9galement pr\u00e9vus pour la Plaza de las Garant\u00edas Sociales et la Plaza V\u00edquez, dans le cadre du m\u00eame plan de revitalisation urbaine.<\/p>\n\n\n\n<h2 class=\"wp-block-heading\"><strong>Sources officielles<\/strong><\/h2>\n\n\n\n<ul class=\"wp-block-list\">\n<li>Municipalit\u00e9 de San Jos\u00e9 : cahier des charges de l&rsquo;appel d&rsquo;offres et communiqu\u00e9s sur le projet de r\u00e9novation du Parc Central et la r\u00e9cup\u00e9ration des espaces publics.<\/li>\n\n\n\n<li>Unit\u00e9 du patrimoine historique et architectural : aval technique \u00e0 l&rsquo;intervention du Parc Central en tant qu&rsquo;espace patrimonial.<\/li>\n\n\n\n<li>D\u00e9clarations du maire Diego Miranda sur l&rsquo;investissement, les objectifs et la port\u00e9e des travaux au Parc Central de San Jos\u00e9.<\/li>\n<\/ul>\n","protected":false},"excerpt":{"rendered":"<p>R\u00e9novation du Parc Central L&rsquo;intervention au Parc Central comprend l&rsquo;augmentation des espaces verts, l&rsquo;am\u00e9lioration de l&rsquo;\u00e9clairage, le renouvellement de l&rsquo;am\u00e9nagement paysager et la modernisation des infrastructures existantes. Les travaux sont en cours d&rsquo;appel d&rsquo;offres par la Municipalit\u00e9 de San Jos\u00e9 et devraient commencer dans les prochains mois, une fois le contrat attribu\u00e9. Le projet b\u00e9n\u00e9ficie [&hellip;]<\/p>\n","protected":false},"author":16,"featured_media":11205,"comment_status":"open","ping_status":"open","sticky":false,"template":"","format":"standard","meta":{"footnotes":""},"categories":[86],"tags":[],"class_list":["post-11206","post","type-post","status-publish","format-standard","has-post-thumbnail","hentry","category-actualites"],"_links":{"self":[{"href":"https:\/\/peopleofcostarica.com\/fr\/wp-json\/wp\/v2\/posts\/11206","targetHints":{"allow":["GET"]}}],"collection":[{"href":"https:\/\/peopleofcostarica.com\/fr\/wp-json\/wp\/v2\/posts"}],"about":[{"href":"https:\/\/peopleofcostarica.com\/fr\/wp-json\/wp\/v2\/types\/post"}],"author":[{"embeddable":true,"href":"https:\/\/peopleofcostarica.com\/fr\/wp-json\/wp\/v2\/users\/16"}],"replies":[{"embeddable":true,"href":"https:\/\/peopleofcostarica.com\/fr\/wp-json\/wp\/v2\/comments?post=11206"}],"version-history":[{"count":1,"href":"https:\/\/peopleofcostarica.com\/fr\/wp-json\/wp\/v2\/posts\/11206\/revisions"}],"predecessor-version":[{"id":11207,"href":"https:\/\/peopleofcostarica.com\/fr\/wp-json\/wp\/v2\/posts\/11206\/revisions\/11207"}],"wp:featuredmedia":[{"embeddable":true,"href":"https:\/\/peopleofcostarica.com\/fr\/wp-json\/wp\/v2\/media\/11205"}],"wp:attachment":[{"href":"https:\/\/peopleofcostarica.com\/fr\/wp-json\/wp\/v2\/media?parent=11206"}],"wp:term":[{"taxonomy":"category","embeddable":true,"href":"https:\/\/peopleofcostarica.com\/fr\/wp-json\/wp\/v2\/categories?post=11206"},{"taxonomy":"post_tag","embeddable":true,"href":"https:\/\/peopleofcostarica.com\/fr\/wp-json\/wp\/v2\/tags?post=11206"}],"curies":[{"name":"wp","href":"https:\/\/api.w.org\/{rel}","templated":true}]}}