{"id":11197,"date":"2026-03-23T14:33:05","date_gmt":"2026-03-23T20:33:05","guid":{"rendered":"https:\/\/peopleofcostarica.com\/?p=11197"},"modified":"2026-03-23T14:35:06","modified_gmt":"2026-03-23T20:35:06","slug":"le-costa-rica-a-assume-la-presidence-du-principal-organisme-de-technologie-et-de-telecommunications-de-loea","status":"publish","type":"post","link":"https:\/\/peopleofcostarica.com\/fr\/le-costa-rica-a-assume-la-presidence-du-principal-organisme-de-technologie-et-de-telecommunications-de-loea\/","title":{"rendered":"Le Costa Rica a assum\u00e9 la pr\u00e9sidence du principal organisme de technologie et de t\u00e9l\u00e9communications de l&rsquo;OEA"},"content":{"rendered":"\n<h2 class=\"wp-block-heading\"><strong>Le Costa Rica \u00e0 la t\u00eate de la CITEL de l&rsquo;OEA<\/strong><\/h2>\n\n\n\n<p>Le pays a formellement assum\u00e9 la pr\u00e9sidence du Comit\u00e9 directeur permanent de la Commission interam\u00e9ricaine des t\u00e9l\u00e9communications (COM\/CITEL), organe sp\u00e9cialis\u00e9 de l&rsquo;OEA en mati\u00e8re de t\u00e9l\u00e9communications et de technologies de l&rsquo;information et de la communication. La d\u00e9signation a \u00e9t\u00e9 officialis\u00e9e le 17 mars, lors de la IXe Assembl\u00e9e de la CITEL et du Forum de haut niveau 2030, instance au cours de laquelle les nouvelles commissions de travail ont \u00e9galement \u00e9t\u00e9 constitu\u00e9es. Avec cette nomination, le Costa Rica jouera un r\u00f4le central dans la coordination des politiques et des positions r\u00e9gionales en mati\u00e8re de connectivit\u00e9, de spectre radio\u00e9lectrique, de services num\u00e9riques et de r\u00e9gulation technologique.<\/p>\n\n\n\n<h2 class=\"wp-block-heading\"><strong>R\u00f4le et port\u00e9e de la pr\u00e9sidence<\/strong><\/h2>\n\n\n\n<p>Au cours des quatre prochaines ann\u00e9es, le Costa Rica dirigera l&rsquo;agenda num\u00e9rique r\u00e9gional des Am\u00e9riques dans le cadre de la CITEL, en coordonnant des positions communes devant des organismes mondiaux tels que l&rsquo;Union internationale des t\u00e9l\u00e9communications (UIT). La pr\u00e9sidence implique de pr\u00e9sider les r\u00e9unions du Comit\u00e9 directeur, de faciliter les consensus entre les \u00c9tats membres et d&rsquo;assurer le suivi des accords techniques et politiques adopt\u00e9s. Ce leadership r\u00e9gional renforce le positionnement du pays comme r\u00e9f\u00e9rence en mati\u00e8re de gouvernance num\u00e9rique, de r\u00e9gulation des t\u00e9l\u00e9communications et de droits dans les environnements num\u00e9riques.<\/p>\n\n\n\n<h2 class=\"wp-block-heading\"><strong>Priorit\u00e9s : \u00ab la technologie avec un but \u00bb<\/strong><\/h2>\n\n\n\n<p>Par l&rsquo;interm\u00e9diaire du Minist\u00e8re des sciences, de l&rsquo;innovation, de la technologie et des t\u00e9l\u00e9communications (Micitt), le Costa Rica portera un mandat centr\u00e9 sur l&rsquo;id\u00e9e de \u00ab technologie avec un but \u00bb. Les priorit\u00e9s comprennent le renforcement de la s\u00e9curit\u00e9 num\u00e9rique, la promotion d&rsquo;une utilisation \u00e9thique des technologies et l&rsquo;\u00e9largissement de la connectivit\u00e9 dans les territoires vuln\u00e9rables et les communaut\u00e9s historiquement d\u00e9favoris\u00e9es. L&rsquo;approche vise \u00e9galement \u00e0 faire en sorte que la transformation num\u00e9rique contribue aux objectifs de d\u00e9veloppement durable, \u00e0 l&rsquo;inclusion sociale et \u00e0 la r\u00e9duction de la fracture num\u00e9rique.<\/p>\n\n\n\n<h2 class=\"wp-block-heading\"><strong>Message officiel du Costa Rica<\/strong><\/h2>\n\n\n\n<p>La ministre des sciences et de la technologie, Paula Bogantes, a d\u00e9clar\u00e9 que le Costa Rica assume cette pr\u00e9sidence \u00ab dans un esprit de dialogue, de coop\u00e9ration et de continuit\u00e9 \u00bb, avec l&rsquo;objectif de consolider la CITEL comme un espace technique solide pour la coordination r\u00e9gionale. Dans son discours, elle a soulign\u00e9 l&rsquo;importance de travailler conjointement entre pays pour relever des d\u00e9fis tels que la cybers\u00e9curit\u00e9, la r\u00e9gulation des nouvelles technologies et l&rsquo;inclusion d&rsquo;un plus grand nombre de personnes dans l&rsquo;\u00e9cosyst\u00e8me num\u00e9rique. Le pays s&rsquo;est engag\u00e9 \u00e0 mener un agenda fond\u00e9 sur la collaboration et la transparence, impliquant les gouvernements, le secteur priv\u00e9, le monde acad\u00e9mique et la soci\u00e9t\u00e9 civile.<\/p>\n\n\n\n<h2 class=\"wp-block-heading\"><strong>Sources officielles<\/strong><\/h2>\n\n\n\n<ul class=\"wp-block-list\">\n<li>Commission interam\u00e9ricaine des t\u00e9l\u00e9communications (CITEL) de l&rsquo;OEA : informations institutionnelles sur sa structure, ses mandats et ses organes de gouvernance.<\/li>\n\n\n\n<li>Minist\u00e8re des sciences, de l&rsquo;innovation, de la technologie et des t\u00e9l\u00e9communications (Micitt) : communiqu\u00e9s sur la pr\u00e9sidence de la COM\/CITEL et les priorit\u00e9s de \u00ab technologie avec un but \u00bb.<\/li>\n\n\n\n<li>Organisation des \u00c9tats am\u00e9ricains (OEA) : notes et documents sur la IXe Assembl\u00e9e de la CITEL et le Forum de haut niveau 2030.<\/li>\n<\/ul>\n","protected":false},"excerpt":{"rendered":"<p>Le Costa Rica \u00e0 la t\u00eate de la CITEL de l&rsquo;OEA Le pays a formellement assum\u00e9 la pr\u00e9sidence du Comit\u00e9 directeur permanent de la Commission interam\u00e9ricaine des t\u00e9l\u00e9communications (COM\/CITEL), organe sp\u00e9cialis\u00e9 de l&rsquo;OEA en mati\u00e8re de t\u00e9l\u00e9communications et de technologies de l&rsquo;information et de la communication. La d\u00e9signation a \u00e9t\u00e9 officialis\u00e9e le 17 mars, lors [&hellip;]<\/p>\n","protected":false},"author":16,"featured_media":11196,"comment_status":"open","ping_status":"open","sticky":false,"template":"","format":"standard","meta":{"footnotes":""},"categories":[86],"tags":[],"class_list":["post-11197","post","type-post","status-publish","format-standard","has-post-thumbnail","hentry","category-actualites"],"_links":{"self":[{"href":"https:\/\/peopleofcostarica.com\/fr\/wp-json\/wp\/v2\/posts\/11197","targetHints":{"allow":["GET"]}}],"collection":[{"href":"https:\/\/peopleofcostarica.com\/fr\/wp-json\/wp\/v2\/posts"}],"about":[{"href":"https:\/\/peopleofcostarica.com\/fr\/wp-json\/wp\/v2\/types\/post"}],"author":[{"embeddable":true,"href":"https:\/\/peopleofcostarica.com\/fr\/wp-json\/wp\/v2\/users\/16"}],"replies":[{"embeddable":true,"href":"https:\/\/peopleofcostarica.com\/fr\/wp-json\/wp\/v2\/comments?post=11197"}],"version-history":[{"count":1,"href":"https:\/\/peopleofcostarica.com\/fr\/wp-json\/wp\/v2\/posts\/11197\/revisions"}],"predecessor-version":[{"id":11198,"href":"https:\/\/peopleofcostarica.com\/fr\/wp-json\/wp\/v2\/posts\/11197\/revisions\/11198"}],"wp:featuredmedia":[{"embeddable":true,"href":"https:\/\/peopleofcostarica.com\/fr\/wp-json\/wp\/v2\/media\/11196"}],"wp:attachment":[{"href":"https:\/\/peopleofcostarica.com\/fr\/wp-json\/wp\/v2\/media?parent=11197"}],"wp:term":[{"taxonomy":"category","embeddable":true,"href":"https:\/\/peopleofcostarica.com\/fr\/wp-json\/wp\/v2\/categories?post=11197"},{"taxonomy":"post_tag","embeddable":true,"href":"https:\/\/peopleofcostarica.com\/fr\/wp-json\/wp\/v2\/tags?post=11197"}],"curies":[{"name":"wp","href":"https:\/\/api.w.org\/{rel}","templated":true}]}}