{"id":11188,"date":"2026-03-23T14:26:14","date_gmt":"2026-03-23T20:26:14","guid":{"rendered":"https:\/\/peopleofcostarica.com\/?p=11188"},"modified":"2026-03-23T14:29:49","modified_gmt":"2026-03-23T20:29:49","slug":"nouvelle-piece-de-collection-dediee-a-la-basilique","status":"publish","type":"post","link":"https:\/\/peopleofcostarica.com\/fr\/nouvelle-piece-de-collection-dediee-a-la-basilique\/","title":{"rendered":"Nouvelle pi\u00e8ce de collection d\u00e9di\u00e9e \u00e0 la Basilique"},"content":{"rendered":"\n<p>Il s&rsquo;agit de la cinqui\u00e8me pi\u00e8ce de collection de \u20a125 de la s\u00e9rie \u00e9mise par la Banque centrale du Costa Rica (BCCR), d\u00e9di\u00e9e cette fois \u00e0 la Basilique de Notre-Dame des Anges, principal sanctuaire catholique du pays et symbole de la province de Cartago. Au revers de la pi\u00e8ce figurent les inscriptions \u00ab Province de Cartago \u00bb, \u00ab Basilique de Notre-Dame des Anges \u00bb et \u00ab 2023 \u00bb, accompagn\u00e9es d&rsquo;une repr\u00e9sentation de la basilique, mettant en valeur son importance historique et religieuse. La pi\u00e8ce honore \u00e9galement la tradition du p\u00e8lerinage annuel (romer\u00eda), l&rsquo;une des manifestations de foi les plus importantes du Costa Rica.<\/p>\n\n\n\n<h2 class=\"wp-block-heading\"><strong>Caract\u00e9ristiques, prix et pr\u00e9sentations<\/strong><\/h2>\n\n\n\n<p>La BCCR a annonc\u00e9 que 10 000 pi\u00e8ces ont \u00e9t\u00e9 frapp\u00e9es en pr\u00e9sentation acrylique et 7 000 en \u00e9crin, toutes au prix de \u20a19 050 l&rsquo;unit\u00e9, quel que soit le type d&#8217;emballage. Ces pi\u00e8ces seront vendues exclusivement par les \u00e9tablissements financiers agr\u00e9\u00e9s par la Banque centrale, qui recevront des quantit\u00e9s d\u00e9finies selon leurs besoins. L&rsquo;avers porte les inscriptions \u00ab R\u00e9publique du Costa Rica \u00bb et \u00ab Banque centrale du Costa Rica \u00bb, ainsi que deux barres en relief dans la partie inf\u00e9rieure pour faciliter la reconnaissance au toucher, avec une tranche lisse.<\/p>\n\n\n\n<h2 class=\"wp-block-heading\"><strong>Limites d&rsquo;achat et distribution<\/strong><\/h2>\n\n\n\n<p>Afin de permettre au plus grand nombre de personnes d&rsquo;acqu\u00e9rir la pi\u00e8ce, la Banque centrale a fix\u00e9 un maximum de deux pi\u00e8ces par personne, que ce soit en pr\u00e9sentation acrylique ou en \u00e9crin. Chaque \u00e9tablissement financier d\u00e9cidera dans quelles agences ou points de service la pi\u00e8ce sera propos\u00e9e et combien d&rsquo;unit\u00e9s de chaque pr\u00e9sentation seront disponibles \u00e0 chaque endroit. La BCCR souligne qu&rsquo;il s&rsquo;agit d&rsquo;une \u00e9mission limit\u00e9e et recommande aux personnes int\u00e9ress\u00e9es de se renseigner directement aupr\u00e8s de leur \u00e9tablissement financier de pr\u00e9f\u00e9rence.<\/p>\n\n\n\n<h2 class=\"wp-block-heading\"><strong>Pi\u00e8ce de circulation courante de \u20a125<\/strong><\/h2>\n\n\n\n<p>En plus de la pi\u00e8ce de collection, la Banque centrale mettra en circulation une pi\u00e8ce de \u20a125 \u00e0 usage courant, sans application de couleurs, qui servira de moyen de paiement dans tout le pays. La distribution de cette pi\u00e8ce d\u00e9butera \u00e9galement le 25 mars par l&rsquo;interm\u00e9diaire des \u00e9tablissements du syst\u00e8me financier national, qui r\u00e9pondent aux besoins des particuliers et des entreprises. Dans le cadre du processus de remplacement du mod\u00e8le pr\u00e9c\u00e9dent, la BCCR invite le public \u00e0 faciliter la mise en circulation des nouvelles pi\u00e8ces afin de normaliser progressivement la disponibilit\u00e9 de cette valeur faciale.<\/p>\n\n\n\n<h2 class=\"wp-block-heading\"><strong>Sources officielles<\/strong><\/h2>\n\n\n\n<ul class=\"wp-block-list\">\n<li>Communiqu\u00e9 de la Banque centrale du Costa Rica sur la pi\u00e8ce de collection de \u20a125 d\u00e9di\u00e9e \u00e0 la Basilique de Notre-Dame des Anges et sur la nouvelle pi\u00e8ce de circulation courante.<\/li>\n\n\n\n<li>Informations publi\u00e9es par les \u00e9tablissements financiers agr\u00e9\u00e9s sur leurs canaux concernant les points de vente et la disponibilit\u00e9 de la pi\u00e8ce de collection.<\/li>\n<\/ul>\n","protected":false},"excerpt":{"rendered":"<p>Il s&rsquo;agit de la cinqui\u00e8me pi\u00e8ce de collection de \u20a125 de la s\u00e9rie \u00e9mise par la Banque centrale du Costa Rica (BCCR), d\u00e9di\u00e9e cette fois \u00e0 la Basilique de Notre-Dame des Anges, principal sanctuaire catholique du pays et symbole de la province de Cartago. Au revers de la pi\u00e8ce figurent les inscriptions \u00ab Province de [&hellip;]<\/p>\n","protected":false},"author":16,"featured_media":11187,"comment_status":"open","ping_status":"open","sticky":false,"template":"","format":"standard","meta":{"footnotes":""},"categories":[86,98],"tags":[],"class_list":["post-11188","post","type-post","status-publish","format-standard","has-post-thumbnail","hentry","category-actualites","category-nouvelles-nationales"],"_links":{"self":[{"href":"https:\/\/peopleofcostarica.com\/fr\/wp-json\/wp\/v2\/posts\/11188","targetHints":{"allow":["GET"]}}],"collection":[{"href":"https:\/\/peopleofcostarica.com\/fr\/wp-json\/wp\/v2\/posts"}],"about":[{"href":"https:\/\/peopleofcostarica.com\/fr\/wp-json\/wp\/v2\/types\/post"}],"author":[{"embeddable":true,"href":"https:\/\/peopleofcostarica.com\/fr\/wp-json\/wp\/v2\/users\/16"}],"replies":[{"embeddable":true,"href":"https:\/\/peopleofcostarica.com\/fr\/wp-json\/wp\/v2\/comments?post=11188"}],"version-history":[{"count":1,"href":"https:\/\/peopleofcostarica.com\/fr\/wp-json\/wp\/v2\/posts\/11188\/revisions"}],"predecessor-version":[{"id":11189,"href":"https:\/\/peopleofcostarica.com\/fr\/wp-json\/wp\/v2\/posts\/11188\/revisions\/11189"}],"wp:featuredmedia":[{"embeddable":true,"href":"https:\/\/peopleofcostarica.com\/fr\/wp-json\/wp\/v2\/media\/11187"}],"wp:attachment":[{"href":"https:\/\/peopleofcostarica.com\/fr\/wp-json\/wp\/v2\/media?parent=11188"}],"wp:term":[{"taxonomy":"category","embeddable":true,"href":"https:\/\/peopleofcostarica.com\/fr\/wp-json\/wp\/v2\/categories?post=11188"},{"taxonomy":"post_tag","embeddable":true,"href":"https:\/\/peopleofcostarica.com\/fr\/wp-json\/wp\/v2\/tags?post=11188"}],"curies":[{"name":"wp","href":"https:\/\/api.w.org\/{rel}","templated":true}]}}