{"id":11177,"date":"2026-03-23T14:14:51","date_gmt":"2026-03-23T20:14:51","guid":{"rendered":"https:\/\/peopleofcostarica.com\/?p=11177"},"modified":"2026-03-23T14:17:09","modified_gmt":"2026-03-23T20:17:09","slug":"le-costa-rica-a-ete-reconnu-comme-meilleure-destination-nature-lors-de-la-premiere-edition-des-forbes-travel-awards-2026","status":"publish","type":"post","link":"https:\/\/peopleofcostarica.com\/fr\/le-costa-rica-a-ete-reconnu-comme-meilleure-destination-nature-lors-de-la-premiere-edition-des-forbes-travel-awards-2026\/","title":{"rendered":"Le Costa Rica a \u00e9t\u00e9 reconnu comme \u00ab Meilleure Destination Nature \u00bb lors de la premi\u00e8re \u00e9dition des Forbes Travel Awards 2026"},"content":{"rendered":"\n<h2 class=\"wp-block-heading\"><strong>La reconnaissance des Forbes Travel Awards 2026<\/strong><\/h2>\n\n\n\n<p>Le 17 mars 2026, lors d&rsquo;une c\u00e9r\u00e9monie organis\u00e9e \u00e0 Madrid, en Espagne, Forbes a remis au Costa Rica le prix de la Meilleure Destination Nature lors des Forbes Travel Awards, l&rsquo;une des distinctions \u00e9ditoriales les plus influentes de l&rsquo;industrie touristique. Cette distinction positionne le pays aux c\u00f4t\u00e9s d&rsquo;autres destinations de premier plan prim\u00e9es dans des cat\u00e9gories telles que la meilleure destination internationale, la meilleure destination culturelle et la meilleure destination d&rsquo;affaires. La repr\u00e9sentation officielle du Costa Rica lors de la c\u00e9r\u00e9monie \u00e9tait assur\u00e9e par la ministre-conseill\u00e8re Guisella S\u00e1nchez Castillo, de l&rsquo;ambassade en Espagne.<\/p>\n\n\n\n<h2 class=\"wp-block-heading\"><strong>Pourquoi le Costa Rica a \u00e9t\u00e9 prim\u00e9<\/strong><\/h2>\n\n\n\n<p>Selon Forbes et l&rsquo;Institut costaricien du tourisme (ICT), parmi les facteurs cl\u00e9s de cette reconnaissance figurent le fait que le Costa Rica abrite environ 6,5 % de la biodiversit\u00e9 mondiale et prot\u00e8ge plus de 25 % de son territoire par le biais de parcs nationaux et de zones de conservation. Le comit\u00e9 \u00e9ditorial a particuli\u00e8rement valoris\u00e9 le mod\u00e8le de tourisme durable du pays, fond\u00e9 sur la combinaison de nature, de conservation, d&rsquo;innovation et d&rsquo;exp\u00e9riences qui g\u00e9n\u00e8rent un impact positif et r\u00e9g\u00e9n\u00e9rateur sur les communaut\u00e9s locales. Forbes a mis en avant l&rsquo;excellence de la destination dans des aspects tels que la qualit\u00e9 de ses environnements naturels, la gestion responsable des ressources et la projection internationale de la marque pays Esencial Costa Rica.<\/p>\n\n\n\n<h2 class=\"wp-block-heading\"><strong>Le tourisme durable comme politique d&rsquo;\u00c9tat<\/strong><\/h2>\n\n\n\n<p>L&rsquo;ICT a rappel\u00e9 que le Costa Rica mise depuis des d\u00e9cennies sur un mod\u00e8le touristique durable, soutenu par des instruments tels que le Certificat de durabilit\u00e9 touristique (CST) et la promotion d&rsquo;entreprises int\u00e9grant des pratiques responsables. En 2024 seulement, 134 entreprises touristiques ont \u00e9t\u00e9 reconnues par l&rsquo;ICT pour leur engagement envers la durabilit\u00e9, ce qui renforce la coh\u00e9rence entre le discours environnemental et le fonctionnement quotidien du secteur. Pour les autorit\u00e9s, le prix Forbes confirme que cette approche a permis au pays de r\u00e9ussir sur le march\u00e9 touristique mondial sans sacrifier sa richesse naturelle.<\/p>\n\n\n\n<h2 class=\"wp-block-heading\"><strong>D\u00e9clarations officielles et projection internationale<\/strong><\/h2>\n\n\n\n<p>Le ministre du Tourisme, William Rodr\u00edguez, a soulign\u00e9 que la reconnaissance invite \u00e0 \u00ab renforcer notre mod\u00e8le touristique durable \u00bb et \u00e0 continuer d&rsquo;offrir des exp\u00e9riences permettant aux visiteurs de \u00ab vivre ce qui est v\u00e9ritablement essentiel \u00bb et de renouer avec la nature. L&rsquo;ICT a c\u00e9l\u00e9br\u00e9 le prix comme une r\u00e9affirmation du leadership international du Costa Rica en mati\u00e8re de tourisme responsable, de biodiversit\u00e9 et de bien-\u00eatre, en insistant sur le fait qu&rsquo;il s&rsquo;agit d&rsquo;une r\u00e9ussite de l&rsquo;ensemble du secteur. En Europe, le prix co\u00efncide avec une croissance de 9 % des arriv\u00e9es de touristes europ\u00e9ens par voie a\u00e9rienne au cours des deux premiers mois de 2026, ce qui renforce le positionnement du pays sur ce march\u00e9.<\/p>\n\n\n\n<h2 class=\"wp-block-heading\"><strong>Sources officielles<\/strong><\/h2>\n\n\n\n<ul class=\"wp-block-list\">\n<li>Institut costaricien du tourisme (ICT) et ses communiqu\u00e9s sur les r\u00e9seaux sociaux concernant le prix Forbes et le leadership en tourisme durable.<\/li>\n\n\n\n<li>Forbes Travel Awards 2026 et notes explicatives sur les crit\u00e8res et les laur\u00e9ats de l&rsquo;\u00e9dition.<\/li>\n\n\n\n<li>Couverture de m\u00e9dias tels que Telediario, Infobae et The Tico Times d\u00e9taillant la reconnaissance, les chiffres de la biodiversit\u00e9 et le mod\u00e8le touristique costaricien.<\/li>\n<\/ul>\n","protected":false},"excerpt":{"rendered":"<p>La reconnaissance des Forbes Travel Awards 2026 Le 17 mars 2026, lors d&rsquo;une c\u00e9r\u00e9monie organis\u00e9e \u00e0 Madrid, en Espagne, Forbes a remis au Costa Rica le prix de la Meilleure Destination Nature lors des Forbes Travel Awards, l&rsquo;une des distinctions \u00e9ditoriales les plus influentes de l&rsquo;industrie touristique. Cette distinction positionne le pays aux c\u00f4t\u00e9s d&rsquo;autres [&hellip;]<\/p>\n","protected":false},"author":16,"featured_media":11176,"comment_status":"open","ping_status":"open","sticky":false,"template":"","format":"standard","meta":{"footnotes":""},"categories":[92,102],"tags":[],"class_list":["post-11177","post","type-post","status-publish","format-standard","has-post-thumbnail","hentry","category-le-costa-rica-dans-le-monde","category-tourisme-et-culture"],"_links":{"self":[{"href":"https:\/\/peopleofcostarica.com\/fr\/wp-json\/wp\/v2\/posts\/11177","targetHints":{"allow":["GET"]}}],"collection":[{"href":"https:\/\/peopleofcostarica.com\/fr\/wp-json\/wp\/v2\/posts"}],"about":[{"href":"https:\/\/peopleofcostarica.com\/fr\/wp-json\/wp\/v2\/types\/post"}],"author":[{"embeddable":true,"href":"https:\/\/peopleofcostarica.com\/fr\/wp-json\/wp\/v2\/users\/16"}],"replies":[{"embeddable":true,"href":"https:\/\/peopleofcostarica.com\/fr\/wp-json\/wp\/v2\/comments?post=11177"}],"version-history":[{"count":1,"href":"https:\/\/peopleofcostarica.com\/fr\/wp-json\/wp\/v2\/posts\/11177\/revisions"}],"predecessor-version":[{"id":11178,"href":"https:\/\/peopleofcostarica.com\/fr\/wp-json\/wp\/v2\/posts\/11177\/revisions\/11178"}],"wp:featuredmedia":[{"embeddable":true,"href":"https:\/\/peopleofcostarica.com\/fr\/wp-json\/wp\/v2\/media\/11176"}],"wp:attachment":[{"href":"https:\/\/peopleofcostarica.com\/fr\/wp-json\/wp\/v2\/media?parent=11177"}],"wp:term":[{"taxonomy":"category","embeddable":true,"href":"https:\/\/peopleofcostarica.com\/fr\/wp-json\/wp\/v2\/categories?post=11177"},{"taxonomy":"post_tag","embeddable":true,"href":"https:\/\/peopleofcostarica.com\/fr\/wp-json\/wp\/v2\/tags?post=11177"}],"curies":[{"name":"wp","href":"https:\/\/api.w.org\/{rel}","templated":true}]}}