{"id":11158,"date":"2026-03-23T14:00:36","date_gmt":"2026-03-23T20:00:36","guid":{"rendered":"https:\/\/peopleofcostarica.com\/?p=11158"},"modified":"2026-03-23T14:08:04","modified_gmt":"2026-03-23T20:08:04","slug":"la-selection-feminine-u-17-du-costa-rica-est-eliminee-du-processus-de-qualification-pour-la-coupe-du-monde-2026-au-maroc","status":"publish","type":"post","link":"https:\/\/peopleofcostarica.com\/fr\/la-selection-feminine-u-17-du-costa-rica-est-eliminee-du-processus-de-qualification-pour-la-coupe-du-monde-2026-au-maroc\/","title":{"rendered":"La s\u00e9lection f\u00e9minine U-17 du Costa Rica est \u00e9limin\u00e9e du processus de qualification pour la Coupe du Monde 2026 au Maroc"},"content":{"rendered":"\n<h2 class=\"wp-block-heading\"><strong>D\u00e9faite face au Mexique et adieu \u00e0 la Coupe du Monde<\/strong><\/h2>\n\n\n\n<p>La Tricolor U-17 abordait son dernier match du Groupe C avec l&rsquo;obligation d&rsquo;arracher au moins un match nul face au Mexique pour conserver des chances de qualification pour la Coupe du Monde. Cependant, le Mexique s&rsquo;est impos\u00e9 2-0 avec des buts aux 43e et 81e minutes, un r\u00e9sultat qui lui a assur\u00e9 sa qualification directe pour la Coupe du Monde 2026 au Maroc. Avec cette d\u00e9faite, le Costa Rica a dit adieu \u00e0 son r\u00eave mondial malgr\u00e9 le fait d&rsquo;avoir accueilli cette phase finale au si\u00e8ge de la F\u00e9d\u00e9ration costaricienne de football.<\/p>\n\n\n\n<h2 class=\"wp-block-heading\"><strong>La campagne du Costa Rica dans le Groupe C<\/strong><\/h2>\n\n\n\n<p>Dans la phase de groupes, le Costa Rica a \u00e9t\u00e9 int\u00e9gr\u00e9 au Groupe C aux c\u00f4t\u00e9s du Mexique, du Panama et de la Jama\u00efque, dans le cadre des \u00e9liminatoires f\u00e9minines U-17 de la Concacaf 2026. La s\u00e9lection avait remport\u00e9 deux victoires pr\u00e9alables, dont un succ\u00e8s 3-1 face au Panama, et abordait le match d\u00e9cisif avec six points et une diff\u00e9rence de buts positive. Cependant, ses performances n&rsquo;ont pas suffi pour avancer en tant que meilleur deuxi\u00e8me, et la d\u00e9faite finale face au Mexique a laiss\u00e9 l&rsquo;\u00e9quipe hors des places qualificatives pour la Coupe du Monde.<\/p>\n\n\n\n<h2 class=\"wp-block-heading\"><strong>Le Mexique assure son billet pour le Maroc 2026<\/strong><\/h2>\n\n\n\n<p>Le Mexique, de son c\u00f4t\u00e9, a r\u00e9alis\u00e9 une phase de groupes parfaite dans le Groupe C avec trois victoires en trois matchs, une attaque productive et une d\u00e9fense solide, lui permettant de s&rsquo;adjuger le seul billet direct disponible dans cette poule. La victoire face au Costa Rica a confirm\u00e9 le Mexique comme leader du groupe et qualifi\u00e9 pour la Coupe du Monde f\u00e9minine U-17, qui se disputera du 17 octobre au 7 novembre 2026 au Maroc. Divers m\u00e9dias mexicains ont soulign\u00e9 que ce r\u00e9sultat confirme la bonne dynamique des processus de formation f\u00e9minine jeunesse dans ce pays.<\/p>\n\n\n\n<h2 class=\"wp-block-heading\"><strong>Bilan pour le football f\u00e9minin jeunesse du Costa Rica<\/strong><\/h2>\n\n\n\n<p>Malgr\u00e9 l&rsquo;\u00e9chec de la qualification, la s\u00e9lection costaricienne a montr\u00e9 des s\u00e9quences d&rsquo;un bon niveau comp\u00e9titif et a r\u00e9ussi \u00e0 gagner deux de ses trois rencontres dans le groupe. L&rsquo;\u00e9limination a raviv\u00e9 le d\u00e9bat sur la n\u00e9cessit\u00e9 de renforcer les ligues de formation, les infrastructures et l&rsquo;investissement dans le football f\u00e9minin au Costa Rica. Les analystes locaux s&rsquo;accordent \u00e0 dire que le d\u00e9fi sera de capitaliser sur l&rsquo;exp\u00e9rience de ce processus afin d&rsquo;am\u00e9liorer la pr\u00e9paration des g\u00e9n\u00e9rations futures dans les cat\u00e9gories jeunes.<\/p>\n\n\n\n<h2 class=\"wp-block-heading\"><strong>Sources officielles<\/strong><\/h2>\n\n\n\n<ul class=\"wp-block-list\">\n<li>Concacaf, section des \u00e9liminatoires f\u00e9minines U-17 2026 et classements officiels du Groupe C.<\/li>\n\n\n\n<li>Couverture des m\u00e9dias costariciens tels que CRHoy, La Naci\u00f3n et Everardo Herrera, avec des comptes-rendus du match face au Mexique et des analyses de l&rsquo;\u00e9limination.<\/li>\n\n\n\n<li>M\u00e9dias internationaux et sp\u00e9cialis\u00e9s rapportant la qualification du Mexique pour la Coupe du Monde f\u00e9minine U-17 2026 au Maroc.<\/li>\n<\/ul>\n","protected":false},"excerpt":{"rendered":"<p>D\u00e9faite face au Mexique et adieu \u00e0 la Coupe du Monde La Tricolor U-17 abordait son dernier match du Groupe C avec l&rsquo;obligation d&rsquo;arracher au moins un match nul face au Mexique pour conserver des chances de qualification pour la Coupe du Monde. Cependant, le Mexique s&rsquo;est impos\u00e9 2-0 avec des buts aux 43e et [&hellip;]<\/p>\n","protected":false},"author":16,"featured_media":11157,"comment_status":"open","ping_status":"open","sticky":false,"template":"","format":"standard","meta":{"footnotes":""},"categories":[86,100],"tags":[],"class_list":["post-11158","post","type-post","status-publish","format-standard","has-post-thumbnail","hentry","category-actualites","category-sportif"],"_links":{"self":[{"href":"https:\/\/peopleofcostarica.com\/fr\/wp-json\/wp\/v2\/posts\/11158","targetHints":{"allow":["GET"]}}],"collection":[{"href":"https:\/\/peopleofcostarica.com\/fr\/wp-json\/wp\/v2\/posts"}],"about":[{"href":"https:\/\/peopleofcostarica.com\/fr\/wp-json\/wp\/v2\/types\/post"}],"author":[{"embeddable":true,"href":"https:\/\/peopleofcostarica.com\/fr\/wp-json\/wp\/v2\/users\/16"}],"replies":[{"embeddable":true,"href":"https:\/\/peopleofcostarica.com\/fr\/wp-json\/wp\/v2\/comments?post=11158"}],"version-history":[{"count":1,"href":"https:\/\/peopleofcostarica.com\/fr\/wp-json\/wp\/v2\/posts\/11158\/revisions"}],"predecessor-version":[{"id":11160,"href":"https:\/\/peopleofcostarica.com\/fr\/wp-json\/wp\/v2\/posts\/11158\/revisions\/11160"}],"wp:featuredmedia":[{"embeddable":true,"href":"https:\/\/peopleofcostarica.com\/fr\/wp-json\/wp\/v2\/media\/11157"}],"wp:attachment":[{"href":"https:\/\/peopleofcostarica.com\/fr\/wp-json\/wp\/v2\/media?parent=11158"}],"wp:term":[{"taxonomy":"category","embeddable":true,"href":"https:\/\/peopleofcostarica.com\/fr\/wp-json\/wp\/v2\/categories?post=11158"},{"taxonomy":"post_tag","embeddable":true,"href":"https:\/\/peopleofcostarica.com\/fr\/wp-json\/wp\/v2\/tags?post=11158"}],"curies":[{"name":"wp","href":"https:\/\/api.w.org\/{rel}","templated":true}]}}