{"id":11015,"date":"2026-03-19T15:33:28","date_gmt":"2026-03-19T21:33:28","guid":{"rendered":"https:\/\/peopleofcostarica.com\/?p=11015"},"modified":"2026-03-19T15:37:32","modified_gmt":"2026-03-19T21:37:32","slug":"le-costa-rica-a-acheve-sa-premiere-participation-a-un-championnat-du-monde-universitaire-de-cross-country-en-italie-2026","status":"publish","type":"post","link":"https:\/\/peopleofcostarica.com\/fr\/le-costa-rica-a-acheve-sa-premiere-participation-a-un-championnat-du-monde-universitaire-de-cross-country-en-italie-2026\/","title":{"rendered":"Le Costa Rica a achev\u00e9 sa premi\u00e8re participation \u00e0 un Championnat du Monde Universitaire de Cross-Country en Italie 2026"},"content":{"rendered":"\n<h2 class=\"wp-block-heading\"><strong>Les d\u00e9buts historiques du Costa Rica au Championnat du Monde Universitaire<\/strong><\/h2>\n\n\n\n<p>Le Championnat du Monde Universitaire de Cross-Country 2026 s&rsquo;est disput\u00e9 les 14 et 15 mars \u00e0 Cassino, en Italie, sous l&rsquo;organisation de la F\u00e9d\u00e9ration internationale du sport universitaire (FISU) et de l&rsquo;Universit\u00e9 des \u00e9tudes de Cassino et du Latium m\u00e9ridional.<\/p>\n\n\n\n<p>C&rsquo;\u00e9tait la premi\u00e8re fois que le Costa Rica participait \u00e0 cet \u00e9v\u00e9nement, ce qui repr\u00e9sente une \u00e9tape historique pour le sport universitaire du pays et ouvre la porte \u00e0 de futures participations \u00e0 des comp\u00e9titions internationales de haut niveau. La d\u00e9l\u00e9gation costaricienne \u00e9tait compos\u00e9e exclusivement d&rsquo;\u00e9tudiants-athl\u00e8tes de l&rsquo;Institut technologique du Costa Rica (TEC), en coordination avec la F\u00e9d\u00e9ration universitaire des sports (FedeU).<\/p>\n\n\n\n<h2 class=\"wp-block-heading\"><strong>Les athl\u00e8tes qui ont repr\u00e9sent\u00e9 le pays<\/strong><\/h2>\n\n\n\n<p>Le Costa Rica \u00e9tait repr\u00e9sent\u00e9 par trois athl\u00e8tes universitaires : Salma Villatoro Cantarero dans la cat\u00e9gorie f\u00e9minine, et Marvin Araya Salazar et Marco G\u00f3mez Angulo dans la cat\u00e9gorie masculine, tous \u00e9tudiants au TEC. Villatoro \u00e9tudie le g\u00e9nie de la production industrielle, Araya suit une formation en administration des affaires et G\u00f3mez est \u00e9tudiant en ing\u00e9nierie des agro-industries \u2014 chacun alliant formation acad\u00e9mique et comp\u00e9tition sportive de haut niveau.<\/p>\n\n\n\n<p>L&rsquo;\u00e9quipe a voyag\u00e9 accompagn\u00e9e de l&rsquo;entra\u00eeneur Johnny Lor\u00eda Solano, fort de plus de trois d\u00e9cennies d&rsquo;exp\u00e9rience dans l&rsquo;athl\u00e9tisme national, charg\u00e9 de la pr\u00e9paration et de l&rsquo;encadrement technique en Italie.<\/p>\n\n\n\n<h2 class=\"wp-block-heading\"><strong>R\u00e9sultats et exp\u00e9rience comp\u00e9titive en Italie<\/strong><\/h2>\n\n\n\n<p>Les athl\u00e8tes costariciens ont affront\u00e9 des d\u00e9l\u00e9gations universitaires d&rsquo;Europe, des Am\u00e9riques, d&rsquo;Afrique et d&rsquo;Asie, sur des circuits de cross-country con\u00e7us pour \u00e9prouver \u00e0 la fois l&rsquo;endurance physique et la strat\u00e9gie de course.<\/p>\n\n\n\n<p>Selon les r\u00e9sultats officiels publi\u00e9s par World Athletics et la FISU, le fondeur Marco G\u00f3mez a termin\u00e9 son \u00e9preuve \u00e0 la 40e place, se distinguant parmi les repr\u00e9sentants latino-am\u00e9ricains dans le classement masculin. Au-del\u00e0 des positions finales, la participation a \u00e9t\u00e9 valoris\u00e9e comme une exp\u00e9rience formative cl\u00e9, permettant aux athl\u00e8tes de se mesurer \u00e0 des adversaires de haut niveau et d&rsquo;acqu\u00e9rir une exp\u00e9rience internationale pr\u00e9cieuse.<\/p>\n\n\n\n<h2 class=\"wp-block-heading\"><strong>Pr\u00e9paration, c\u00e9r\u00e9monie de serment et soutien institutionnel<\/strong><\/h2>\n\n\n\n<p>La pr\u00e9paration de la d\u00e9l\u00e9gation a inclus des s\u00e9ances sp\u00e9cifiques de cross-country et un processus de s\u00e9lection interne au TEC, en coordination avec le D\u00e9partement de culture et de sport de l&rsquo;institution. La c\u00e9r\u00e9monie officielle de serment s&rsquo;est tenue le 27 f\u00e9vrier sur le campus de l&rsquo;Institut technologique du Costa Rica \u00e0 Cartago, lors d&rsquo;un \u00e9v\u00e9nement organis\u00e9 par FedeU, o\u00f9 la vice-pr\u00e9sidente Rosaura M\u00e9ndez a remis le drapeau national aux athl\u00e8tes.<\/p>\n\n\n\n<p>Ce soutien institutionnel t\u00e9moigne de l&rsquo;int\u00e9r\u00eat des universit\u00e9s publiques costariciennes \u00e0 promouvoir le sport de haute performance comme compl\u00e9ment \u00e0 la formation acad\u00e9mique.<\/p>\n\n\n\n<h2 class=\"wp-block-heading\"><strong>Perspectives pour le sport universitaire costaricien<\/strong><\/h2>\n\n\n\n<p>La participation au Championnat du Monde Universitaire de Cross-Country 2026 est consid\u00e9r\u00e9e comme une \u00e9tape importante pour consolider des processus de haut niveau au sein du sport universitaire costaricien. FedeU et le TEC ont indiqu\u00e9 que cette exp\u00e9rience permettra d&rsquo;am\u00e9liorer la planification, la d\u00e9tection des talents et le d\u00e9veloppement des athl\u00e8tes en vue de futurs championnats du monde universitaires et d&rsquo;\u00e9v\u00e9nements organis\u00e9s par la FISU.<\/p>\n\n\n\n<p>L&rsquo;objectif \u00e0 moyen terme est que davantage d&rsquo;\u00e9tablissements d&rsquo;enseignement sup\u00e9rieur costariciens rejoignent ces comp\u00e9titions, \u00e9largissant ainsi le vivier d&rsquo;athl\u00e8tes et la pr\u00e9sence internationale du pays dans diff\u00e9rentes disciplines.<\/p>\n\n\n\n<h2 class=\"wp-block-heading\"><strong>Sources officielles<\/strong><\/h2>\n\n\n\n<ul class=\"wp-block-list\">\n<li>Institut technologique du Costa Rica (TEC), article : \u00ab Trois athl\u00e8tes du TEC participent au Championnat du Monde Universitaire de Cross-Country en Italie. \u00bb<\/li>\n\n\n\n<li>F\u00e9d\u00e9ration universitaire des sports (FedeU), communiqu\u00e9s sur la participation du Costa Rica au Championnat du Monde Universitaire de Cross-Country 2026.<\/li>\n\n\n\n<li>Articles de la presse nationale d\u00e9taillant la participation et le contexte de l&rsquo;\u00e9v\u00e9nement, tels que Delfino.cr et Semanario Universidad.<\/li>\n\n\n\n<li>R\u00e9sultats officiels publi\u00e9s sur la plateforme de World Athletics et liens diffus\u00e9s par la FISU pour le Championnat du Monde Universitaire de Cross-Country.<\/li>\n<\/ul>\n","protected":false},"excerpt":{"rendered":"<p>Les d\u00e9buts historiques du Costa Rica au Championnat du Monde Universitaire Le Championnat du Monde Universitaire de Cross-Country 2026 s&rsquo;est disput\u00e9 les 14 et 15 mars \u00e0 Cassino, en Italie, sous l&rsquo;organisation de la F\u00e9d\u00e9ration internationale du sport universitaire (FISU) et de l&rsquo;Universit\u00e9 des \u00e9tudes de Cassino et du Latium m\u00e9ridional. C&rsquo;\u00e9tait la premi\u00e8re fois [&hellip;]<\/p>\n","protected":false},"author":16,"featured_media":11014,"comment_status":"open","ping_status":"open","sticky":false,"template":"","format":"standard","meta":{"footnotes":""},"categories":[92],"tags":[],"class_list":["post-11015","post","type-post","status-publish","format-standard","has-post-thumbnail","hentry","category-le-costa-rica-dans-le-monde"],"_links":{"self":[{"href":"https:\/\/peopleofcostarica.com\/fr\/wp-json\/wp\/v2\/posts\/11015","targetHints":{"allow":["GET"]}}],"collection":[{"href":"https:\/\/peopleofcostarica.com\/fr\/wp-json\/wp\/v2\/posts"}],"about":[{"href":"https:\/\/peopleofcostarica.com\/fr\/wp-json\/wp\/v2\/types\/post"}],"author":[{"embeddable":true,"href":"https:\/\/peopleofcostarica.com\/fr\/wp-json\/wp\/v2\/users\/16"}],"replies":[{"embeddable":true,"href":"https:\/\/peopleofcostarica.com\/fr\/wp-json\/wp\/v2\/comments?post=11015"}],"version-history":[{"count":1,"href":"https:\/\/peopleofcostarica.com\/fr\/wp-json\/wp\/v2\/posts\/11015\/revisions"}],"predecessor-version":[{"id":11016,"href":"https:\/\/peopleofcostarica.com\/fr\/wp-json\/wp\/v2\/posts\/11015\/revisions\/11016"}],"wp:featuredmedia":[{"embeddable":true,"href":"https:\/\/peopleofcostarica.com\/fr\/wp-json\/wp\/v2\/media\/11014"}],"wp:attachment":[{"href":"https:\/\/peopleofcostarica.com\/fr\/wp-json\/wp\/v2\/media?parent=11015"}],"wp:term":[{"taxonomy":"category","embeddable":true,"href":"https:\/\/peopleofcostarica.com\/fr\/wp-json\/wp\/v2\/categories?post=11015"},{"taxonomy":"post_tag","embeddable":true,"href":"https:\/\/peopleofcostarica.com\/fr\/wp-json\/wp\/v2\/tags?post=11015"}],"curies":[{"name":"wp","href":"https:\/\/api.w.org\/{rel}","templated":true}]}}