{"id":11006,"date":"2026-03-19T15:26:15","date_gmt":"2026-03-19T21:26:15","guid":{"rendered":"https:\/\/peopleofcostarica.com\/?p=11006"},"modified":"2026-03-19T15:29:56","modified_gmt":"2026-03-19T21:29:56","slug":"breeze-airways-arrive-pour-la-premiere-fois-au-costa-rica","status":"publish","type":"post","link":"https:\/\/peopleofcostarica.com\/fr\/breeze-airways-arrive-pour-la-premiere-fois-au-costa-rica\/","title":{"rendered":"Breeze Airways arrive pour la premi\u00e8re fois au Costa Rica"},"content":{"rendered":"\n<p>La compagnie a\u00e9rienne am\u00e9ricaine Breeze Airways a annonc\u00e9 qu&rsquo;elle lancera des vols sans escale entre l&rsquo;a\u00e9roport international de Tampa (TPA) et l&rsquo;a\u00e9roport international Juan Santamar\u00eda (SJO) de San Jos\u00e9 \u00e0 partir du 3 octobre 2026.<\/p>\n\n\n\n<p>Il s&rsquo;agit de la premi\u00e8re op\u00e9ration de Breeze au Costa Rica et d&rsquo;une connexion in\u00e9dite Tampa\u2013San Jos\u00e9, qui \u00e9largit la pr\u00e9sence de la compagnie en Am\u00e9rique centrale et dans les Cara\u00efbes. Avec cette route, le Costa Rica devient le cinqui\u00e8me destination internationale de la compagnie depuis sa fondation en 2021.<\/p>\n\n\n\n<h2 class=\"wp-block-heading\"><strong>Fr\u00e9quences, horaires et type de service<\/strong><\/h2>\n\n\n\n<p>Selon les informations officielles de la compagnie et de l&rsquo;a\u00e9roport de Tampa, le vol Tampa\u2013San Jos\u00e9 op\u00e9rera \u00e0 raison de deux fr\u00e9quences hebdomadaires, les mercredis et samedis, \u00e0 compter de la date d&rsquo;inauguration.<\/p>\n\n\n\n<p>Breeze Airways propose un mod\u00e8le de compagnie a\u00e9rienne de loisirs avec des tarifs comp\u00e9titifs et diff\u00e9rents niveaux de service \u00e0 bord, combinant des options plus basiques avec des produits plus confortables, comme pr\u00e9cis\u00e9 dans son annonce officielle. L&rsquo;op\u00e9ration s&rsquo;inscrit dans la strat\u00e9gie d&rsquo;expansion internationale de Breeze, qui ajoute progressivement des routes vers des destinations de soleil et de plage au Mexique, dans les Cara\u00efbes et d\u00e9sormais en Am\u00e9rique centrale.<\/p>\n\n\n\n<h2 class=\"wp-block-heading\"><strong>Importance de la route Tampa\u2013San Jos\u00e9<\/strong><\/h2>\n\n\n\n<p>Pour l&rsquo;a\u00e9roport international de Tampa, cette connexion avec San Jos\u00e9 est un objectif de longue date, car elle repr\u00e9sente le retour d&rsquo;un vol direct vers la capitale costaricienne apr\u00e8s plus de 25 ans sans service sans escale. Le terminal floridien souligne que le Costa Rica est le neuvi\u00e8me partenaire commercial de la Floride et qu&rsquo;environ 3 000 personnes n\u00e9es au Costa Rica r\u00e9sident dans la r\u00e9gion de la baie de Tampa, ce qui renforce la composante voyages familiaux et d&rsquo;affaires de la route.<\/p>\n\n\n\n<p>Du point de vue costaricien, cette nouvelle route renforce les liens avec l&rsquo;un de ses principaux march\u00e9s \u00e9metteurs de touristes : les \u00c9tats-Unis, qui arrivent en t\u00eate des arriv\u00e9es de visiteurs par voie a\u00e9rienne selon les donn\u00e9es les plus r\u00e9centes de l&rsquo;Institut costaricien du tourisme (ICT).<\/p>\n\n\n\n<h2 class=\"wp-block-heading\"><strong>Impact sur le tourisme et la connectivit\u00e9<\/strong><\/h2>\n\n\n\n<p>La connexion directe entre Tampa et San Jos\u00e9 ouvre de nouvelles possibilit\u00e9s pour les voyageurs am\u00e9ricains int\u00e9ress\u00e9s par l&rsquo;offre de nature, d&rsquo;aventure et de tourisme durable du Costa Rica, en r\u00e9duisant les temps de trajet et les difficult\u00e9s de correspondance. Les autorit\u00e9s touristiques ont indiqu\u00e9 que cette route s&rsquo;ajoute au r\u00e9seau croissant de vols directs depuis des villes am\u00e9ricaines vers le Costa Rica, consolidant le pays comme une destination comp\u00e9titive dans la r\u00e9gion.<\/p>\n\n\n\n<p>Pour Breeze, l&rsquo;ajout de San Jos\u00e9 et de Punta Cana depuis Tampa double le nombre de destinations internationales que la compagnie dessert depuis cet a\u00e9roport, renfor\u00e7ant le r\u00f4le de TPA en tant que hub r\u00e9gional pour les Cara\u00efbes et l&rsquo;Am\u00e9rique centrale.<\/p>\n\n\n\n<h2 class=\"wp-block-heading\"><strong>D\u00e9clarations officielles et vision d&rsquo;avenir<\/strong><\/h2>\n\n\n\n<p>Le fondateur et directeur g\u00e9n\u00e9ral de Breeze Airways, David Neeleman, a expliqu\u00e9 que l&rsquo;\u00e9largissement des routes internationales depuis Tampa r\u00e9pond \u00e0 la combinaison d&rsquo;une demande touristique, de tarifs accessibles et d&rsquo;une exp\u00e9rience de voyage diff\u00e9renci\u00e9e que la compagnie souhaite offrir.<\/p>\n\n\n\n<p>De son c\u00f4t\u00e9, Michael Stephens, directeur g\u00e9n\u00e9ral de l&rsquo;a\u00e9roport international de Tampa, a soulign\u00e9 que la nouvelle route vers San Jos\u00e9 \u00ab marque le retour de cette destination \u00e0 TPA pour la premi\u00e8re fois en plus de 25 ans \u00bb et a insist\u00e9 sur le fait qu&rsquo;elle \u00e9largira les options de voyage pour le tourisme, les affaires et les familles ayant des liens avec le Costa Rica.<\/p>\n\n\n\n<p>Toutes les parties impliqu\u00e9es s&rsquo;accordent \u00e0 dire que cette op\u00e9ration peut servir de plateforme pour de futures augmentations de capacit\u00e9 ou de nouveaux points de d\u00e9part aux \u00c9tats-Unis vers le Costa Rica, en fonction des performances de la route.<\/p>\n\n\n\n<h2 class=\"wp-block-heading\"><strong>Sources officielles<\/strong><\/h2>\n\n\n\n<ul class=\"wp-block-list\">\n<li>Communiqu\u00e9 officiel de Breeze Airways concernant le lancement du service international vers San Jos\u00e9, Costa Rica, publi\u00e9 via GlobeNewswire et sur le site web de la compagnie.<\/li>\n\n\n\n<li>Annonce de l&rsquo;a\u00e9roport international de Tampa (TPA) concernant les nouvelles routes sans escale vers San Jos\u00e9, Costa Rica, et Punta Cana, R\u00e9publique dominicaine.<\/li>\n\n\n\n<li>Couverture de m\u00e9dias tels que La Naci\u00f3n et Peri\u00f3dico Mensaje, int\u00e9grant des donn\u00e9es de l&rsquo;ICT et des d\u00e9clarations officielles sur le lancement des op\u00e9rations de Breeze au Costa Rica.<\/li>\n\n\n\n<li>Articles sp\u00e9cialis\u00e9s en aviation et voyages, tels que The Points Guy et Aviation Week, contextualisant l&rsquo;expansion internationale de Breeze vers le Costa Rica<\/li>\n<\/ul>\n","protected":false},"excerpt":{"rendered":"<p>La compagnie a\u00e9rienne am\u00e9ricaine Breeze Airways a annonc\u00e9 qu&rsquo;elle lancera des vols sans escale entre l&rsquo;a\u00e9roport international de Tampa (TPA) et l&rsquo;a\u00e9roport international Juan Santamar\u00eda (SJO) de San Jos\u00e9 \u00e0 partir du 3 octobre 2026. Il s&rsquo;agit de la premi\u00e8re op\u00e9ration de Breeze au Costa Rica et d&rsquo;une connexion in\u00e9dite Tampa\u2013San Jos\u00e9, qui \u00e9largit la [&hellip;]<\/p>\n","protected":false},"author":16,"featured_media":11005,"comment_status":"open","ping_status":"open","sticky":false,"template":"","format":"standard","meta":{"footnotes":""},"categories":[86],"tags":[],"class_list":["post-11006","post","type-post","status-publish","format-standard","has-post-thumbnail","hentry","category-actualites"],"_links":{"self":[{"href":"https:\/\/peopleofcostarica.com\/fr\/wp-json\/wp\/v2\/posts\/11006","targetHints":{"allow":["GET"]}}],"collection":[{"href":"https:\/\/peopleofcostarica.com\/fr\/wp-json\/wp\/v2\/posts"}],"about":[{"href":"https:\/\/peopleofcostarica.com\/fr\/wp-json\/wp\/v2\/types\/post"}],"author":[{"embeddable":true,"href":"https:\/\/peopleofcostarica.com\/fr\/wp-json\/wp\/v2\/users\/16"}],"replies":[{"embeddable":true,"href":"https:\/\/peopleofcostarica.com\/fr\/wp-json\/wp\/v2\/comments?post=11006"}],"version-history":[{"count":1,"href":"https:\/\/peopleofcostarica.com\/fr\/wp-json\/wp\/v2\/posts\/11006\/revisions"}],"predecessor-version":[{"id":11007,"href":"https:\/\/peopleofcostarica.com\/fr\/wp-json\/wp\/v2\/posts\/11006\/revisions\/11007"}],"wp:featuredmedia":[{"embeddable":true,"href":"https:\/\/peopleofcostarica.com\/fr\/wp-json\/wp\/v2\/media\/11005"}],"wp:attachment":[{"href":"https:\/\/peopleofcostarica.com\/fr\/wp-json\/wp\/v2\/media?parent=11006"}],"wp:term":[{"taxonomy":"category","embeddable":true,"href":"https:\/\/peopleofcostarica.com\/fr\/wp-json\/wp\/v2\/categories?post=11006"},{"taxonomy":"post_tag","embeddable":true,"href":"https:\/\/peopleofcostarica.com\/fr\/wp-json\/wp\/v2\/tags?post=11006"}],"curies":[{"name":"wp","href":"https:\/\/api.w.org\/{rel}","templated":true}]}}