{"id":10758,"date":"2026-03-17T21:22:56","date_gmt":"2026-03-17T21:22:56","guid":{"rendered":"https:\/\/peopleofcostarica.com\/?p=10758"},"modified":"2026-03-18T20:07:05","modified_gmt":"2026-03-18T20:07:05","slug":"san-jose-becomes-a-stage-for-faith-tradition-and-cultural-creation-this-holy-week","status":"publish","type":"post","link":"https:\/\/peopleofcostarica.com\/fr\/san-jose-becomes-a-stage-for-faith-tradition-and-cultural-creation-this-holy-week\/","title":{"rendered":"San Jos\u00e9 devient un lieu de foi, de tradition et de cr\u00e9ation culturelle pendant la Semaine Sainte"},"content":{"rendered":"\n<div class=\"wp-block-cover is-light\"><img fetchpriority=\"high\" decoding=\"async\" width=\"1024\" height=\"683\" class=\"wp-block-cover__image-background wp-image-10801 size-large\" alt=\"\" src=\"https:\/\/peopleofcostarica.com\/wp-content\/uploads\/2026\/03\/pexels-brett-sayles-1343325-1024x683.jpg\" data-object-fit=\"cover\" srcset=\"https:\/\/peopleofcostarica.com\/wp-content\/uploads\/2026\/03\/pexels-brett-sayles-1343325-1024x683.jpg 1024w, https:\/\/peopleofcostarica.com\/wp-content\/uploads\/2026\/03\/pexels-brett-sayles-1343325-300x200.jpg 300w, https:\/\/peopleofcostarica.com\/wp-content\/uploads\/2026\/03\/pexels-brett-sayles-1343325-768x512.jpg 768w, https:\/\/peopleofcostarica.com\/wp-content\/uploads\/2026\/03\/pexels-brett-sayles-1343325-1536x1024.jpg 1536w, https:\/\/peopleofcostarica.com\/wp-content\/uploads\/2026\/03\/pexels-brett-sayles-1343325-2048x1366.jpg 2048w, https:\/\/peopleofcostarica.com\/wp-content\/uploads\/2026\/03\/pexels-brett-sayles-1343325-1320x880.jpg 1320w\" sizes=\"(max-width: 1024px) 100vw, 1024px\" \/><span aria-hidden=\"true\" class=\"wp-block-cover__background has-background-dim\" style=\"background-color:#c0dbe7\"><\/span><div class=\"wp-block-cover__inner-container is-layout-constrained wp-block-cover-is-layout-constrained\">\n<div class=\"wp-block-buttons is-content-justification-center is-layout-flex wp-container-core-buttons-is-layout-a89b3969 wp-block-buttons-is-layout-flex\">\n<div class=\"wp-block-button is-style-fill\"><a class=\"wp-block-button__link has-black-color has-pale-cyan-blue-background-color has-text-color has-background has-link-color has-large-font-size has-custom-font-size wp-element-button\" href=\"https:\/\/peopleofcostarica.com\/es\/programa-de-actividades-de-semana-santa-de-la-catedral-metropolitana-san-jose\/\">Agenda virtuel<\/a><\/div>\n<\/div>\n<\/div><\/div>\n\n\n\n<p>Le minist\u00e8re de la Culture et de la Jeunesse propose une programmation nationale alliant art, spiritualit\u00e9 et communaut\u00e9<\/p>\n\n\n\n<p>Les fanfares nationales, le Th\u00e9\u00e2tre populaire Melico Salazar et l\u2019Atelier national de th\u00e9\u00e2tre donnent vie aux c\u00e9l\u00e9brations<\/p>\n\n\n\n<p>San Jos\u00e9, 17 mars 2026. Les rues du centre de San Jos\u00e9 se rempliront \u00e0 nouveau de ferveur, d\u2019identit\u00e9 et de rencontres citoyennes durant la Semaine Sainte, gr\u00e2ce \u00e0 un effort coordonn\u00e9 entre le minist\u00e8re de la Culture et de la Jeunesse (MCJ), le Th\u00e9\u00e2tre populaire Melico Salazar, la municipalit\u00e9 de San Jos\u00e9 et la cath\u00e9drale m\u00e9tropolitaine.<\/p>\n\n\n\n<p>Cette collaboration permettra de transformer les processions traditionnelles en une exp\u00e9rience culturelle compl\u00e8te, o\u00f9 l\u2019art, la foi et la m\u00e9moire collective s\u2019entrelacent pour renforcer le sentiment de communaut\u00e9.<\/p>\n\n\n\n<p>Dans le cadre de cette initiative, com\u00e9diens, designers, techniciens, gestionnaires culturels et la fanfare nationale de San Jos\u00e9 donneront vie \u00e0 des repr\u00e9sentations sc\u00e9niques accompagnant des moments embl\u00e9matiques tels que la procession de la Rencontre et la procession du Saint S\u00e9pulcre. Ces mises en sc\u00e8ne sont rendues possibles gr\u00e2ce au leadership du Th\u00e9\u00e2tre populaire Melico Salazar et \u00e0 la participation active de l\u2019Atelier national de th\u00e9\u00e2tre, dont les processus de formation sont directement int\u00e9gr\u00e9s \u00e0 la production, cr\u00e9ant une exp\u00e9rience qui combine cr\u00e9ation artistique, formation professionnelle et tradition culturelle.<\/p>\n\n\n\n<figure class=\"wp-block-gallery has-nested-images columns-default is-cropped wp-block-gallery-1 is-layout-flex wp-block-gallery-is-layout-flex\">\n<figure class=\"wp-block-image size-large\"><img decoding=\"async\" width=\"1024\" height=\"683\" data-id=\"10784\" src=\"https:\/\/peopleofcostarica.com\/wp-content\/uploads\/2026\/03\/Banda-de-Conciertos-de-Heredia-11-1024x683.jpg\" alt=\"\" class=\"wp-image-10784\" srcset=\"https:\/\/peopleofcostarica.com\/wp-content\/uploads\/2026\/03\/Banda-de-Conciertos-de-Heredia-11-1024x683.jpg 1024w, https:\/\/peopleofcostarica.com\/wp-content\/uploads\/2026\/03\/Banda-de-Conciertos-de-Heredia-11-300x200.jpg 300w, https:\/\/peopleofcostarica.com\/wp-content\/uploads\/2026\/03\/Banda-de-Conciertos-de-Heredia-11-768x512.jpg 768w, https:\/\/peopleofcostarica.com\/wp-content\/uploads\/2026\/03\/Banda-de-Conciertos-de-Heredia-11-1536x1024.jpg 1536w, https:\/\/peopleofcostarica.com\/wp-content\/uploads\/2026\/03\/Banda-de-Conciertos-de-Heredia-11-1320x880.jpg 1320w, https:\/\/peopleofcostarica.com\/wp-content\/uploads\/2026\/03\/Banda-de-Conciertos-de-Heredia-11.jpg 2048w\" sizes=\"(max-width: 1024px) 100vw, 1024px\" \/><\/figure>\n\n\n\n<figure class=\"wp-block-image size-large\"><img decoding=\"async\" width=\"1024\" height=\"485\" data-id=\"10782\" src=\"https:\/\/peopleofcostarica.com\/wp-content\/uploads\/2026\/03\/Banda-de-Conciertos-de-San-Jose-3-1024x485.jpg\" alt=\"\" class=\"wp-image-10782\" srcset=\"https:\/\/peopleofcostarica.com\/wp-content\/uploads\/2026\/03\/Banda-de-Conciertos-de-San-Jose-3-1024x485.jpg 1024w, https:\/\/peopleofcostarica.com\/wp-content\/uploads\/2026\/03\/Banda-de-Conciertos-de-San-Jose-3-300x142.jpg 300w, https:\/\/peopleofcostarica.com\/wp-content\/uploads\/2026\/03\/Banda-de-Conciertos-de-San-Jose-3-768x364.jpg 768w, https:\/\/peopleofcostarica.com\/wp-content\/uploads\/2026\/03\/Banda-de-Conciertos-de-San-Jose-3.jpg 1032w\" sizes=\"(max-width: 1024px) 100vw, 1024px\" \/><\/figure>\n\n\n\n<figure class=\"wp-block-image size-full\"><img loading=\"lazy\" decoding=\"async\" width=\"656\" height=\"551\" data-id=\"10783\" src=\"https:\/\/peopleofcostarica.com\/wp-content\/uploads\/2026\/03\/IMG3.jpg\" alt=\"\" class=\"wp-image-10783\" srcset=\"https:\/\/peopleofcostarica.com\/wp-content\/uploads\/2026\/03\/IMG3.jpg 656w, https:\/\/peopleofcostarica.com\/wp-content\/uploads\/2026\/03\/IMG3-300x252.jpg 300w\" sizes=\"(max-width: 656px) 100vw, 656px\" \/><\/figure>\n<\/figure>\n\n\n\n<p>Si cette production aura pour \u00e9picentre le centre de San Jos\u00e9, le minist\u00e8re de la Culture et de la Jeunesse d\u00e9ploie \u00e9galement une programmation \u00e0 l\u2019\u00e9chelle nationale. Dans toutes les provinces, les fanfares nationales accompagneront les c\u00e9l\u00e9brations de la Semaine Sainte, apportant musique, tradition et esprit communautaire aux diff\u00e9rents territoires, tout en r\u00e9affirmant leur r\u00f4le comme l\u2019une des institutions culturelles les plus proches de la population.<\/p>\n\n\n\n<p>Cette programmation articule les capacit\u00e9s du Th\u00e9\u00e2tre populaire Melico Salazar, le travail territorial des fanfares nationales et la formation de l\u2019Atelier national de th\u00e9\u00e2tre, garantissant l\u2019acc\u00e8s \u00e0 la culture dans tout le pays, dynamisant les espaces publics, renfor\u00e7ant le tourisme et g\u00e9n\u00e9rant des opportunit\u00e9s pour le secteur culturel.<\/p>\n\n\n\n<p>\u00ab Ces repr\u00e9sentations nous rappellent que la culture est aussi une mani\u00e8re de pr\u00e9server la spiritualit\u00e9 d\u2019une nation. Lorsque les rues se remplissent de personnes qui marchent ensemble et que l\u2019art aide \u00e0 raconter une histoire qui traverse les si\u00e8cles, ce qui \u00e9merge est une exp\u00e9rience partag\u00e9e d\u2019appartenance. Depuis le minist\u00e8re, nous assumons cet engagement envers nos artistes, la production culturelle et une population qui m\u00e9rite de vivre sa foi et ses traditions en communaut\u00e9, en r\u00e9affirmant que cette exp\u00e9rience appartient \u00e0 tout un pays \u00bb, a d\u00e9clar\u00e9 Jorge Rodr\u00edguez Vives, ministre de la Culture et de la Jeunesse.<\/p>\n\n\n\n<p>Les activit\u00e9s se d\u00e9rouleront du 28 mars au 5 avril, avec des parcours reliant la cath\u00e9drale m\u00e9tropolitaine \u00e0 diff\u00e9rentes paroisses du centre de San Jos\u00e9, consolidant la ville comme un point de rencontre culturel durant cette p\u00e9riode.<\/p>\n\n\n\n<iframe src=\"https:\/\/drive.google.com\/file\/d\/1aU8jE7DaAe4BTBmDAGjRIOK4qW-b62wr\/preview\" width=\"640\" height=\"480\"><\/iframe>\n\n\n\n<iframe src=\"https:\/\/drive.google.com\/file\/d\/1TIok36PS2Wb-Zc3ZV1PzWrLhJr5If3KM\/preview\" width=\"640\" height=\"480\"><\/iframe>\n\n\n\n<p><\/p>\n","protected":false},"excerpt":{"rendered":"<p>Le minist\u00e8re de la Culture et de la Jeunesse propose une programmation nationale alliant art, spiritualit\u00e9 et communaut\u00e9 Les fanfares nationales, le Th\u00e9\u00e2tre populaire Melico Salazar et l\u2019Atelier national de th\u00e9\u00e2tre donnent vie aux c\u00e9l\u00e9brations San Jos\u00e9, 17 mars 2026. Les rues du centre de San Jos\u00e9 se rempliront \u00e0 nouveau de ferveur, d\u2019identit\u00e9 et [&hellip;]<\/p>\n","protected":false},"author":16,"featured_media":10757,"comment_status":"open","ping_status":"open","sticky":false,"template":"","format":"standard","meta":{"footnotes":""},"categories":[86,94],"tags":[],"class_list":["post-10758","post","type-post","status-publish","format-standard","has-post-thumbnail","hentry","category-actualites","category-festivals-et-celebrations"],"_links":{"self":[{"href":"https:\/\/peopleofcostarica.com\/fr\/wp-json\/wp\/v2\/posts\/10758","targetHints":{"allow":["GET"]}}],"collection":[{"href":"https:\/\/peopleofcostarica.com\/fr\/wp-json\/wp\/v2\/posts"}],"about":[{"href":"https:\/\/peopleofcostarica.com\/fr\/wp-json\/wp\/v2\/types\/post"}],"author":[{"embeddable":true,"href":"https:\/\/peopleofcostarica.com\/fr\/wp-json\/wp\/v2\/users\/16"}],"replies":[{"embeddable":true,"href":"https:\/\/peopleofcostarica.com\/fr\/wp-json\/wp\/v2\/comments?post=10758"}],"version-history":[{"count":5,"href":"https:\/\/peopleofcostarica.com\/fr\/wp-json\/wp\/v2\/posts\/10758\/revisions"}],"predecessor-version":[{"id":10810,"href":"https:\/\/peopleofcostarica.com\/fr\/wp-json\/wp\/v2\/posts\/10758\/revisions\/10810"}],"wp:featuredmedia":[{"embeddable":true,"href":"https:\/\/peopleofcostarica.com\/fr\/wp-json\/wp\/v2\/media\/10757"}],"wp:attachment":[{"href":"https:\/\/peopleofcostarica.com\/fr\/wp-json\/wp\/v2\/media?parent=10758"}],"wp:term":[{"taxonomy":"category","embeddable":true,"href":"https:\/\/peopleofcostarica.com\/fr\/wp-json\/wp\/v2\/categories?post=10758"},{"taxonomy":"post_tag","embeddable":true,"href":"https:\/\/peopleofcostarica.com\/fr\/wp-json\/wp\/v2\/tags?post=10758"}],"curies":[{"name":"wp","href":"https:\/\/api.w.org\/{rel}","templated":true}]}}