{"id":10644,"date":"2026-03-16T18:30:22","date_gmt":"2026-03-16T18:30:22","guid":{"rendered":"https:\/\/peopleofcostarica.com\/?p=10644"},"modified":"2026-03-16T18:36:56","modified_gmt":"2026-03-16T18:36:56","slug":"le-camino-de-costa-rica-la-nouvelle-destination-phare-de-2026","status":"publish","type":"post","link":"https:\/\/peopleofcostarica.com\/fr\/le-camino-de-costa-rica-la-nouvelle-destination-phare-de-2026\/","title":{"rendered":"Le Camino de Costa Rica : la nouvelle destination phare de 2026"},"content":{"rendered":"\n<h2 class=\"wp-block-heading\"><strong>Le magazine <em>Time<\/em> s&rsquo;int\u00e9resse au Camino de Costa Rica<\/strong><\/h2>\n\n\n\n<p>Le c\u00e9l\u00e8bre magazine am\u00e9ricain <em>Time<\/em> a r\u00e9cemment inclus El Camino de Costa Rica dans sa liste des \u00ab World&rsquo;s Greatest Places 2026 \u00bb, le d\u00e9signant comme l&rsquo;un des itin\u00e9raires de randonn\u00e9e les plus remarquables au monde pour cette ann\u00e9e. Dans son article, <em>Time<\/em> souligne que ce parcours c\u00f4te \u00e0 c\u00f4te permet de traverser des rivi\u00e8res, des montagnes brumeuses et de denses for\u00eats tropicales en 16 \u00e9tapes, offrant une immersion profonde dans le Costa Rica rural que la plupart des visiteurs traditionnels ne d\u00e9couvrent jamais. Pour les voyageurs en qu\u00eate de plus que le soleil et la plage, cette distinction consacre le Camino comme une option id\u00e9ale pour le tourisme de nature, d&rsquo;aventure et de d\u00e9couverte culturelle.<\/p>\n\n\n\n<h2 class=\"wp-block-heading\"><strong>Qu&rsquo;est-ce que le Camino de Costa Rica ?<\/strong><\/h2>\n\n\n\n<p>Le Camino de Costa Rica est un itin\u00e9raire de randonn\u00e9e d&rsquo;environ 280 kilom\u00e8tres qui traverse le pays d&rsquo;est en ouest, de la c\u00f4te cara\u00efbe jusqu&rsquo;\u00e0 l&rsquo;oc\u00e9an Pacifique. Inspir\u00e9 du c\u00e9l\u00e8bre Chemin de Saint-Jacques-de-Compostelle, ce trac\u00e9 peut \u00eatre parcouru en quinze \u00e0 seize jours, en suivant des \u00e9tapes cons\u00e9cutives qui relient des communaut\u00e9s rurales, des territoires indig\u00e8nes, des vall\u00e9es agricoles et des zones montagneuses. L&rsquo;itin\u00e9raire d\u00e9bute sur la c\u00f4te atlantique, dans des villages comme Parismina ou Barra del Pacuare, et se termine dans la r\u00e9gion de Quepos, sur le Pacifique central, permettant litt\u00e9ralement de marcher \u00ab de mer en mer \u00bb.<\/p>\n\n\n\n<h2 class=\"wp-block-heading\"><strong>Un projet de tourisme rural communautaire<\/strong><\/h2>\n\n\n\n<p>Derri\u00e8re El Camino de Costa Rica se trouve l&rsquo;association \u00e0 but non lucratif <em>Mar a Mar<\/em>, constitu\u00e9e l\u00e9galement en 2015 au Costa Rica et compos\u00e9e d&rsquo;entrepreneurs, de professionnels du tourisme, de leaders locaux et de randonneurs engag\u00e9s dans le d\u00e9veloppement durable. Cette organisation coordonne un r\u00e9seau d&rsquo;h\u00e9bergements, de restaurants et d&rsquo;associations de d\u00e9veloppement communal le long de la route \u2014 connu sous les noms de Red de Albergues et Red de ADIs del Camino de Costa Rica \u2014 dont l&rsquo;objectif est que les b\u00e9n\u00e9fices du tourisme profitent aux communaut\u00e9s d&rsquo;accueil. Le but central du projet est de promouvoir un tourisme rural respectueux de l&rsquo;environnement, qui contribue au bien-\u00eatre \u00e9conomique local sans sacrifier la conservation des \u00e9cosyst\u00e8mes.<\/p>\n\n\n\n<h2 class=\"wp-block-heading\"><strong>De la mer des Cara\u00efbes \u00e0 l&rsquo;oc\u00e9an Pacifique : le parcours<\/strong><\/h2>\n\n\n\n<p>Le Camino de Costa Rica s&rsquo;\u00e9tend depuis la c\u00f4te cara\u00efbe \u2014 dans le secteur sud des canaux de Tortuguero et des localit\u00e9s comme Parismina ou Barra del Pacuare \u2014 \u00e0 travers les montagnes de l&rsquo;int\u00e9rieur, jusqu&rsquo;au Pacifique central. En chemin, il traverse des territoires indig\u00e8nes comme la r\u00e9serve Nairi-Awari, des zones proches du parc national Barbilla, des espaces ruraux aux abords du parc national Tapant\u00ed et des vall\u00e9es comme Orosi, avant de monter jusqu&rsquo;\u00e0 des altitudes d\u00e9passant 2 100 m\u00e8tres dans des secteurs comme El Empalme. Depuis la r\u00e9gion centrale du pays, le sentier continue \u00e0 travers des paysages de caf\u00e9iculture dans les zones de Tarraz\u00fa et Los Santos, avant de descendre vers la ville de Quepos, porte d&rsquo;entr\u00e9e du littoral pacifique.<\/p>\n\n\n\n<h2 class=\"wp-block-heading\"><strong>Une exp\u00e9rience de nature et de culture<\/strong><\/h2>\n\n\n\n<p><em>Time<\/em> d\u00e9crit le Camino comme une exp\u00e9rience o\u00f9 le randonneur peut \u00ab se mouiller les pieds \u00bb dans des rivi\u00e8res tumultueuses, marcher dans les nuages en altitude et traverser des for\u00eats denses \u2014 le tout au cours d&rsquo;un seul et m\u00eame parcours. Au-del\u00e0 des paysages, l&rsquo;un des attraits majeurs est le contact \u00e9troit avec les communaut\u00e9s locales : des familles qui ouvrent leurs portes, des guides indig\u00e8nes cab\u00e9cars dans la r\u00e9serve Nairi-Awari, et des producteurs de bananes, d&rsquo;ananas, de cacao, de caf\u00e9 et de canne \u00e0 sucre qui partagent leur quotidien. Ainsi, le randonneur acc\u00e8de \u00e0 un Costa Rica moins touristique, o\u00f9 la vie rurale, les traditions et l&rsquo;hospitalit\u00e9 deviennent des \u00e9l\u00e9ments essentiels de l&rsquo;exp\u00e9rience.<\/p>\n\n\n\n<h2 class=\"wp-block-heading\"><strong>Mar a Mar et le soutien institutionnel<\/strong><\/h2>\n\n\n\n<p>L&rsquo;association <em>Mar a Mar<\/em> pilote la conception, la gestion et la promotion officielle de la route, ainsi que la coordination avec les acteurs locaux tout au long du parcours. Depuis l&rsquo;ouverture formelle du Camino en 2018, le projet b\u00e9n\u00e9ficie du soutien de l&rsquo;Institut costaricien du tourisme (ICT), qui l&rsquo;a promu sur les march\u00e9s europ\u00e9ens et nord-am\u00e9ricains, lui assurant une visibilit\u00e9 dans les m\u00e9dias de voyage internationaux, notamment <em>National Geographic<\/em>, <em>The New York Times<\/em> et d\u00e9sormais la liste de <em>Time<\/em>. <em>Mar a Mar<\/em> collabore \u00e9galement avec des organisations internationales comme Developing World Connections (DWC) pour am\u00e9liorer les infrastructures de base dans les communaut\u00e9s vuln\u00e9rables de la route, notamment l&rsquo;acc\u00e8s \u00e0 l&rsquo;eau potable, les installations sanitaires et les aires de camping g\u00e9r\u00e9es localement.<\/p>\n\n\n\n<h2 class=\"wp-block-heading\"><strong>Se pr\u00e9parer \u00e0 parcourir le Camino<\/strong><\/h2>\n\n\n\n<p>Le site officiel du Camino de Costa Rica propose des recommandations d\u00e9taill\u00e9es pour la planification, incluant les dur\u00e9es estim\u00e9es, les niveaux de difficult\u00e9 par \u00e9tape et des conseils d&rsquo;\u00e9quipement. La route est organis\u00e9e en 16 tron\u00e7ons qui peuvent \u00eatre effectu\u00e9s de mani\u00e8re continue en environ deux semaines, ou en sections ind\u00e9pendantes selon le temps disponible et la condition physique du visiteur. Le site de l&rsquo;organisation fournit \u00e9galement des informations sur les r\u00e9servations d&rsquo;h\u00e9bergement, les services de guides, les options de transfert de bagages et les contacts locaux, facilitant ainsi la pr\u00e9paration d&rsquo;une travers\u00e9e s\u00fbre et responsable.<\/p>\n\n\n\n<h2 class=\"wp-block-heading\"><strong>Impact sur les communaut\u00e9s locales<\/strong><\/h2>\n\n\n\n<p>Le Camino de Costa Rica a \u00e9t\u00e9 con\u00e7u comme un outil concret pour diversifier le tourisme et cr\u00e9er des opportunit\u00e9s \u00e9conomiques dans des zones rurales historiquement exclues des principaux circuits touristiques. Gr\u00e2ce \u00e0 cet itin\u00e9raire, des familles et des associations locales peuvent proposer h\u00e9bergement, restauration, guidage et services compl\u00e9mentaires, favorisant la cr\u00e9ation d&#8217;emplois et r\u00e9duisant le besoin de migration vers les centres urbains. Le mod\u00e8le encourage par ailleurs ces initiatives \u00e0 se d\u00e9velopper selon des principes de durabilit\u00e9 \u2014 de la gestion des d\u00e9chets \u00e0 la protection des sources d&rsquo;eau et des for\u00eats longeant le sentier.<\/p>\n\n\n\n<h2 class=\"wp-block-heading\"><strong>Pourquoi le Camino de Costa Rica est une destination cl\u00e9 pour 2026<\/strong><\/h2>\n\n\n\n<p>La combinaison d&rsquo;une biodiversit\u00e9 spectaculaire, d&rsquo;un tourisme rural communautaire et d&rsquo;un soutien institutionnel fort fait du Camino de Costa Rica une proposition parfaitement align\u00e9e avec les tendances mondiales du voyage responsable. La reconnaissance accord\u00e9e par <em>Time<\/em> dans sa liste des \u00ab World&rsquo;s Greatest Places 2026 \u00bb renforce le rayonnement international de la route et confirme le potentiel du pays \u00e0 continuer de s&rsquo;imposer dans le tourisme durable, au-del\u00e0 de ses destinations classiques. Pour ceux qui souhaitent parcourir le pays \u00ab pas \u00e0 pas \u00bb, partager le quotidien des communaut\u00e9s locales et s&rsquo;immerger dans des paysages allant des Cara\u00efbes au Pacifique, ce Camino s&rsquo;impose aujourd&rsquo;hui comme l&rsquo;une des exp\u00e9riences les plus authentiques que le Costa Rica puisse offrir.<\/p>\n\n\n\n<h2 class=\"wp-block-heading\"><strong>Sources officielles <\/strong><\/h2>\n\n\n\n<ul class=\"wp-block-list\">\n<li><strong>Site officiel du Camino de Costa Rica (association Mar a Mar) :<\/strong> informations institutionnelles, \u00e9tapes, pr\u00e9paration du voyage, r\u00e9seau d&rsquo;h\u00e9bergements et associations locales.<\/li>\n\n\n\n<li><strong>Page \u00ab Pr\u00e9pare-toi pour la randonn\u00e9e \u00bb (Camino de Costa Rica) :<\/strong> recommandations pratiques, logistique et conseils de s\u00e9curit\u00e9 pour les randonneurs.<\/li>\n\n\n\n<li><strong>Section \u00ab Qui sommes-nous \u00bb de Mar a Mar :<\/strong> d\u00e9tail de l&rsquo;association, sa structure organisationnelle et ses objectifs de d\u00e9veloppement communautaire.<\/li>\n\n\n\n<li><strong>Section \u00ab Devenez partenaire \u00bb de Mar a Mar :<\/strong> informations sur les partenaires, les alliances avec l&rsquo;ICT et d&rsquo;autres organismes, ainsi que les projets d&rsquo;infrastructure dans les communaut\u00e9s de la route.<\/li>\n\n\n\n<li><strong>Article de <em>Time<\/em> \u00ab El Camino de Costa Rica : World&rsquo;s Greatest Places 2026 \u00bb :<\/strong> reportage international expliquant pourquoi la revue distingue cet itin\u00e9raire comme l&rsquo;un des plus grands endroits du monde cette ann\u00e9e.<\/li>\n\n\n\n<li><strong>Article informatif sur le projet de tourisme rural \u00ab El Camino de Costa Rica \u00bb chez Pura Vida University :<\/strong> contexte compl\u00e9mentaire sur la philosophie du tourisme rural et la conception de la route c\u00f4te \u00e0 c\u00f4te.<\/li>\n<\/ul>\n","protected":false},"excerpt":{"rendered":"<p>Le magazine Time s&rsquo;int\u00e9resse au Camino de Costa Rica Le c\u00e9l\u00e8bre magazine am\u00e9ricain Time a r\u00e9cemment inclus El Camino de Costa Rica dans sa liste des \u00ab World&rsquo;s Greatest Places 2026 \u00bb, le d\u00e9signant comme l&rsquo;un des itin\u00e9raires de randonn\u00e9e les plus remarquables au monde pour cette ann\u00e9e. Dans son article, Time souligne que ce [&hellip;]<\/p>\n","protected":false},"author":16,"featured_media":10643,"comment_status":"open","ping_status":"open","sticky":false,"template":"","format":"standard","meta":{"footnotes":""},"categories":[86,102],"tags":[],"class_list":["post-10644","post","type-post","status-publish","format-standard","has-post-thumbnail","hentry","category-actualites","category-tourisme-et-culture"],"_links":{"self":[{"href":"https:\/\/peopleofcostarica.com\/fr\/wp-json\/wp\/v2\/posts\/10644","targetHints":{"allow":["GET"]}}],"collection":[{"href":"https:\/\/peopleofcostarica.com\/fr\/wp-json\/wp\/v2\/posts"}],"about":[{"href":"https:\/\/peopleofcostarica.com\/fr\/wp-json\/wp\/v2\/types\/post"}],"author":[{"embeddable":true,"href":"https:\/\/peopleofcostarica.com\/fr\/wp-json\/wp\/v2\/users\/16"}],"replies":[{"embeddable":true,"href":"https:\/\/peopleofcostarica.com\/fr\/wp-json\/wp\/v2\/comments?post=10644"}],"version-history":[{"count":1,"href":"https:\/\/peopleofcostarica.com\/fr\/wp-json\/wp\/v2\/posts\/10644\/revisions"}],"predecessor-version":[{"id":10645,"href":"https:\/\/peopleofcostarica.com\/fr\/wp-json\/wp\/v2\/posts\/10644\/revisions\/10645"}],"wp:featuredmedia":[{"embeddable":true,"href":"https:\/\/peopleofcostarica.com\/fr\/wp-json\/wp\/v2\/media\/10643"}],"wp:attachment":[{"href":"https:\/\/peopleofcostarica.com\/fr\/wp-json\/wp\/v2\/media?parent=10644"}],"wp:term":[{"taxonomy":"category","embeddable":true,"href":"https:\/\/peopleofcostarica.com\/fr\/wp-json\/wp\/v2\/categories?post=10644"},{"taxonomy":"post_tag","embeddable":true,"href":"https:\/\/peopleofcostarica.com\/fr\/wp-json\/wp\/v2\/tags?post=10644"}],"curies":[{"name":"wp","href":"https:\/\/api.w.org\/{rel}","templated":true}]}}