{"id":10168,"date":"2026-03-12T21:19:50","date_gmt":"2026-03-12T21:19:50","guid":{"rendered":"https:\/\/peopleofcostarica.com\/?p=10168"},"modified":"2026-03-12T21:42:20","modified_gmt":"2026-03-12T21:42:20","slug":"alerte-des-autorites-face-aux-possibles-effets-dune-vaguada-dans-le-pacifique-et-le-sud-du-costa-rica","status":"publish","type":"post","link":"https:\/\/peopleofcostarica.com\/fr\/alerte-des-autorites-face-aux-possibles-effets-dune-vaguada-dans-le-pacifique-et-le-sud-du-costa-rica\/","title":{"rendered":"Alerte des autorit\u00e9s face aux possibles effets d\u2019une vaguada dans le Pacifique et le sud du Costa Rica"},"content":{"rendered":"\n<h2 class=\"wp-block-heading\">Des conditions atmosph\u00e9riques pouvant provoquer de fortes pluies<\/h2>\n\n\n\n<p>Les autorit\u00e9s m\u00e9t\u00e9orologiques et de gestion des urgences au Costa Rica surveillent les effets possibles d\u2019une&nbsp;<strong>vaguada en altitude<\/strong>, un ph\u00e9nom\u00e8ne m\u00e9t\u00e9orologique qui pourrait provoquer de fortes pluies dans le&nbsp;<strong>Pacifique central et la zone sud du pays<\/strong>&nbsp;dans les prochains jours.<\/p>\n\n\n\n<p>Selon les informations de l\u2019<strong>Institut M\u00e9t\u00e9orologique National (IMN)<\/strong>, les conditions climatiques actuelles \u2014 notamment les temp\u00e9ratures \u00e9lev\u00e9es, l\u2019affaiblissement des aliz\u00e9s et la pr\u00e9sence d\u2019une vaguada \u2014 favorisent une&nbsp;<strong>instabilit\u00e9 atmosph\u00e9rique<\/strong>&nbsp;susceptible de g\u00e9n\u00e9rer des pluies intenses dans diff\u00e9rentes r\u00e9gions du territoire.<\/p>\n\n\n\n<p>Face \u00e0 cette situation, la&nbsp;<strong>Commission Nationale d\u2019Urgence (CNE)<\/strong>&nbsp;a indiqu\u00e9 que les&nbsp;<strong>comit\u00e9s municipaux d\u2019urgence du Pacifique central et du Pacifique sud<\/strong>&nbsp;restent actifs et en \u00e9tat de surveillance pr\u00e9ventive, en particulier durant l\u2019apr\u00e8s-midi et la soir\u00e9e, moments o\u00f9 les pr\u00e9cipitations ont tendance \u00e0 s\u2019intensifier.<\/p>\n\n\n\n<h2 class=\"wp-block-heading\">Qu\u2019est-ce qu\u2019une vaguada et comment influence-t-elle le climat<\/h2>\n\n\n\n<p>Une&nbsp;<strong>vaguada<\/strong>&nbsp;est une perturbation atmosph\u00e9rique qui augmente l\u2019instabilit\u00e9 dans l\u2019atmosph\u00e8re et favorise la formation de nuages, de pluies et d\u2019orages dans les zones o\u00f9 elle se d\u00e9veloppe.<\/p>\n\n\n\n<p>Selon les sp\u00e9cialistes de l\u2019IMN, ce ph\u00e9nom\u00e8ne peut \u00eatre d\u00e9crit comme&nbsp;<strong>une ligne d\u2019instabilit\u00e9 m\u00e9t\u00e9orologique<\/strong>&nbsp;qui augmente la probabilit\u00e9 de pr\u00e9cipitations et d\u2019orages.<\/p>\n\n\n\n<p>Les vaguadas peuvent appara\u00eetre \u00e0 la surface ou dans les niveaux sup\u00e9rieurs de l\u2019atmosph\u00e8re et sont relativement fr\u00e9quentes dans les pays tropicaux comme le Costa Rica. Lorsqu\u2019elles se combinent avec d\u2019autres facteurs climatiques \u2014 tels qu\u2019une forte humidit\u00e9 ou des changements dans les vents \u2014 elles peuvent intensifier les pluies, surtout en fin de journ\u00e9e.<\/p>\n\n\n\n<p>Bien que ce ph\u00e9nom\u00e8ne puisse provoquer des pr\u00e9cipitations importantes,&nbsp;<strong>il ne doit pas \u00eatre confondu avec un front froid<\/strong>, car il n\u2019entra\u00eene pas n\u00e9cessairement de changements brusques de temp\u00e9rature.<\/p>\n\n\n\n<h2 class=\"wp-block-heading\">Les r\u00e9gions les plus susceptibles de recevoir de fortes pluies<\/h2>\n\n\n\n<p>Les pr\u00e9visions m\u00e9t\u00e9orologiques indiquent que les r\u00e9gions les plus susceptibles de subir de fortes pluies sont&nbsp;<strong>le Pacifique central et le Pacifique sud<\/strong>, bien que l\u2019influence du syst\u00e8me puisse s\u2019\u00e9tendre \u00e0 d\u2019autres zones du pays selon l\u2019\u00e9volution des conditions atmosph\u00e9riques.<\/p>\n\n\n\n<p>Dans ces r\u00e9gions, les pluies ont tendance \u00e0 se d\u00e9velopper avec plus d\u2019intensit\u00e9 durant l\u2019apr\u00e8s-midi et la soir\u00e9e, parfois accompagn\u00e9es de rafales de vent et d\u2019orages.<\/p>\n\n\n\n<p>Les autorit\u00e9s rappellent \u00e9galement que lorsque des pluies intenses surviennent sur de courtes p\u00e9riodes, le risque d\u2019<strong>inondations localis\u00e9es, de glissements de terrain ou de perturbations routi\u00e8res<\/strong>&nbsp;augmente, surtout dans les zones o\u00f9 les sols sont d\u00e9j\u00e0 satur\u00e9s par des pr\u00e9cipitations pr\u00e9c\u00e9dentes.<\/p>\n\n\n\n<h2 class=\"wp-block-heading\">Rapports r\u00e9cents de pluies dans la zone sud<\/h2>\n\n\n\n<p>Ces derniers jours, de fortes pluies ont d\u00e9j\u00e0 \u00e9t\u00e9 signal\u00e9es dans plusieurs secteurs de la&nbsp;<strong>zone sud du Costa Rica<\/strong>, notamment dans certaines communaut\u00e9s du canton de&nbsp;<strong>Golfito<\/strong>, o\u00f9 des averses accompagn\u00e9es de rafales de vent ont provoqu\u00e9 des perturbations temporaires.<\/p>\n\n\n\n<p>Parmi les incidents signal\u00e9s figurent&nbsp;<strong>la chute d\u2019arbres sur les routes<\/strong>, des interruptions momentan\u00e9es de la circulation et des coupures d\u2019\u00e9lectricit\u00e9 dans certains secteurs.<\/p>\n\n\n\n<p>Ces \u00e9v\u00e9nements soulignent l\u2019importance d\u2019une surveillance m\u00e9t\u00e9orologique constante durant les p\u00e9riodes d\u2019instabilit\u00e9 atmosph\u00e9rique.<\/p>\n\n\n\n<h2 class=\"wp-block-heading\">Recommandations des autorit\u00e9s<\/h2>\n\n\n\n<p>Face \u00e0 cette situation, les autorit\u00e9s recommandent \u00e0 la population de rester inform\u00e9e \u00e0 travers les canaux officiels de l\u2019<strong>Institut M\u00e9t\u00e9orologique National (IMN)<\/strong>&nbsp;et de la&nbsp;<strong>Commission Nationale d\u2019Urgence (CNE)<\/strong>, et de prendre des pr\u00e9cautions dans les zones sujettes aux inondations ou aux glissements de terrain.<\/p>\n\n\n\n<p>Parmi les principales recommandations :<\/p>\n\n\n\n<ul class=\"wp-block-list\">\n<li>\u00c9viter de traverser des rivi\u00e8res ou des ruisseaux en crue<\/li>\n\n\n\n<li>Surveiller les zones proches de pentes ou de terrains instables<\/li>\n\n\n\n<li>Rester attentif aux possibles fermetures de routes<\/li>\n\n\n\n<li>Suivre les bulletins m\u00e9t\u00e9orologiques et les alertes officielles<\/li>\n<\/ul>\n\n\n\n<p>La surveillance continue de ces ph\u00e9nom\u00e8nes permet aux institutions d\u2019activer des mesures pr\u00e9ventives et de coordonner les interventions en cas d\u2019urgence.<\/p>\n\n\n\n<h2 class=\"wp-block-heading\">L\u2019importance de la surveillance climatique au Costa Rica<\/h2>\n\n\n\n<p>En raison de sa position g\u00e9ographique dans une r\u00e9gion tropicale,&nbsp;<strong>le Costa Rica conna\u00eet fr\u00e9quemment des ph\u00e9nom\u00e8nes m\u00e9t\u00e9orologiques susceptibles de provoquer de fortes pluies<\/strong>, notamment \u00e0 certaines p\u00e9riodes de l\u2019ann\u00e9e.<\/p>\n\n\n\n<p>Des institutions comme l\u2019<strong>Institut M\u00e9t\u00e9orologique National (IMN)<\/strong>&nbsp;et la&nbsp;<strong>Commission Nationale d\u2019Urgence (CNE)<\/strong>travaillent conjointement pour surveiller les conditions atmosph\u00e9riques, \u00e9mettre des alertes pr\u00e9ventives et r\u00e9duire les risques li\u00e9s aux \u00e9v\u00e9nements m\u00e9t\u00e9orologiques extr\u00eames.<\/p>\n\n\n\n<p>Le suivi de syst\u00e8mes tels que les vaguadas, les ondes tropicales ou la&nbsp;<strong>Zone de Convergence Intertropicale<\/strong>&nbsp;permet d\u2019anticiper les impacts potentiels et de pr\u00e9parer les communaut\u00e9s face \u00e0 des conditions m\u00e9t\u00e9orologiques d\u00e9favorables.<\/p>\n\n\n\n<h2 class=\"wp-block-heading\">Sources officielles et de r\u00e9f\u00e9rence<\/h2>\n\n\n\n<p><strong>Institut m\u00e9t\u00e9orologique national (IMN)<\/strong>&nbsp;\u2013 Rapports m\u00e9t\u00e9orologiques et informations officielles sur l\u2019influence des vaguadas et autres syst\u00e8mes atmosph\u00e9riques au Costa Rica.<\/p>\n\n\n\n<p><strong>Commission nationale d\u2019urgence (CNE)<\/strong>&nbsp;\u2013 Communiqu\u00e9s et rapports de surveillance pr\u00e9ventive concernant les conditions m\u00e9t\u00e9orologiques et l\u2019activation des comit\u00e9s municipaux d\u2019urgence.<\/p>\n\n\n\n<p><strong>CRHoy<\/strong>&nbsp;\u2013 Article :&nbsp;<em>\u00ab Alerte face aux possibles effets d\u2019une vaguada dans le Pacifique et la zone sud \u00bb<\/em>.<\/p>\n\n\n\n<p><strong>El Observador<\/strong>&nbsp;\u2013 Reportages m\u00e9t\u00e9orologiques sur les ph\u00e9nom\u00e8nes de vaguada et les \u00e9pisodes de fortes pluies au Costa Rica.<\/p>\n\n\n\n<p><strong>Informations m\u00e9t\u00e9orologiques compl\u00e9mentaires<\/strong>&nbsp;sur les syst\u00e8mes atmosph\u00e9riques affectant l\u2019Am\u00e9rique centrale et leurs impacts climatiques dans la r\u00e9gion.<\/p>\n","protected":false},"excerpt":{"rendered":"<p>Des conditions atmosph\u00e9riques pouvant provoquer de fortes pluies Les autorit\u00e9s m\u00e9t\u00e9orologiques et de gestion des urgences au Costa Rica surveillent les effets possibles d\u2019une&nbsp;vaguada en altitude, un ph\u00e9nom\u00e8ne m\u00e9t\u00e9orologique qui pourrait provoquer de fortes pluies dans le&nbsp;Pacifique central et la zone sud du pays&nbsp;dans les prochains jours. Selon les informations de l\u2019Institut M\u00e9t\u00e9orologique National (IMN), [&hellip;]<\/p>\n","protected":false},"author":16,"featured_media":10167,"comment_status":"open","ping_status":"open","sticky":false,"template":"","format":"standard","meta":{"footnotes":""},"categories":[90,86],"tags":[],"class_list":["post-10168","post","type-post","status-publish","format-standard","has-post-thumbnail","hentry","category-climat-et-environnement","category-actualites"],"_links":{"self":[{"href":"https:\/\/peopleofcostarica.com\/fr\/wp-json\/wp\/v2\/posts\/10168","targetHints":{"allow":["GET"]}}],"collection":[{"href":"https:\/\/peopleofcostarica.com\/fr\/wp-json\/wp\/v2\/posts"}],"about":[{"href":"https:\/\/peopleofcostarica.com\/fr\/wp-json\/wp\/v2\/types\/post"}],"author":[{"embeddable":true,"href":"https:\/\/peopleofcostarica.com\/fr\/wp-json\/wp\/v2\/users\/16"}],"replies":[{"embeddable":true,"href":"https:\/\/peopleofcostarica.com\/fr\/wp-json\/wp\/v2\/comments?post=10168"}],"version-history":[{"count":1,"href":"https:\/\/peopleofcostarica.com\/fr\/wp-json\/wp\/v2\/posts\/10168\/revisions"}],"predecessor-version":[{"id":10169,"href":"https:\/\/peopleofcostarica.com\/fr\/wp-json\/wp\/v2\/posts\/10168\/revisions\/10169"}],"wp:featuredmedia":[{"embeddable":true,"href":"https:\/\/peopleofcostarica.com\/fr\/wp-json\/wp\/v2\/media\/10167"}],"wp:attachment":[{"href":"https:\/\/peopleofcostarica.com\/fr\/wp-json\/wp\/v2\/media?parent=10168"}],"wp:term":[{"taxonomy":"category","embeddable":true,"href":"https:\/\/peopleofcostarica.com\/fr\/wp-json\/wp\/v2\/categories?post=10168"},{"taxonomy":"post_tag","embeddable":true,"href":"https:\/\/peopleofcostarica.com\/fr\/wp-json\/wp\/v2\/tags?post=10168"}],"curies":[{"name":"wp","href":"https:\/\/api.w.org\/{rel}","templated":true}]}}