{"id":8481,"date":"2026-02-23T21:52:11","date_gmt":"2026-02-23T21:52:11","guid":{"rendered":"https:\/\/peopleofcostarica.com\/?p=8481"},"modified":"2026-02-23T21:52:50","modified_gmt":"2026-02-23T21:52:50","slug":"escalas-en-mexico-como-afecta-la-reciente-ola-de-violencia-a-los-vuelos-desde-y-hacia-costa-rica","status":"publish","type":"post","link":"https:\/\/peopleofcostarica.com\/es\/escalas-en-mexico-como-afecta-la-reciente-ola-de-violencia-a-los-vuelos-desde-y-hacia-costa-rica\/","title":{"rendered":"Escalas en M\u00e9xico: \u00bfC\u00f3mo afecta la reciente ola de violencia a los vuelos desde y hacia Costa Rica?"},"content":{"rendered":"\n<p>Para muchos viajeros y turistas, M\u00e9xico es el puente natural que conecta a Costa Rica con el resto de Norteam\u00e9rica y Europa. Sin embargo, los recientes eventos de seguridad desatados el 22 de febrero de 2026 han generado incertidumbre entre quienes tienen vuelos programados con escala en territorio mexicano.<\/p>\n\n\n\n<p>Para muchos viajeros y turistas, M\u00e9xico es el puente natural que conecta a Costa Rica con el resto de Norteam\u00e9rica y Europa. Sin embargo, los recientes eventos de seguridad desatados el 22 de febrero de 2026 han generado incertidumbre entre quienes tienen vuelos programados con escala en territorio mexicano.<\/p>\n\n\n\n<p>\u00bfQu\u00e9 est\u00e1 sucediendo en los aeropuertos de conexi\u00f3n?<\/p>\n\n\n\n<p>La ola de violencia y los bloqueos, originados principalmente como represalia por operativos de seguridad federales en Jalisco, han provocado un efecto domin\u00f3 en la aviaci\u00f3n comercial. Aunque las aerol\u00edneas hacen lo posible por mantener la normalidad, las rutas que conectan con el Aeropuerto Internacional Juan Santamar\u00eda (SJO) y el Aeropuerto de Guanacaste (LIR) est\u00e1n experimentando alteraciones.<\/p>\n\n\n\n<p>As\u00ed es como se perfila la situaci\u00f3n en los principales puntos de conexi\u00f3n:<\/p>\n\n\n\n<ul class=\"wp-block-list\">\n<li><strong>Ciudad de M\u00e9xico (AICM y AIFA):<\/strong> Como el principal hub para aerol\u00edneas como Aerom\u00e9xico y Volaris, la capital est\u00e1 absorbiendo el impacto de las cancelaciones en el Pac\u00edfico. Esto significa que los aviones y tripulaciones est\u00e1n fuera de su rotaci\u00f3n habitual, provocando <strong>retrasos significativos y algunas cancelaciones<\/strong> en vuelos hacia y desde Centroam\u00e9rica.<\/li>\n\n\n\n<li><strong>Canc\u00fan (CUN):<\/strong> Un punto de conexi\u00f3n sumamente popular para vuelos de bajo costo hacia Costa Rica. Aunque el estado de Quintana Roo se encuentra lejos del epicentro del conflicto, las autoridades internacionales han elevado las alertas de seguridad. Los vuelos operan con mayor estabilidad, pero bajo estrictos protocolos y posibles demoras por efecto en cadena.<\/li>\n\n\n\n<li><strong>Guadalajara (GDL) y Puerto Vallarta (PVR):<\/strong> Si tu itinerario incluye una escala en el estado de Jalisco, la situaci\u00f3n es cr\u00edtica. Gran parte de las operaciones internacionales en esta zona han sido suspendidas temporalmente.<\/li>\n<\/ul>\n\n\n\n<p><strong>Recomendaciones cr\u00edticas para turistas en tr\u00e1nsito<\/strong><\/p>\n\n\n\n<p>Si t\u00fa, tus familiares o clientes tienen un viaje inminente que involucra tocar suelo mexicano, es vital tomar medidas preventivas de inmediato:<\/p>\n\n\n\n<ol start=\"1\" class=\"wp-block-list\">\n<li><strong>Monitoreo en Tiempo Real:<\/strong> No asumas que tu vuelo operar\u00e1 seg\u00fan lo planeado. Verifica el estatus directamente en la aplicaci\u00f3n de tu aerol\u00ednea o en sus portales web antes de salir hacia el aeropuerto en Costa Rica.<\/li>\n\n\n\n<li><strong>Aprovecha las Pol\u00edticas de Flexibilidad (Waivers):<\/strong> Aerol\u00edneas clave en la regi\u00f3n han activado pol\u00edticas de protecci\u00f3n. Esto te permite cambiar la fecha de tu vuelo o buscar rutas alternativas sin cobro de penalidades. Gestiona estos cambios de forma digital o telef\u00f3nica, preferiblemente antes de llegar al mostrador.<\/li>\n\n\n\n<li><strong>Eval\u00faa Rutas Alternativas:<\/strong> Si el viaje es inaplazable, consulta con la aerol\u00ednea la posibilidad de ser reubicado en conexiones que eviten el espacio a\u00e9reo mexicano. Opciones viables incluyen escalas en Panam\u00e1 (Copa Airlines), Bogot\u00e1 (Avianca) o Miami\/Houston (American Airlines, United), dependiendo de tus visados.<\/li>\n\n\n\n<li><strong>Protocolo de Refugio (\u00abShelter in Place\u00bb):<\/strong> Si la cancelaci\u00f3n de tu vuelo te sorprende ya estando en tr\u00e1nsito dentro de un aeropuerto mexicano, la directriz de las embajadas internacionales es clara: <strong>permanece en la terminal a\u00e9rea<\/strong>. No te aventures a buscar alojamiento en zonas aleda\u00f1as a menos que la aerol\u00ednea o las autoridades garanticen un traslado seguro. Los aeropuertos est\u00e1n fuertemente custodiados por fuerzas federales.<\/li>\n<\/ol>\n\n\n\n<h3 class=\"wp-block-heading\"><strong>Mantente Informado<\/strong><\/h3>\n\n\n\n<p>La situaci\u00f3n es fluida y las condiciones pueden cambiar hora tras hora. Recomendamos a todos los viajeros registrarse en los sistemas de alerta de sus respectivas embajadas y mantener a mano los n\u00fameros de contacto de emergencias consulares.<\/p>\n\n\n\n<h3 class=\"wp-block-heading\"><strong>Enlaces oficiales para verificar el estado de tu vuelo<\/strong><\/h3>\n\n\n\n<p>No dependas de capturas de pantalla o correos antiguos; la situaci\u00f3n cambia minuto a minuto. Utiliza estos canales oficiales para confirmar tu itinerario antes de salir de casa o del hotel:<\/p>\n\n\n\n<ul class=\"wp-block-list\">\n<li><strong>Aerom\u00e9xico:<\/strong><a href=\"https:\/\/www.aeromexico.com\/es-mx\/estatus-de-vuelo\" target=\"_blank\" rel=\"noopener\"> <\/a><a href=\"https:\/\/www.aeromexico.com\/es-mx\/estatus-de-vuelo\" target=\"_blank\" rel=\"noopener\">Rastreo de Vuelos y Estatus en Tiempo Real<\/a> (Esencial para conexiones en el AICM).<\/li>\n\n\n\n<li><strong>Volaris:<\/strong><a href=\"https:\/\/www.volaris.com\/flightstatus\" target=\"_blank\" rel=\"noopener\"> <\/a><a href=\"https:\/\/www.volaris.com\/flightstatus\" target=\"_blank\" rel=\"noopener\">Consulta el estado de tu vuelo<\/a> (Principal aerol\u00ednea de bajo costo conectando San Jos\u00e9 y Canc\u00fan\/CDMX).<\/li>\n\n\n\n<li><strong>Aeropuerto Internacional de la Ciudad de M\u00e9xico (AICM):<\/strong><a href=\"https:\/\/www.aicm.com.mx\/vuelos\" target=\"_blank\" rel=\"noopener\"> <\/a><a href=\"https:\/\/www.aicm.com.mx\/vuelos\" target=\"_blank\" rel=\"noopener\">Salidas y Llegadas en Vivo<\/a> (Para ver retrasos generales en la terminal principal).<\/li>\n\n\n\n<li><strong>Copa Airlines:<\/strong><a href=\"https:\/\/www.google.com\/search?q=https:\/\/www.copaair.com\/es-gs\/nuestros-servicios\/estado-de-vuelo\/\" target=\"_blank\" rel=\"noopener\"> <\/a><a href=\"https:\/\/www.google.com\/search?q=https:\/\/www.copaair.com\/es-gs\/nuestros-servicios\/estado-de-vuelo\/\" target=\"_blank\" rel=\"noopener\">Estado de Vuelo<\/a> (Si est\u00e1s considerando desviar tu ruta por el Hub de las Am\u00e9ricas en Panam\u00e1).<\/li>\n\n\n\n<li><strong>Avianca:<\/strong><a href=\"https:\/\/www.google.com\/search?q=https:\/\/www.avianca.com\/es\/tu-reserva\/estado-de-vuelo\/\" target=\"_blank\" rel=\"noopener\"> <\/a><a href=\"https:\/\/www.google.com\/search?q=https:\/\/www.avianca.com\/es\/tu-reserva\/estado-de-vuelo\/\" target=\"_blank\" rel=\"noopener\">Estado de Vuelos<\/a> (Para opciones de conexi\u00f3n v\u00eda Bogot\u00e1 o El Salvador).<\/li>\n\n\n\n<li><strong>FlightAware:<\/strong><a href=\"https:\/\/es.flightaware.com\/\" target=\"_blank\" rel=\"noopener\"> <\/a><a href=\"https:\/\/es.flightaware.com\/\" target=\"_blank\" rel=\"noopener\">Seguimiento de Vuelos Global<\/a> (Una herramienta externa muy confiable para ver la ubicaci\u00f3n exacta de tu avi\u00f3n en el mapa).<\/li>\n<\/ul>\n\n\n\n<h3 class=\"wp-block-heading\"><strong>\u00bfQu\u00e9 hacer si tu vuelo aparece como \u00abCancelado\u00bb o \u00abDemorado\u00bb?<\/strong><\/h3>\n\n\n\n<p>Si al consultar estos links ves una alteraci\u00f3n en tu viaje, no esperes a llegar al aeropuerto. La mayor\u00eda de las aerol\u00edneas han habilitado <strong>\u00abWaivers\u00bb (exenciones de pago)<\/strong> por la situaci\u00f3n en M\u00e9xico. Llama de inmediato a sus centros de atenci\u00f3n o utiliza sus chats oficiales en WhatsApp para solicitar una reubicaci\u00f3n sin costo.<\/p>\n","protected":false},"excerpt":{"rendered":"<p>Para muchos viajeros y turistas, M\u00e9xico es el puente natural que conecta a Costa Rica con el resto de Norteam\u00e9rica y Europa. Sin embargo, los recientes eventos de seguridad desatados el 22 de febrero de 2026 han generado incertidumbre entre quienes tienen vuelos programados con escala en territorio mexicano. Para muchos viajeros y turistas, M\u00e9xico [&hellip;]<\/p>\n","protected":false},"author":15,"featured_media":8480,"comment_status":"open","ping_status":"open","sticky":false,"template":"","format":"standard","meta":{"footnotes":""},"categories":[87,103],"tags":[],"class_list":["post-8481","post","type-post","status-publish","format-standard","has-post-thumbnail","hentry","category-noticias","category-turismo-y-cultura"],"_links":{"self":[{"href":"https:\/\/peopleofcostarica.com\/es\/wp-json\/wp\/v2\/posts\/8481","targetHints":{"allow":["GET"]}}],"collection":[{"href":"https:\/\/peopleofcostarica.com\/es\/wp-json\/wp\/v2\/posts"}],"about":[{"href":"https:\/\/peopleofcostarica.com\/es\/wp-json\/wp\/v2\/types\/post"}],"author":[{"embeddable":true,"href":"https:\/\/peopleofcostarica.com\/es\/wp-json\/wp\/v2\/users\/15"}],"replies":[{"embeddable":true,"href":"https:\/\/peopleofcostarica.com\/es\/wp-json\/wp\/v2\/comments?post=8481"}],"version-history":[{"count":1,"href":"https:\/\/peopleofcostarica.com\/es\/wp-json\/wp\/v2\/posts\/8481\/revisions"}],"predecessor-version":[{"id":8485,"href":"https:\/\/peopleofcostarica.com\/es\/wp-json\/wp\/v2\/posts\/8481\/revisions\/8485"}],"wp:featuredmedia":[{"embeddable":true,"href":"https:\/\/peopleofcostarica.com\/es\/wp-json\/wp\/v2\/media\/8480"}],"wp:attachment":[{"href":"https:\/\/peopleofcostarica.com\/es\/wp-json\/wp\/v2\/media?parent=8481"}],"wp:term":[{"taxonomy":"category","embeddable":true,"href":"https:\/\/peopleofcostarica.com\/es\/wp-json\/wp\/v2\/categories?post=8481"},{"taxonomy":"post_tag","embeddable":true,"href":"https:\/\/peopleofcostarica.com\/es\/wp-json\/wp\/v2\/tags?post=8481"}],"curies":[{"name":"wp","href":"https:\/\/api.w.org\/{rel}","templated":true}]}}