{"id":8410,"date":"2026-05-01T10:00:00","date_gmt":"2026-05-01T10:00:00","guid":{"rendered":"https:\/\/peopleofcostarica.com\/?p=8410"},"modified":"2026-02-20T23:38:13","modified_gmt":"2026-02-20T23:38:13","slug":"la-biografia-de-nuestra-libertad-entrega-v-del-bipartidismo-a-la-fragmentacion-1986-2018","status":"publish","type":"post","link":"https:\/\/peopleofcostarica.com\/es\/la-biografia-de-nuestra-libertad-entrega-v-del-bipartidismo-a-la-fragmentacion-1986-2018\/","title":{"rendered":"La Biograf\u00eda de nuestra Libertad (Entrega V): Del Bipartidismo a la Fragmentaci\u00f3n (1986-2018)"},"content":{"rendered":"\n<p>Tras la consolidaci\u00f3n de las instituciones de la Segunda Rep\u00fablica, Costa Rica entr\u00f3 en una etapa de madurez pol\u00edtica caracterizada por el predominio de dos grandes fuerzas: el Partido Liberaci\u00f3n Nacional (PLN) y el Partido Unidad Social Cristiana (PUSC). Este periodo, que abarc\u00f3 gran parte de las \u00faltimas d\u00e9cadas del siglo XX, dot\u00f3 al pa\u00eds de una estabilidad envidiable en la regi\u00f3n, aunque tambi\u00e9n sembr\u00f3 las semillas de su propia transformaci\u00f3n.<\/p>\n\n\n\n<h2 class=\"wp-block-heading\"><strong>La era del bipartidismo y el consenso<\/strong><\/h2>\n\n\n\n<p>Entre 1986 y el a\u00f1o 2000, el sistema electoral funcion\u00f3 de forma casi mec\u00e1nica. La alternancia en el poder entre el PLN y el PUSC permit\u00eda una continuidad en el modelo de desarrollo. Durante estos a\u00f1os, Costa Rica no solo fortaleci\u00f3 su democracia interna, sino que proyect\u00f3 su liderazgo hacia el exterior. Un hito fundamental fue la firma del <strong>Plan de Paz de Esquipulas II<\/strong> bajo el liderazgo del presidente \u00d3scar Arias S\u00e1nchez, que busc\u00f3 la democratizaci\u00f3n y el cese de los conflictos armados en Centroam\u00e9rica, reafirmando el papel de Costa Rica como el referente civilista de la regi\u00f3n.<\/p>\n\n\n\n<h2 class=\"wp-block-heading\"><strong>El \u00abPLUSC\u00bb y el malestar ciudadano<\/strong><\/h2>\n\n\n\n<p>Con el paso del tiempo, la cercan\u00eda program\u00e1tica entre los dos partidos mayoritarios llev\u00f3 a un sector de la ciudadan\u00eda a acu\u00f1ar el t\u00e9rmino \u00abPLUSC\u00bb para referirse a lo que percib\u00edan como un bloque de poder \u00fanico e indiferenciado. Las fuentes acad\u00e9micas se\u00f1alan que este periodo comenz\u00f3 a mostrar signos de agotamiento debido a:<\/p>\n\n\n\n<ul class=\"wp-block-list\">\n<li><strong>Esc\u00e1ndalos de corrupci\u00f3n:<\/strong> Casos que involucraron a figuras de alto nivel afectaron la confianza en las instituciones tradicionales.<\/li>\n\n\n\n<li><strong>Desalineamiento electoral:<\/strong> Un n\u00famero creciente de ciudadanos dej\u00f3 de identificarse emocionalmente con los colores partidarios (el \u00abvoto de bandera\u00bb).<\/li>\n\n\n\n<li><strong>Aumento del abstencionismo:<\/strong> La participaci\u00f3n, que hist\u00f3ricamente superaba el 80%, empez\u00f3 a descender, reflejando una desconexi\u00f3n entre la oferta pol\u00edtica y las demandas sociales.<\/li>\n<\/ul>\n\n\n\n<h2 class=\"wp-block-heading\"><strong>2002: El quiebre del sistema<\/strong><\/h2>\n\n\n\n<p>Las elecciones de 2002 marcaron un punto de no retorno. La irrupci\u00f3n del <strong>Partido Acci\u00f3n Ciudadana (PAC)<\/strong>, liderado por Ott\u00f3n Sol\u00eds, rompi\u00f3 el monopolio bipartidista y oblig\u00f3, por primera vez en la historia moderna bajo la Constituci\u00f3n del 49, a una segunda ronda electoral. Este evento transform\u00f3 el sistema de un \u00abbipartidismo perfecto\u00bb a uno de pluralismo limitado, donde las mayor\u00edas en la Asamblea Legislativa se volvieron m\u00e1s dif\u00edciles de alcanzar, exigiendo una mayor capacidad de negociaci\u00f3n y coalici\u00f3n.<\/p>\n\n\n\n<h2 class=\"wp-block-heading\"><strong>Hacia el multipartidismo (2014-2018)<\/strong><\/h2>\n\n\n\n<p>La fragmentaci\u00f3n se profundiz\u00f3 en la d\u00e9cada siguiente. En 2014, el PAC alcanz\u00f3 la presidencia, terminando con d\u00e9cadas de alternancia PLN-PUSC. Para 2018, el escenario pol\u00edtico se volvi\u00f3 a\u00fan m\u00e1s complejo con la entrada de temas religiosos y de valores en la agenda, lo que result\u00f3 en un <strong>N\u00famero Efectivo de Partidos (NEP)<\/strong> significativamente mayor. La democracia costarricense pas\u00f3 de ser un sistema predecible a uno vibrante, diverso y, en ocasiones, polarizado, reflejando una sociedad m\u00e1s cr\u00edtica y menos dispuesta a entregar \u00abcheques en blanco\u00bb a sus gobernantes.<\/p>\n\n\n\n<h2 class=\"wp-block-heading\"><strong>Fuentes consultadas:<\/strong><\/h2>\n\n\n\n<ul class=\"wp-block-list\">\n<li><em>Sistema de partidos en Costa Rica en el periodo 1986-2018: del bipartidismo al multipartidismo<\/em>, Carlos Cuiti\u00f1o Burone.<\/li>\n\n\n\n<li><em>La paz en Centroam\u00e9rica, 1987-1990. El Plan Arias desde adentro<\/em>, Cristina Eguiz\u00e1bal Mendoza.<\/li>\n\n\n\n<li><em>Transici\u00f3n pol\u00edtica en Costa Rica y el Partido Acci\u00f3n Ciudadana<\/em>, Carlos Alvarado Quesada (Nuevo Mundo Mundos Nuevos).<\/li>\n\n\n\n<li><em>Crisis pol\u00edtica y bipartidismo en Costa Rica: Apuntes sobre hechos recientes<\/em>, Dialnet.<\/li>\n\n\n\n<li><em>\u00bfC\u00f3mo hemos cambiado? Progresos y desmejoras en la democracia costarricense<\/em>, Informe Estado de la Naci\u00f3n.<\/li>\n<\/ul>\n","protected":false},"excerpt":{"rendered":"<p>Tras la consolidaci\u00f3n de las instituciones de la Segunda Rep\u00fablica, Costa Rica entr\u00f3 en una etapa de madurez pol\u00edtica caracterizada por el predominio de dos grandes fuerzas: el Partido Liberaci\u00f3n Nacional (PLN) y el Partido Unidad Social Cristiana (PUSC). Este periodo, que abarc\u00f3 gran parte de las \u00faltimas d\u00e9cadas del siglo XX, dot\u00f3 al pa\u00eds [&hellip;]<\/p>\n","protected":false},"author":16,"featured_media":8411,"comment_status":"open","ping_status":"open","sticky":false,"template":"","format":"standard","meta":{"footnotes":""},"categories":[137],"tags":[],"class_list":["post-8410","post","type-post","status-publish","format-standard","has-post-thumbnail","hentry","category-politica"],"_links":{"self":[{"href":"https:\/\/peopleofcostarica.com\/es\/wp-json\/wp\/v2\/posts\/8410","targetHints":{"allow":["GET"]}}],"collection":[{"href":"https:\/\/peopleofcostarica.com\/es\/wp-json\/wp\/v2\/posts"}],"about":[{"href":"https:\/\/peopleofcostarica.com\/es\/wp-json\/wp\/v2\/types\/post"}],"author":[{"embeddable":true,"href":"https:\/\/peopleofcostarica.com\/es\/wp-json\/wp\/v2\/users\/16"}],"replies":[{"embeddable":true,"href":"https:\/\/peopleofcostarica.com\/es\/wp-json\/wp\/v2\/comments?post=8410"}],"version-history":[{"count":1,"href":"https:\/\/peopleofcostarica.com\/es\/wp-json\/wp\/v2\/posts\/8410\/revisions"}],"predecessor-version":[{"id":8412,"href":"https:\/\/peopleofcostarica.com\/es\/wp-json\/wp\/v2\/posts\/8410\/revisions\/8412"}],"wp:featuredmedia":[{"embeddable":true,"href":"https:\/\/peopleofcostarica.com\/es\/wp-json\/wp\/v2\/media\/8411"}],"wp:attachment":[{"href":"https:\/\/peopleofcostarica.com\/es\/wp-json\/wp\/v2\/media?parent=8410"}],"wp:term":[{"taxonomy":"category","embeddable":true,"href":"https:\/\/peopleofcostarica.com\/es\/wp-json\/wp\/v2\/categories?post=8410"},{"taxonomy":"post_tag","embeddable":true,"href":"https:\/\/peopleofcostarica.com\/es\/wp-json\/wp\/v2\/tags?post=8410"}],"curies":[{"name":"wp","href":"https:\/\/api.w.org\/{rel}","templated":true}]}}