{"id":8217,"date":"2026-02-13T15:14:39","date_gmt":"2026-02-13T15:14:39","guid":{"rendered":"https:\/\/peopleofcostarica.com\/?p=8217"},"modified":"2026-02-13T15:15:16","modified_gmt":"2026-02-13T15:15:16","slug":"domingos-familiares-sin-humo-regresan-este-febrero-y-marzo-con-actividades-gratuitas","status":"publish","type":"post","link":"https:\/\/peopleofcostarica.com\/es\/domingos-familiares-sin-humo-regresan-este-febrero-y-marzo-con-actividades-gratuitas\/","title":{"rendered":"Domingos Familiares sin Humo regresan este febrero y marzo con actividades gratuitas"},"content":{"rendered":"\n<p>El Paseo Col\u00f3n volver\u00e1 a convertirse en un gigantesco parque urbano libre de veh\u00edculos y contaminaci\u00f3n. La Municipalidad de San Jos\u00e9 ha oficializado el regreso de los \u201cDomingos Familiares sin Humo\u201d, una iniciativa que busca promover estilos de vida saludables, el deporte y el disfrute de los espacios p\u00fablicos de la capital de forma totalmente gratuita.<\/p>\n\n\n\n<p>Para este 2026, la actividad se extender\u00e1 durante cuatro fechas clave, integrando por primera vez el Parque Metropolitano La Sabana en su jornada de cierre.<\/p>\n\n\n\n<p>Las autoridades municipales confirmaron las siguientes fechas y sedes para las actividades, que se desarrollar\u00e1n en las siguiente fechas:<\/p>\n\n\n\n<p>15 y 22 de febrero: En el Paseo Col\u00f3n (Cierre de v\u00edas desde calle 24 hasta calle 42).<\/p>\n\n\n\n<p>1 de marzo: En el Paseo Col\u00f3n.<\/p>\n\n\n\n<p>8 de marzo: Gran cierre en el Parque Metropolitano La Sabana, en conmemoraci\u00f3n del D\u00eda Internacional de la Mujer.<\/p>\n\n\n\n<p>El evento contar\u00e1 con un despliegue de recreaci\u00f3n distribuido a lo largo de varias cuadras, ofreciendo opciones para todas las edades:<\/p>\n\n\n\n<p>Para ni\u00f1os: Circuitos de bicicletas (para edades de 2 a 9 a\u00f1os), pista de Go Karts, inflables gigantes, talleres de pintura y viveros m\u00f3viles.<\/p>\n\n\n\n<p>Deporte y adrenalina: Exhibiciones de lucha libre, un Skate Park urbano, pista de patinaje y juegos tradicionales.<\/p>\n\n\n\n<p>Mascotas: La zona \u00abHealthy Pets\u00bb contar\u00e1 con piscinas, rampas, obst\u00e1culos y servicios de cuidado de la piel para los animales de compa\u00f1\u00eda.<\/p>\n\n\n\n<p>Cultura y Ambiente: Presentaciones de la Polic\u00eda Canina, PhotoBooths y una campa\u00f1a de reciclaje donde los asistentes podr\u00e1n canjear materiales (vidrio, pl\u00e1stico y aluminio) por art\u00edculos promocionales.<\/p>\n\n\n\n<p>Para garantizar la seguridad de los asistentes, el Ministerio de Obras P\u00fablicas y Transportes (MOPT) y la Polic\u00eda Municipal aplicar\u00e1n cierres de v\u00edas en el Paseo Col\u00f3n desde las 5:00 a.m. hasta las 4:00 p.m. durante los domingos programados. Se recomienda a los conductores utilizar v\u00edas alternas.<\/p>\n\n\n\n<p>El alcalde de San Jos\u00e9, Diego Miranda, destac\u00f3 que esta edici\u00f3n 2026 pone un \u00e9nfasis especial en la descarbonizaci\u00f3n y el homenaje a instituciones benem\u00e9ritas, como el Cuerpo de Bomberos, que este a\u00f1o celebra su 160 aniversario. La invitaci\u00f3n queda abierta para que las familias \u00abtomen\u00bb la ciudad en un ambiente seguro, limpio y libre de humo de tabaco.<\/p>\n","protected":false},"excerpt":{"rendered":"<p>El Paseo Col\u00f3n volver\u00e1 a convertirse en un gigantesco parque urbano libre de veh\u00edculos y contaminaci\u00f3n. La Municipalidad de San Jos\u00e9 ha oficializado el regreso de los \u201cDomingos Familiares sin Humo\u201d, una iniciativa que busca promover estilos de vida saludables, el deporte y el disfrute de los espacios p\u00fablicos de la capital de forma totalmente [&hellip;]<\/p>\n","protected":false},"author":15,"featured_media":8216,"comment_status":"open","ping_status":"open","sticky":false,"template":"","format":"standard","meta":{"footnotes":""},"categories":[104,87,9,103],"tags":[],"class_list":["post-8217","post","type-post","status-publish","format-standard","has-post-thumbnail","hentry","category-agenda-fin-de-semana","category-noticias","category-places","category-turismo-y-cultura"],"_links":{"self":[{"href":"https:\/\/peopleofcostarica.com\/es\/wp-json\/wp\/v2\/posts\/8217","targetHints":{"allow":["GET"]}}],"collection":[{"href":"https:\/\/peopleofcostarica.com\/es\/wp-json\/wp\/v2\/posts"}],"about":[{"href":"https:\/\/peopleofcostarica.com\/es\/wp-json\/wp\/v2\/types\/post"}],"author":[{"embeddable":true,"href":"https:\/\/peopleofcostarica.com\/es\/wp-json\/wp\/v2\/users\/15"}],"replies":[{"embeddable":true,"href":"https:\/\/peopleofcostarica.com\/es\/wp-json\/wp\/v2\/comments?post=8217"}],"version-history":[{"count":1,"href":"https:\/\/peopleofcostarica.com\/es\/wp-json\/wp\/v2\/posts\/8217\/revisions"}],"predecessor-version":[{"id":8218,"href":"https:\/\/peopleofcostarica.com\/es\/wp-json\/wp\/v2\/posts\/8217\/revisions\/8218"}],"wp:featuredmedia":[{"embeddable":true,"href":"https:\/\/peopleofcostarica.com\/es\/wp-json\/wp\/v2\/media\/8216"}],"wp:attachment":[{"href":"https:\/\/peopleofcostarica.com\/es\/wp-json\/wp\/v2\/media?parent=8217"}],"wp:term":[{"taxonomy":"category","embeddable":true,"href":"https:\/\/peopleofcostarica.com\/es\/wp-json\/wp\/v2\/categories?post=8217"},{"taxonomy":"post_tag","embeddable":true,"href":"https:\/\/peopleofcostarica.com\/es\/wp-json\/wp\/v2\/tags?post=8217"}],"curies":[{"name":"wp","href":"https:\/\/api.w.org\/{rel}","templated":true}]}}