{"id":7472,"date":"2026-01-20T12:00:00","date_gmt":"2026-01-20T12:00:00","guid":{"rendered":"https:\/\/peopleofcostarica.com\/?p=7472"},"modified":"2026-01-20T17:27:48","modified_gmt":"2026-01-20T17:27:48","slug":"sismo-de-magnitud-44-se-origino-bajo-el-museo-nacional-en-san-jose","status":"publish","type":"post","link":"https:\/\/peopleofcostarica.com\/es\/sismo-de-magnitud-44-se-origino-bajo-el-museo-nacional-en-san-jose\/","title":{"rendered":"Sismo de magnitud 4,4 se origin\u00f3 bajo el Museo Nacional en San Jos\u00e9"},"content":{"rendered":"\n<p>Un sismo de magnitud 4,4 sacudi\u00f3 de forma repentina el centro de San Jos\u00e9 la tarde de este lunes. De acuerdo con el reporte oficial del Observatorio Vulcanol\u00f3gico y Sismol\u00f3gico de Costa Rica (Ovsicori), el movimiento tuvo una caracter\u00edstica particular: su epicentro se localiz\u00f3 exactamente debajo del Museo Nacional.<\/p>\n\n\n\n<p>El evento s\u00edsmico ocurri\u00f3 a las 5:06 p. m. y, debido a su escasa profundidad apenas 3 kil\u00f3metros, la percepci\u00f3n de la poblaci\u00f3n en la capital fue de un fuerte \u00absacud\u00f3n\u00bb vertical y corto, lo que gener\u00f3 alarma inmediata en edificios gubernamentales y comercios del casco central.<\/p>\n\n\n\n<p>El temblor coincidi\u00f3 con la sesi\u00f3n en el Plenario de la Asamblea Legislativa, donde los diputados acababan de votar un proyecto de ley. Ante la intensidad del movimiento, la presidencia del Congreso orden\u00f3 la evacuaci\u00f3n inmediata del recinto como medida de seguridad.<\/p>\n\n\n\n<p>Por su parte, la Comisi\u00f3n Nacional de Emergencias (CNE) realiz\u00f3 un monitoreo preventivo en los minutos posteriores al evento. Hasta el momento, las autoridades confirman que no se registran da\u00f1os en infraestructuras cr\u00edticas ni personas afectadas, aunque s\u00ed hubo reportes de ca\u00edda de objetos en viviendas y oficinas cercanas al epicentro.<\/p>\n\n\n\n<p>Marino Protti, experto del Ovsicori, explic\u00f3 que tras el evento principal se han registrado r\u00e9plicas menores, incluyendo una de magnitud 2,6 que tambi\u00e9n fue percibida por algunos ciudadanos. Los especialistas se\u00f1alan que este tipo de actividad es normal debido al sistema de fallamiento local que atraviesa el Valle Central y advierten que podr\u00edan presentarse m\u00e1s movimientos de baja intensidad en las pr\u00f3ximas horas o d\u00edas.<\/p>\n\n\n\n<p>Este sismo recuerda la importancia de mantener activos los protocolos de emergencia en una zona urbana densamente poblada, donde la superficialidad de los focos s\u00edsmicos aumenta la intensidad con la que se perciben los movimientos.<\/p>\n","protected":false},"excerpt":{"rendered":"<p>Un sismo de magnitud 4,4 sacudi\u00f3 de forma repentina el centro de San Jos\u00e9 la tarde de este lunes. De acuerdo con el reporte oficial del Observatorio Vulcanol\u00f3gico y Sismol\u00f3gico de Costa Rica (Ovsicori), el movimiento tuvo una caracter\u00edstica particular: su epicentro se localiz\u00f3 exactamente debajo del Museo Nacional. El evento s\u00edsmico ocurri\u00f3 a las [&hellip;]<\/p>\n","protected":false},"author":15,"featured_media":7471,"comment_status":"open","ping_status":"open","sticky":false,"template":"","format":"standard","meta":{"footnotes":""},"categories":[93,87,99],"tags":[],"class_list":["post-7472","post","type-post","status-publish","format-standard","has-post-thumbnail","hentry","category-costa-rica-en-el-mundo","category-noticias","category-noticias-nacionales"],"_links":{"self":[{"href":"https:\/\/peopleofcostarica.com\/es\/wp-json\/wp\/v2\/posts\/7472","targetHints":{"allow":["GET"]}}],"collection":[{"href":"https:\/\/peopleofcostarica.com\/es\/wp-json\/wp\/v2\/posts"}],"about":[{"href":"https:\/\/peopleofcostarica.com\/es\/wp-json\/wp\/v2\/types\/post"}],"author":[{"embeddable":true,"href":"https:\/\/peopleofcostarica.com\/es\/wp-json\/wp\/v2\/users\/15"}],"replies":[{"embeddable":true,"href":"https:\/\/peopleofcostarica.com\/es\/wp-json\/wp\/v2\/comments?post=7472"}],"version-history":[{"count":1,"href":"https:\/\/peopleofcostarica.com\/es\/wp-json\/wp\/v2\/posts\/7472\/revisions"}],"predecessor-version":[{"id":7479,"href":"https:\/\/peopleofcostarica.com\/es\/wp-json\/wp\/v2\/posts\/7472\/revisions\/7479"}],"wp:featuredmedia":[{"embeddable":true,"href":"https:\/\/peopleofcostarica.com\/es\/wp-json\/wp\/v2\/media\/7471"}],"wp:attachment":[{"href":"https:\/\/peopleofcostarica.com\/es\/wp-json\/wp\/v2\/media?parent=7472"}],"wp:term":[{"taxonomy":"category","embeddable":true,"href":"https:\/\/peopleofcostarica.com\/es\/wp-json\/wp\/v2\/categories?post=7472"},{"taxonomy":"post_tag","embeddable":true,"href":"https:\/\/peopleofcostarica.com\/es\/wp-json\/wp\/v2\/tags?post=7472"}],"curies":[{"name":"wp","href":"https:\/\/api.w.org\/{rel}","templated":true}]}}