{"id":7416,"date":"2026-01-19T10:00:00","date_gmt":"2026-01-19T10:00:00","guid":{"rendered":"https:\/\/peopleofcostarica.com\/?p=7416"},"modified":"2026-01-19T15:14:25","modified_gmt":"2026-01-19T15:14:25","slug":"proyecto-de-expansion-del-juan-santamaria-supera-la-mitad-de-progreso","status":"publish","type":"post","link":"https:\/\/peopleofcostarica.com\/es\/proyecto-de-expansion-del-juan-santamaria-supera-la-mitad-de-progreso\/","title":{"rendered":"Proyecto de expansi\u00f3n del Juan Santamar\u00eda supera la mitad de progreso"},"content":{"rendered":"\n<p>El principal puerto de entrada a\u00e9reo de Costa Rica, el Aeropuerto Internacional Juan Santamar\u00eda (AIJS), se encuentra en plena metamorfosis. Las obras de expansi\u00f3n de su terminal principal ya reportan un s\u00f3lido <strong>58% de avance<\/strong>, marcando un hito en la hoja de ruta establecida para fortalecer la competitividad log\u00edstica y tur\u00edstica del pa\u00eds.<\/p>\n\n\n\n<p>Tras haber iniciado motores en marzo del a\u00f1o pasado, el proyecto \u2014que representa una inversi\u00f3n estrat\u00e9gica de <strong>$62 millones<\/strong>\u2014 se concentra actualmente en la construcci\u00f3n de \u00e1reas cr\u00edticas para la experiencia del pasajero. Seg\u00fan los cronogramas de Aeris, gestor interesado de la terminal, los viajeros podr\u00e1n disfrutar de las nuevas instalaciones a partir de <strong>mayo de este a\u00f1o<\/strong>.<\/p>\n\n\n\n<p><strong>\u00bfQu\u00e9 esperar de esta nueva etapa?<\/strong> La expansi\u00f3n no es solo una cuesti\u00f3n de metros cuadrados, sino de eficiencia operativa. El proyecto incluye una nueva zona de llegadas, servicios sanitarios renovados, centros de negocios y un robusto sistema de inspecci\u00f3n de equipaje. Adem\u00e1s, se est\u00e1n reforzando los controles fitosanitarios y de aduanas para agilizar el flujo de entrada sin sacrificar la seguridad nacional.<\/p>\n\n\n\n<p><strong>Un aeropuerto en constante evoluci\u00f3n<\/strong> Pero la terminal principal es solo una pieza del rompecabezas. El Plan Maestro del aeropuerto contempla otros frentes de trabajo simult\u00e1neos:<\/p>\n\n\n\n<ul class=\"wp-block-list\">\n<li><strong>Plataforma remota:<\/strong> Registra un 10% de avance y se espera su entrega para diciembre.<\/li>\n\n\n\n<li><strong>Terminal Dom\u00e9stica:<\/strong> Los vuelos internos tambi\u00e9n tendr\u00e1n su espacio renovado en abril de 2027.<\/li>\n\n\n\n<li><strong>Estacionamiento P\u00fablico:<\/strong> Una obra necesaria que proyecta su inauguraci\u00f3n para mayo de 2027.<\/li>\n<\/ul>\n\n\n\n<p><img fetchpriority=\"high\" decoding=\"async\" width=\"527\" height=\"276\" src=\"\" alt=\"Avi\u00f3n en la pista de un aeropuerto\n\nDescripci\u00f3n generada autom\u00e1ticamente\">Con este avance, el Juan Santamar\u00eda no solo busca manejar un mayor volumen de pasajeros, sino consolidarse como una terminal de vanguardia en la regi\u00f3n centroamericana, lista para responder a la creciente demanda de un mundo cada vez m\u00e1s conectado.<\/p>\n","protected":false},"excerpt":{"rendered":"<p>El principal puerto de entrada a\u00e9reo de Costa Rica, el Aeropuerto Internacional Juan Santamar\u00eda (AIJS), se encuentra en plena metamorfosis. Las obras de expansi\u00f3n de su terminal principal ya reportan un s\u00f3lido 58% de avance, marcando un hito en la hoja de ruta establecida para fortalecer la competitividad log\u00edstica y tur\u00edstica del pa\u00eds. Tras haber [&hellip;]<\/p>\n","protected":false},"author":15,"featured_media":7415,"comment_status":"open","ping_status":"open","sticky":false,"template":"","format":"standard","meta":{"footnotes":""},"categories":[93,87,99,103],"tags":[],"class_list":["post-7416","post","type-post","status-publish","format-standard","has-post-thumbnail","hentry","category-costa-rica-en-el-mundo","category-noticias","category-noticias-nacionales","category-turismo-y-cultura"],"_links":{"self":[{"href":"https:\/\/peopleofcostarica.com\/es\/wp-json\/wp\/v2\/posts\/7416","targetHints":{"allow":["GET"]}}],"collection":[{"href":"https:\/\/peopleofcostarica.com\/es\/wp-json\/wp\/v2\/posts"}],"about":[{"href":"https:\/\/peopleofcostarica.com\/es\/wp-json\/wp\/v2\/types\/post"}],"author":[{"embeddable":true,"href":"https:\/\/peopleofcostarica.com\/es\/wp-json\/wp\/v2\/users\/15"}],"replies":[{"embeddable":true,"href":"https:\/\/peopleofcostarica.com\/es\/wp-json\/wp\/v2\/comments?post=7416"}],"version-history":[{"count":1,"href":"https:\/\/peopleofcostarica.com\/es\/wp-json\/wp\/v2\/posts\/7416\/revisions"}],"predecessor-version":[{"id":7418,"href":"https:\/\/peopleofcostarica.com\/es\/wp-json\/wp\/v2\/posts\/7416\/revisions\/7418"}],"wp:featuredmedia":[{"embeddable":true,"href":"https:\/\/peopleofcostarica.com\/es\/wp-json\/wp\/v2\/media\/7415"}],"wp:attachment":[{"href":"https:\/\/peopleofcostarica.com\/es\/wp-json\/wp\/v2\/media?parent=7416"}],"wp:term":[{"taxonomy":"category","embeddable":true,"href":"https:\/\/peopleofcostarica.com\/es\/wp-json\/wp\/v2\/categories?post=7416"},{"taxonomy":"post_tag","embeddable":true,"href":"https:\/\/peopleofcostarica.com\/es\/wp-json\/wp\/v2\/tags?post=7416"}],"curies":[{"name":"wp","href":"https:\/\/api.w.org\/{rel}","templated":true}]}}