{"id":7372,"date":"2026-01-16T14:00:00","date_gmt":"2026-01-16T14:00:00","guid":{"rendered":"https:\/\/peopleofcostarica.com\/?p=7372"},"modified":"2026-01-15T16:45:19","modified_gmt":"2026-01-15T16:45:19","slug":"importante-ruta-nacional-permanecera-cerrada-por-dos-semanas-debido-a-la-construccion-de-puente","status":"publish","type":"post","link":"https:\/\/peopleofcostarica.com\/es\/importante-ruta-nacional-permanecera-cerrada-por-dos-semanas-debido-a-la-construccion-de-puente\/","title":{"rendered":"Importante ruta nacional permanecer\u00e1 cerrada por dos semanas debido a la construcci\u00f3n de puente"},"content":{"rendered":"\n<p>A partir del pr\u00f3ximo lunes 19 de enero de 2026, el paso por la Ruta Nacional 32 \u2014principal v\u00eda de conexi\u00f3n entre el Valle Central y la provincia de Lim\u00f3n\u2014 quedar\u00e1 totalmente suspendido durante 15 d\u00edas naturales. El Ministerio de Obras P\u00fablicas y Transportes (MOPT) confirm\u00f3 que la medida es necesaria para proceder con el montaje de las vigas estructurales del nuevo puente sobre el r\u00edo Sucio, una pieza clave en la ampliaci\u00f3n de esta carretera.<\/p>\n\n\n\n<p>El cierre se aplicar\u00e1 de forma continua (las 24 horas del d\u00eda) y finalizar\u00e1 el 2 de febrero. El sector afectado comprende espec\u00edficamente el \u00e1rea de construcci\u00f3n del puente; sin embargo, para efectos de control de tr\u00e1nsito, los puestos de restricci\u00f3n se ubicar\u00e1n en el Peaje del Zurqu\u00ed y en el Cruce de R\u00edo Fr\u00edo, impidiendo el paso por el Parque Nacional Braulio Carrillo.<\/p>\n\n\n\n<p><strong>Rutas de desv\u00edo obligatorias:<\/strong><br>Las autoridades han establecido las siguientes rutas alternas para evitar el colapso log\u00edstico:<\/p>\n\n\n\n<p>\u2022 <strong>Veh\u00edculos pesados y articulados:<\/strong> Deber\u00e1n utilizar obligatoriamente la Ruta 10, que conecta San Jos\u00e9 con Siquirres pasando por Cartago y Turrialba. Se advierte que este trayecto puede sumar hasta dos horas adicionales al tiempo de viaje habitual.<\/p>\n\n\n\n<p>\u2022 <strong>Veh\u00edculos livianos y autobuses peque\u00f1os:<\/strong> Podr\u00e1n utilizar la ruta por Vara Blanca (Ruta 126), aunque se recomienda extrema precauci\u00f3n debido a las curvas pronunciadas y la posibilidad de neblina.<\/p>\n\n\n\n<p>El Consejo Nacional de Vialidad (CONAVI) explic\u00f3 que el uso de gr\u00faas de alta capacidad en el cauce del r\u00edo y sobre la calzada actual hace imposible mantener el flujo vehicular de forma segura. \u201cEstamos entrando en la fase m\u00e1s cr\u00edtica de la estructura; una vez colocadas estas vigas, el proyecto entrar\u00e1 en su etapa final de pavimentaci\u00f3n\u201d, indicaron las autoridades.<\/p>\n\n\n\n<p>Se insta a las empresas exportadoras y a los servicios de transporte de pasajeros a ajustar sus horarios, ya que no se permitir\u00e1 el paso de ning\u00fan veh\u00edculo \u2014de emergencia o particular\u2014 por la zona de obras mientras dure la maniobra de izaje.<\/p>\n","protected":false},"excerpt":{"rendered":"<p>A partir del pr\u00f3ximo lunes 19 de enero de 2026, el paso por la Ruta Nacional 32 \u2014principal v\u00eda de conexi\u00f3n entre el Valle Central y la provincia de Lim\u00f3n\u2014 quedar\u00e1 totalmente suspendido durante 15 d\u00edas naturales. El Ministerio de Obras P\u00fablicas y Transportes (MOPT) confirm\u00f3 que la medida es necesaria para proceder con el [&hellip;]<\/p>\n","protected":false},"author":15,"featured_media":7371,"comment_status":"open","ping_status":"open","sticky":false,"template":"","format":"standard","meta":{"footnotes":""},"categories":[93,87,9],"tags":[],"class_list":["post-7372","post","type-post","status-publish","format-standard","has-post-thumbnail","hentry","category-costa-rica-en-el-mundo","category-noticias","category-places"],"_links":{"self":[{"href":"https:\/\/peopleofcostarica.com\/es\/wp-json\/wp\/v2\/posts\/7372","targetHints":{"allow":["GET"]}}],"collection":[{"href":"https:\/\/peopleofcostarica.com\/es\/wp-json\/wp\/v2\/posts"}],"about":[{"href":"https:\/\/peopleofcostarica.com\/es\/wp-json\/wp\/v2\/types\/post"}],"author":[{"embeddable":true,"href":"https:\/\/peopleofcostarica.com\/es\/wp-json\/wp\/v2\/users\/15"}],"replies":[{"embeddable":true,"href":"https:\/\/peopleofcostarica.com\/es\/wp-json\/wp\/v2\/comments?post=7372"}],"version-history":[{"count":1,"href":"https:\/\/peopleofcostarica.com\/es\/wp-json\/wp\/v2\/posts\/7372\/revisions"}],"predecessor-version":[{"id":7374,"href":"https:\/\/peopleofcostarica.com\/es\/wp-json\/wp\/v2\/posts\/7372\/revisions\/7374"}],"wp:featuredmedia":[{"embeddable":true,"href":"https:\/\/peopleofcostarica.com\/es\/wp-json\/wp\/v2\/media\/7371"}],"wp:attachment":[{"href":"https:\/\/peopleofcostarica.com\/es\/wp-json\/wp\/v2\/media?parent=7372"}],"wp:term":[{"taxonomy":"category","embeddable":true,"href":"https:\/\/peopleofcostarica.com\/es\/wp-json\/wp\/v2\/categories?post=7372"},{"taxonomy":"post_tag","embeddable":true,"href":"https:\/\/peopleofcostarica.com\/es\/wp-json\/wp\/v2\/tags?post=7372"}],"curies":[{"name":"wp","href":"https:\/\/api.w.org\/{rel}","templated":true}]}}