{"id":7206,"date":"2026-01-10T07:00:00","date_gmt":"2026-01-10T07:00:00","guid":{"rendered":"https:\/\/peopleofcostarica.com\/?p=7206"},"modified":"2026-01-09T20:44:16","modified_gmt":"2026-01-09T20:44:16","slug":"regresa-la-restriccion-vehicular-a-san-jose","status":"publish","type":"post","link":"https:\/\/peopleofcostarica.com\/es\/regresa-la-restriccion-vehicular-a-san-jose\/","title":{"rendered":"Regresa la restricci\u00f3n vehicular a San Jos\u00e9"},"content":{"rendered":"\n<p>Tras la suspensi\u00f3n temporal por las festividades, el Ministerio de Obras P\u00fablicas y Transportes (MOPT) ha reactivado oficialmente la restricci\u00f3n vehicular por n\u00famero de placa en el \u00e1rea metropolitana de San Jos\u00e9. La medida busca normalizar el flujo vial tras el retorno de las actividades laborales y comerciales.<\/p>\n\n\n\n<p><strong>Calendario de circulaci\u00f3n<\/strong><\/p>\n\n\n\n<p>La restricci\u00f3n aplica de lunes a viernes, de 6:00 a.m. a 7:00 p.m., seg\u00fan el \u00faltimo d\u00edgito de la placa:<\/p>\n\n\n\n<p>Lunes: 1 y 2<br>Martes: 3 y 4<br>Mi\u00e9rcoles: 5 y 6<br>Jueves: 7 y 8<br>Viernes: 9 y 0<\/p>\n\n\n\n<p> <strong>Zona de aplicaci\u00f3n<\/strong><\/p>\n\n\n\n<p>La prohibici\u00f3n incluye todo el casco central de San Jos\u00e9, as\u00ed como el anillo de la Ruta 39 (Circunvalaci\u00f3n) y las rutas radiales que conectan con esta zona.<\/p>\n\n\n\n<p><strong>Sanci\u00f3n econ\u00f3mica<\/strong><\/p>\n\n\n\n<p>Los conductores que incumplan la normativa se exponen a una multa administrativa cercana a \u00a226.000. Seg\u00fan informaci\u00f3n de la Polic\u00eda de Tr\u00e1nsito, esta infracci\u00f3n contin\u00faa entre las m\u00e1s frecuentes del pa\u00eds.<\/p>\n\n\n\n<p><br><strong>Dato relevante<\/strong>: Los veh\u00edculos el\u00e9ctricos, el transporte p\u00fablico, los servicios de emergencia y los veh\u00edculos que trasladen personas con discapacidad est\u00e1n exentos de la medida.<\/p>\n","protected":false},"excerpt":{"rendered":"<p>Tras la suspensi\u00f3n temporal por las festividades, el Ministerio de Obras P\u00fablicas y Transportes (MOPT) ha reactivado oficialmente la restricci\u00f3n vehicular por n\u00famero de placa en el \u00e1rea metropolitana de San Jos\u00e9. La medida busca normalizar el flujo vial tras el retorno de las actividades laborales y comerciales. Calendario de circulaci\u00f3n La restricci\u00f3n aplica de [&hellip;]<\/p>\n","protected":false},"author":15,"featured_media":7209,"comment_status":"open","ping_status":"open","sticky":false,"template":"","format":"standard","meta":{"footnotes":""},"categories":[87,99,9],"tags":[],"class_list":["post-7206","post","type-post","status-publish","format-standard","has-post-thumbnail","hentry","category-noticias","category-noticias-nacionales","category-places"],"_links":{"self":[{"href":"https:\/\/peopleofcostarica.com\/es\/wp-json\/wp\/v2\/posts\/7206","targetHints":{"allow":["GET"]}}],"collection":[{"href":"https:\/\/peopleofcostarica.com\/es\/wp-json\/wp\/v2\/posts"}],"about":[{"href":"https:\/\/peopleofcostarica.com\/es\/wp-json\/wp\/v2\/types\/post"}],"author":[{"embeddable":true,"href":"https:\/\/peopleofcostarica.com\/es\/wp-json\/wp\/v2\/users\/15"}],"replies":[{"embeddable":true,"href":"https:\/\/peopleofcostarica.com\/es\/wp-json\/wp\/v2\/comments?post=7206"}],"version-history":[{"count":1,"href":"https:\/\/peopleofcostarica.com\/es\/wp-json\/wp\/v2\/posts\/7206\/revisions"}],"predecessor-version":[{"id":7214,"href":"https:\/\/peopleofcostarica.com\/es\/wp-json\/wp\/v2\/posts\/7206\/revisions\/7214"}],"wp:featuredmedia":[{"embeddable":true,"href":"https:\/\/peopleofcostarica.com\/es\/wp-json\/wp\/v2\/media\/7209"}],"wp:attachment":[{"href":"https:\/\/peopleofcostarica.com\/es\/wp-json\/wp\/v2\/media?parent=7206"}],"wp:term":[{"taxonomy":"category","embeddable":true,"href":"https:\/\/peopleofcostarica.com\/es\/wp-json\/wp\/v2\/categories?post=7206"},{"taxonomy":"post_tag","embeddable":true,"href":"https:\/\/peopleofcostarica.com\/es\/wp-json\/wp\/v2\/tags?post=7206"}],"curies":[{"name":"wp","href":"https:\/\/api.w.org\/{rel}","templated":true}]}}