{"id":7192,"date":"2026-01-09T12:30:00","date_gmt":"2026-01-09T12:30:00","guid":{"rendered":"https:\/\/peopleofcostarica.com\/?p=7192"},"modified":"2026-01-09T18:23:03","modified_gmt":"2026-01-09T18:23:03","slug":"manuel-antonio-bajo-alerta-denuncian-graves-danos-ambientales-por-proyecto-ocean-cove","status":"publish","type":"post","link":"https:\/\/peopleofcostarica.com\/es\/manuel-antonio-bajo-alerta-denuncian-graves-danos-ambientales-por-proyecto-ocean-cove\/","title":{"rendered":"Manuel Antonio bajo alerta: Denuncian graves da\u00f1os ambientales por proyecto \u00abOcean Cove\u00bb"},"content":{"rendered":"\n<p>Lo que deber\u00eda ser un modelo de desarrollo sostenible en una de las zonas biol\u00f3gicamente m\u00e1s intensas del pa\u00eds, se ha convertido en el centro de una batalla legal y ambiental. Un ambicioso proyecto tur\u00edstico denominado <strong>Ocean Cove<\/strong>, ubicado en el coraz\u00f3n de Manuel Antonio, enfrenta hoy solicitudes de paralizaci\u00f3n inmediata debido a presuntas irregularidades que amenazan la integridad del ecosistema local.<\/p>\n\n\n\n<h3 class=\"wp-block-heading\">El origen de la denuncia<\/h3>\n\n\n\n<p>La alerta fue activada tras una serie de movimientos de tierra y talas de \u00e1rboles que captaron la atenci\u00f3n de vecinos y defensores del ambiente. Seg\u00fan la denuncia interpuesta ante las autoridades judiciales y administrativas, el proyecto se est\u00e1 ejecutando <strong>sin los permisos correspondientes<\/strong> de la Secretar\u00eda T\u00e9cnica Nacional Ambiental (SETENA) ni del Sistema Nacional de \u00c1reas de Conservaci\u00f3n (SINAC).<\/p>\n\n\n\n<h3 class=\"wp-block-heading\">Las irregularidades se\u00f1aladas<\/h3>\n\n\n\n<p>El expediente del caso detalla una serie de acciones que contravienen la legislaci\u00f3n ambiental vigente en Costa Rica:<\/p>\n\n\n\n<ul class=\"wp-block-list\">\n<li><strong>Tala de Bosque Primario:<\/strong> Se reporta la eliminaci\u00f3n de cobertura boscosa sin el inventario forestal ni la autorizaci\u00f3n del SINAC.<\/li>\n\n\n\n<li><strong>Movimientos de Tierra Ilegales:<\/strong> Apertura de trochas y caminos internos que han alterado la escorrent\u00eda natural de las aguas, aumentando el riesgo de erosi\u00f3n y sedimentaci\u00f3n en las playas cercanas.<\/li>\n\n\n\n<li><strong>Afectaci\u00f3n de Cauces:<\/strong> Intervenci\u00f3n directa en cuerpos de agua de dominio p\u00fablico, lo cual constituye una falta grave al C\u00f3digo de Miner\u00eda y a la Ley de Aguas.<\/li>\n<\/ul>\n\n\n\n<blockquote class=\"wp-block-quote is-layout-flow wp-block-quote-is-layout-flow\">\n<p>\u00abSe est\u00e1 desarrollando un proyecto de manera ilegal y desordenada, a vista y paciencia de las autoridades encargadas de velar por el cumplimiento de la ley\u00bb, dicta parte de la denuncia que ya est\u00e1 en manos del Ministerio P\u00fablico.<\/p>\n<\/blockquote>\n\n\n\n<h3 class=\"wp-block-heading\">Reacci\u00f3n de las autoridades locales<\/h3>\n\n\n\n<p>La alcaldesa de Quepos, Patricia Bola\u00f1os, ha manifestado que la municipalidad se encuentra en una etapa de revisi\u00f3n de los expedientes. Si bien admiti\u00f3 que no ten\u00eda conocimiento previo de la magnitud de la denuncia hasta la intervenci\u00f3n de la prensa nacional, asegur\u00f3 que se ha remitido la informaci\u00f3n a los departamentos de ingenier\u00eda y control urbano para verificar si existe un desacato a las \u00f3rdenes de construcci\u00f3n.<\/p>\n\n\n\n<h3 class=\"wp-block-heading\">Un corredor biol\u00f3gico en riesgo<\/h3>\n\n\n\n<p>Manuel Antonio no es solo un destino tur\u00edstico; es un corredor biol\u00f3gico vital donde especies en peligro, como el <strong>mono tit\u00ed<\/strong>, dependen de la conectividad del bosque. Expertos advierten que este tipo de desarrollos \u00abfragmentados\u00bb, que inician obras antes de obtener la viabilidad ambiental, generan un da\u00f1o irreversible que ninguna multa econ\u00f3mica puede compensar.<\/p>\n\n\n\n<p>A medida que la presi\u00f3n ciudadana crece, se espera que el Tribunal Ambiental Administrativo dicte medidas cautelares en los pr\u00f3ximos d\u00edas para frenar cualquier actividad en el sitio mientras se resuelve el fondo del asunto.<\/p>\n","protected":false},"excerpt":{"rendered":"<p>Lo que deber\u00eda ser un modelo de desarrollo sostenible en una de las zonas biol\u00f3gicamente m\u00e1s intensas del pa\u00eds, se ha convertido en el centro de una batalla legal y ambiental. Un ambicioso proyecto tur\u00edstico denominado Ocean Cove, ubicado en el coraz\u00f3n de Manuel Antonio, enfrenta hoy solicitudes de paralizaci\u00f3n inmediata debido a presuntas irregularidades [&hellip;]<\/p>\n","protected":false},"author":15,"featured_media":7194,"comment_status":"open","ping_status":"open","sticky":false,"template":"","format":"standard","meta":{"footnotes":""},"categories":[91,87,9],"tags":[],"class_list":["post-7192","post","type-post","status-publish","format-standard","has-post-thumbnail","hentry","category-clima-y-ambiente","category-noticias","category-places"],"_links":{"self":[{"href":"https:\/\/peopleofcostarica.com\/es\/wp-json\/wp\/v2\/posts\/7192","targetHints":{"allow":["GET"]}}],"collection":[{"href":"https:\/\/peopleofcostarica.com\/es\/wp-json\/wp\/v2\/posts"}],"about":[{"href":"https:\/\/peopleofcostarica.com\/es\/wp-json\/wp\/v2\/types\/post"}],"author":[{"embeddable":true,"href":"https:\/\/peopleofcostarica.com\/es\/wp-json\/wp\/v2\/users\/15"}],"replies":[{"embeddable":true,"href":"https:\/\/peopleofcostarica.com\/es\/wp-json\/wp\/v2\/comments?post=7192"}],"version-history":[{"count":1,"href":"https:\/\/peopleofcostarica.com\/es\/wp-json\/wp\/v2\/posts\/7192\/revisions"}],"predecessor-version":[{"id":7198,"href":"https:\/\/peopleofcostarica.com\/es\/wp-json\/wp\/v2\/posts\/7192\/revisions\/7198"}],"wp:featuredmedia":[{"embeddable":true,"href":"https:\/\/peopleofcostarica.com\/es\/wp-json\/wp\/v2\/media\/7194"}],"wp:attachment":[{"href":"https:\/\/peopleofcostarica.com\/es\/wp-json\/wp\/v2\/media?parent=7192"}],"wp:term":[{"taxonomy":"category","embeddable":true,"href":"https:\/\/peopleofcostarica.com\/es\/wp-json\/wp\/v2\/categories?post=7192"},{"taxonomy":"post_tag","embeddable":true,"href":"https:\/\/peopleofcostarica.com\/es\/wp-json\/wp\/v2\/tags?post=7192"}],"curies":[{"name":"wp","href":"https:\/\/api.w.org\/{rel}","templated":true}]}}