{"id":4176,"date":"2025-05-26T21:24:15","date_gmt":"2025-05-26T21:24:15","guid":{"rendered":"https:\/\/peopleofcostarica.com\/?p=4176"},"modified":"2025-05-26T21:24:16","modified_gmt":"2025-05-26T21:24:16","slug":"preambulo-presenta-festival-de-cine-latinoamericano-contemporaneo-y-territorios-paraguay","status":"publish","type":"post","link":"https:\/\/peopleofcostarica.com\/es\/preambulo-presenta-festival-de-cine-latinoamericano-contemporaneo-y-territorios-paraguay\/","title":{"rendered":"Pre\u00e1mbulo presenta Festival de Cine Latinoamericano Contempor\u00e1neo y Territorios Paraguay"},"content":{"rendered":"\n<ul class=\"wp-block-list\">\n<li>Todas las funciones del Festival de Cine Latinoamericano Contempor\u00e1neo y Paraguay son gratuitas, hasta completar aforo.<\/li>\n<\/ul>\n\n\n\n<p>El programa <em>Pre\u00e1mbulo<\/em> del Centro de Cine del Ministerio de Cultura y Juventud presenta una nueva edici\u00f3n del Festival de Cine Latinoamericano Contempor\u00e1neo y Territorios Paraguay. Del 28 al 31 de junio, la sala G\u00f3mez Miralles ser\u00e1 el escenario para una muestra representativa de la cinematograf\u00eda latinoamericana y paraguaya, con t\u00edtulos que recorren diversas \u00e9pocas, estilos y tem\u00e1ticas.\u00a0<\/p>\n\n\n\n<p>La programaci\u00f3n inicia el mi\u00e9rcoles 28 de junio a las 7 de la noche con <em>Los hijos del \u00faltimo jard\u00edn<\/em> (2004), una ficci\u00f3n boliviana dirigida por Jorge Sanjin\u00e9s. Ambientada en los turbulentos d\u00edas de Febrero Negro, la pel\u00edcula narra la historia de cinco j\u00f3venes amigos que, cansados de la corrupci\u00f3n y la falta de oportunidades, deciden hacer justicia por su cuenta. Unidos por el f\u00fatbol, planean un asalto a la casa de un oscuro parlamentario, pero algo no sale como esperaban. La funci\u00f3n es apta para mayores de 15 a\u00f1os y tiene una duraci\u00f3n de 98 minutos.<\/p>\n\n\n\n<p>El jueves 29 de junio a las 7 de la noche se proyecta <em>Matar a un muerto<\/em> (2019), coproducci\u00f3n entre Paraguay, Argentina y Francia, dirigida por Hugo Gim\u00e9nez. Esta potente ficci\u00f3n, ambientada en 1978 durante la dictadura militar paraguaya, sigue a dos hombres que entierran cad\u00e1veres clandestinamente en el monte. Un d\u00eda, entre los cuerpos aparece un hombre que a\u00fan respira. Aunque saben que deben matarlo, nunca antes han asesinado a nadie. La cinta tiene una duraci\u00f3n de 87 minutos y est\u00e1 clasificada para mayores de 18 a\u00f1os.<\/p>\n\n\n\n<p>El viernes 30 de junio a las 7 de la noche se presenta <em>Boreal<\/em> (2022), dirigida por Federico Adorno. Esta ficci\u00f3n paraguaya de 87 minutos, apta para mayores de 15 a\u00f1os, cuenta la historia de Benjam\u00edn, un joven que tiene dificultades para adaptarse a su trabajo en las alambradas. Mientras espera por d\u00edas al jefe menonita, los dem\u00e1s trabajadores comienzan a percibir que algo extra\u00f1o y agotador se apodera del Chaco paraguayo.<\/p>\n\n\n\n<p>La programaci\u00f3n del s\u00e1bado 31 de junio inicia a las 5 de la tarde con <em>El pueblo<\/em> (1968), una obra experimental dirigida por Carlos Saguier. Esta pel\u00edcula, considerada una joya recuperada del cine paraguayo, ofrece una visi\u00f3n casi documental de las vicisitudes del Paraguay rural. Con una duraci\u00f3n de 50 minutos y clasificaci\u00f3n para todo p\u00fablico, El pueblo es una s\u00edntesis visual de la idiosincrasia paraguaya.<\/p>\n\n\n\n<p>Finalmente, el s\u00e1bado 31 de junio a las 7 de la noche se proyecta <em>El tiempo nublado <\/em>(2014), documental dirigido por Arami Ull\u00f3n y producido entre Paraguay y Suiza. Con una duraci\u00f3n de 92 minutos y clasificaci\u00f3n para mayores de 12 a\u00f1os, la pel\u00edcula aborda con sensibilidad el dilema universal de cuidar a los padres en la vejez. La directora se debate entre quedarse en Paraguay para cuidar a su madre enferma o continuar su vida en Europa, en una exploraci\u00f3n \u00edntima sobre el amor, la autonom\u00eda y las responsabilidades familiares.<\/p>\n\n\n\n<p>Todas las funciones del Festival de Cine Latinoamericano Contempor\u00e1neo son gratuitas, hasta completar aforo.<\/p>\n\n\n\n<p>Esta muestra es una invitaci\u00f3n a descubrir otras realidades de nuestra regi\u00f3n mediante obras que dialogan con los contextos sociales, hist\u00f3ricos y personales de sus protagonistas. El Centro de Cine, adscrito al Ministerio de Cultura y Juventud, reafirma as\u00ed su compromiso con la difusi\u00f3n de las cinematograf\u00edas latinoamericanas y con la promoci\u00f3n del acceso a contenidos culturales de calidad.<\/p>\n","protected":false},"excerpt":{"rendered":"<p>El programa Pre\u00e1mbulo del Centro de Cine del Ministerio de Cultura y Juventud presenta una nueva edici\u00f3n del Festival de Cine Latinoamericano Contempor\u00e1neo y Territorios Paraguay. Del 28 al 31 de junio, la sala G\u00f3mez Miralles ser\u00e1 el escenario para una muestra representativa de la cinematograf\u00eda latinoamericana y paraguaya, con t\u00edtulos que recorren diversas \u00e9pocas, [&hellip;]<\/p>\n","protected":false},"author":14,"featured_media":4180,"comment_status":"open","ping_status":"open","sticky":false,"template":"","format":"standard","meta":{"footnotes":""},"categories":[87,103],"tags":[],"class_list":["post-4176","post","type-post","status-publish","format-standard","has-post-thumbnail","hentry","category-noticias","category-turismo-y-cultura"],"_links":{"self":[{"href":"https:\/\/peopleofcostarica.com\/es\/wp-json\/wp\/v2\/posts\/4176","targetHints":{"allow":["GET"]}}],"collection":[{"href":"https:\/\/peopleofcostarica.com\/es\/wp-json\/wp\/v2\/posts"}],"about":[{"href":"https:\/\/peopleofcostarica.com\/es\/wp-json\/wp\/v2\/types\/post"}],"author":[{"embeddable":true,"href":"https:\/\/peopleofcostarica.com\/es\/wp-json\/wp\/v2\/users\/14"}],"replies":[{"embeddable":true,"href":"https:\/\/peopleofcostarica.com\/es\/wp-json\/wp\/v2\/comments?post=4176"}],"version-history":[{"count":1,"href":"https:\/\/peopleofcostarica.com\/es\/wp-json\/wp\/v2\/posts\/4176\/revisions"}],"predecessor-version":[{"id":4177,"href":"https:\/\/peopleofcostarica.com\/es\/wp-json\/wp\/v2\/posts\/4176\/revisions\/4177"}],"wp:featuredmedia":[{"embeddable":true,"href":"https:\/\/peopleofcostarica.com\/es\/wp-json\/wp\/v2\/media\/4180"}],"wp:attachment":[{"href":"https:\/\/peopleofcostarica.com\/es\/wp-json\/wp\/v2\/media?parent=4176"}],"wp:term":[{"taxonomy":"category","embeddable":true,"href":"https:\/\/peopleofcostarica.com\/es\/wp-json\/wp\/v2\/categories?post=4176"},{"taxonomy":"post_tag","embeddable":true,"href":"https:\/\/peopleofcostarica.com\/es\/wp-json\/wp\/v2\/tags?post=4176"}],"curies":[{"name":"wp","href":"https:\/\/api.w.org\/{rel}","templated":true}]}}