{"id":4088,"date":"2025-05-23T16:21:22","date_gmt":"2025-05-23T16:21:22","guid":{"rendered":"https:\/\/peopleofcostarica.com\/?p=4088"},"modified":"2025-05-23T16:21:48","modified_gmt":"2025-05-23T16:21:48","slug":"megadomingo-familiar-en-cartago-un-dia-de-diversion-para-todos","status":"publish","type":"post","link":"https:\/\/peopleofcostarica.com\/es\/megadomingo-familiar-en-cartago-un-dia-de-diversion-para-todos\/","title":{"rendered":"Megadomingo Familiar en Cartago: Un D\u00eda de Diversi\u00f3n para Todos"},"content":{"rendered":"\n<p>Este <strong>25 de mayo<\/strong>, la Municipalidad de Cartago invita a la comunidad a participar en una nueva edici\u00f3n del <strong>Megadomingo Familiar<\/strong>, un evento dise\u00f1ado para que las familias disfruten de un d\u00eda lleno de actividades recreativas, culturales y deportivas.<\/p>\n\n\n\n<h2 class=\"wp-block-heading\"><strong>Un Espacio de Entretenimiento para Todos<\/strong><\/h2>\n\n\n\n<p>Desde las <strong>9:00 a.m. hasta las 8:00 p.m.<\/strong>, la <strong>Plaza Mayor de Cartago<\/strong> se convertir\u00e1 en un escenario vibrante con una variedad de experiencias para todas las edades. Los asistentes podr\u00e1n disfrutar de actividades como:<\/p>\n\n\n\n<ul class=\"wp-block-list\">\n<li><strong>Canopy y juegos inflables<\/strong> para los m\u00e1s aventureros.<\/li>\n\n\n\n<li><strong>Presentaciones de teatro y danza<\/strong> para los amantes de las artes.<\/li>\n\n\n\n<li><strong>Zumba y clases de ejercicio<\/strong> para quienes buscan mantenerse activos.<\/li>\n\n\n\n<li><strong>Zona especial para mascotas<\/strong>, porque los amigos de cuatro patas tambi\u00e9n son bienvenidos.<\/li>\n\n\n\n<li><strong>Conciertos y shows en vivo<\/strong> con artistas nacionales.<\/li>\n\n\n\n<li><strong>Photobooth y juegos tradicionales<\/strong> para capturar recuerdos inolvidables.<\/li>\n\n\n\n<li><strong>\u00c1rea de reciclaje y mini bolos<\/strong> para fomentar la conciencia ambiental.<\/li>\n<\/ul>\n\n\n\n<p>Adem\u00e1s, los sitios hist\u00f3ricos como <strong>las Ruinas de la parroquia de Santiago Ap\u00f3stol, el Museo Municipal y el Centro Cultural Cartago<\/strong> abrir\u00e1n sus puertas para complementar la experiencia con un enfoque cultural.<\/p>\n\n\n\n<h2 class=\"wp-block-heading\"><strong>Un Evento con Historia<\/strong><\/h2>\n\n\n\n<p>El programa <strong>Domingos Familiares en Cartago<\/strong> ha sido una iniciativa clave para la ciudad, promoviendo la uni\u00f3n comunitaria y el acceso a entretenimiento gratuito. Este evento forma parte de la segunda edici\u00f3n, que se extender\u00e1 hasta <strong>noviembre de 2025<\/strong>, con actividades cada domingo.<\/p>\n\n\n\n<h3 class=\"wp-block-heading\"><strong>Cierres Viales y Seguridad<\/strong><\/h3>\n\n\n\n<p>Para garantizar la seguridad de los asistentes, el tramo comprendido entre la <strong>Plaza de la Independencia y Plaza Mayor<\/strong> ser\u00e1 completamente cerrado al tr\u00e1nsito durante el evento. Se recomienda a los visitantes utilizar medios de transporte alternativos para facilitar el acceso.<\/p>\n\n\n\n<h3 class=\"wp-block-heading\"><strong>Un Plan Perfecto para el Fin de Semana<\/strong><\/h3>\n\n\n\n<p>Si buscas una alternativa diferente para pasar tu domingo, el <strong>Megadomingo Familiar en Cartago<\/strong> es una excelente opci\u00f3n. \u00a1Prep\u00e1rate para vivir un d\u00eda lleno de diversi\u00f3n, cultura y entretenimiento gratuito!<\/p>\n\n\n\n<p>La fuente oficial del evento es la <strong>Municipalidad de Cartago<\/strong>, que organiza la actividad como parte del programa <strong>Domingos Familiares en Cartago<\/strong>.<\/p>\n","protected":false},"excerpt":{"rendered":"<p>Este 25 de mayo, la Municipalidad de Cartago invita a la comunidad a participar en una nueva edici\u00f3n del Megadomingo Familiar, un evento dise\u00f1ado para que las familias disfruten de un d\u00eda lleno de actividades recreativas, culturales y deportivas. Un Espacio de Entretenimiento para Todos Desde las 9:00 a.m. hasta las 8:00 p.m., la Plaza [&hellip;]<\/p>\n","protected":false},"author":14,"featured_media":4095,"comment_status":"open","ping_status":"open","sticky":false,"template":"","format":"standard","meta":{"footnotes":""},"categories":[104,95,87],"tags":[],"class_list":["post-4088","post","type-post","status-publish","format-standard","has-post-thumbnail","hentry","category-agenda-fin-de-semana","category-festivales-y-celebraciones","category-noticias"],"_links":{"self":[{"href":"https:\/\/peopleofcostarica.com\/es\/wp-json\/wp\/v2\/posts\/4088","targetHints":{"allow":["GET"]}}],"collection":[{"href":"https:\/\/peopleofcostarica.com\/es\/wp-json\/wp\/v2\/posts"}],"about":[{"href":"https:\/\/peopleofcostarica.com\/es\/wp-json\/wp\/v2\/types\/post"}],"author":[{"embeddable":true,"href":"https:\/\/peopleofcostarica.com\/es\/wp-json\/wp\/v2\/users\/14"}],"replies":[{"embeddable":true,"href":"https:\/\/peopleofcostarica.com\/es\/wp-json\/wp\/v2\/comments?post=4088"}],"version-history":[{"count":1,"href":"https:\/\/peopleofcostarica.com\/es\/wp-json\/wp\/v2\/posts\/4088\/revisions"}],"predecessor-version":[{"id":4089,"href":"https:\/\/peopleofcostarica.com\/es\/wp-json\/wp\/v2\/posts\/4088\/revisions\/4089"}],"wp:featuredmedia":[{"embeddable":true,"href":"https:\/\/peopleofcostarica.com\/es\/wp-json\/wp\/v2\/media\/4095"}],"wp:attachment":[{"href":"https:\/\/peopleofcostarica.com\/es\/wp-json\/wp\/v2\/media?parent=4088"}],"wp:term":[{"taxonomy":"category","embeddable":true,"href":"https:\/\/peopleofcostarica.com\/es\/wp-json\/wp\/v2\/categories?post=4088"},{"taxonomy":"post_tag","embeddable":true,"href":"https:\/\/peopleofcostarica.com\/es\/wp-json\/wp\/v2\/tags?post=4088"}],"curies":[{"name":"wp","href":"https:\/\/api.w.org\/{rel}","templated":true}]}}