{"id":3780,"date":"2025-05-15T09:00:00","date_gmt":"2025-05-15T09:00:00","guid":{"rendered":"https:\/\/peopleofcostarica.com\/?p=3780"},"modified":"2025-05-14T16:29:08","modified_gmt":"2025-05-14T16:29:08","slug":"aeropuerto-internacional-juan-santamaria-da-la-bienvenida-a-las-vidas-de-un-fruto-exposicion-de-artesanias-tradicionales","status":"publish","type":"post","link":"https:\/\/peopleofcostarica.com\/es\/aeropuerto-internacional-juan-santamaria-da-la-bienvenida-a-las-vidas-de-un-fruto-exposicion-de-artesanias-tradicionales\/","title":{"rendered":"Aeropuerto Internacional Juan Santamar\u00eda da la bienvenida a \u201cLas vidas de un fruto\u201d exposici\u00f3n de artesan\u00edas tradicionales"},"content":{"rendered":"\n<p><strong>A trav\u00e9s de una alianza estrat\u00e9gica en favor de la promoci\u00f3n cultural, el Ministerio de Cultura y Juventud, mediante la Direcci\u00f3n de Patrimonio Cultural, y Aeris Holding Costa Rica, se unen para acercar al p\u00fablico nacional e internacional a las manifestaciones culturales costarricenses con una exposici\u00f3n itinerante que destaca las t\u00e9cnicas de artesan\u00eda tradicionales<\/strong><\/p>\n\n\n\n<ul class=\"wp-block-list\">\n<li>Direcci\u00f3n de Patrimonio busca que esta sea una exposici\u00f3n itinerante que llegue a otros espacios a lo largo del pa\u00eds<\/li>\n\n\n\n<li>Muestra estar\u00e1 disponible del 13 de mayo al 30 de agosto de 2025<\/li>\n<\/ul>\n\n\n\n<p>A trav\u00e9s de una alianza estrat\u00e9gica en favor de la promoci\u00f3n cultural, el Ministerio de Cultura y Juventud, mediante la Direcci\u00f3n de Patrimonio Cultural, y Aeris Holding Costa Rica, se unen para acercar al p\u00fablico nacional e internacional a las manifestaciones culturales costarricenses con una exposici\u00f3n itinerante que destaca las t\u00e9cnicas de artesan\u00eda tradicionales.<\/p>\n\n\n\n<p>Se trata de la muestra \u201c<em>Las vidas de un fruto<\/em>\u201d, una exposici\u00f3n producto del Certamen Nuestras Artesan\u00edas Tradicionales, organizado cada dos a\u00f1os por la Direcci\u00f3n de Patrimonio Cultural del Ministerio de Cultura y Juventud.<\/p>\n\n\n\n<p>&nbsp;La exposici\u00f3n se inaugurar\u00e1 este 13 de mayo y estar\u00e1 disponible hasta el 30 de agosto de 2025, en instalaciones internas y salas de abordaje del Aeropuerto Internacional <em>Juan Santamar\u00eda<\/em>.&nbsp;<\/p>\n\n\n\n<p>Para Jorge Rodr\u00edguez Vives, ministro de Cultura y Juventud esta es una oportunidad para \u201cpotenciar y abrir nuevas vitrinas y espacios de promoci\u00f3n de la cultura, en donde tanto turistas nacionales como internacionales puedan tener un acercamiento a nuestro patrimonio, a trav\u00e9s del rescate de tradiciones que nos representan como sociedad y manifestaciones que cuentan una historia en la que converge la identidad, los oficios de nuestros pueblos y la creatividad para generar art\u00edculos utilitarios, en este caso, a partir de recursos que nos provee la naturaleza. Lo m\u00e1s valioso de alianzas como la establecida con AERIS, es poner en valor la riqueza de nuestro patrimonio cultural inmaterial y su papel en la identidad de diferentes pueblos y de quienes crearon las piezas que conforman esta exhibici\u00f3n\u201d.<\/p>\n\n\n\n<p>Por su parte, Ricardo Hern\u00e1ndez, CEO de AERIS Holding Costa Rica, destac\u00f3 que esta alianza refleja el compromiso de AERIS con la promoci\u00f3n de la cultura costarricense, entendiendo que los aeropuertos no solo son puntos de conexi\u00f3n, sino tambi\u00e9n espacios vivos que deben representar la identidad de los pa\u00edses que sirven. \u201cNos llena de orgullo ser parte de esta muestra y ofrecer una ventana al mundo sobre la riqueza cultural de Costa Rica. En AERIS creemos en conectar personas, pero tambi\u00e9n en conectar culturas\u201d, afirm\u00f3 Hern\u00e1ndez.<\/p>\n\n\n\n<p>La exposici\u00f3n gira en torno al oficio del uso de la j\u00edcara, como manifestaci\u00f3n cultural y que trasciende a formar parte de la identidad de distintos pueblos costarricenses. Esta es una pr\u00e1ctica que forma parte de la transmisi\u00f3n de conocimientos y saberes para muchas personas, quienes, a trav\u00e9s de la historia, han potenciado el uso de este recurso como elemento utilitario de importancia en sus hogares; que guarda incluso un valor ceremonial o bien, se ha convertido en la fuente de ingreso para algunas personas quienes desde una perspectiva est\u00e9tica y art\u00edstica trabajan las j\u00edcaras como productos decorativos.&nbsp;<\/p>\n\n\n\n<p>Las obras que integran la exposici\u00f3n son propuestas presentadas por personas y artistas de las comunidades ind\u00edgenas Cab\u00e9car, Bribri, Maleku, Boruca, Ng\u00f6be Bugl\u00e9 y T\u00e9rraba-Br\u00f6r\u00e1n; as\u00ed como de Nicoya, Pococ\u00ed, San Jos\u00e9 y Guatuso (territorio Maleku).<\/p>\n\n\n\n<p>Esta muestra est\u00e1 conformada por un total de 139 objetos artesanales de peque\u00f1o formato, entre ellos: tres j\u00edcaras de papel mach\u00e9, en formato tridimensional que se colgar\u00e1n en la exposici\u00f3n, adem\u00e1s de infraestructura museogr\u00e1fica basada en banners y textos que complementan la exhibici\u00f3n.<\/p>\n\n\n\n<p>Todas las obras contar\u00e1n con sus respectivas rotulaciones de informaci\u00f3n acerca de cada una de las piezas en exhibici\u00f3n, en espa\u00f1ol, y se habilit\u00f3 un c\u00f3digo QR en idioma ingl\u00e9s, para que todos los viajeros tengan la posibilidad de conocer en detalle las caracter\u00edsticas de las obras, as\u00ed como los datos de sus creadores.<\/p>\n\n\n\n<p>Para Dayana Morales Gonz\u00e1lez, arque\u00f3loga y antrop\u00f3loga de la Direcci\u00f3n de Patrimonio Cultural, la posibilidad de llevar esta exposici\u00f3n hasta el Aeropuerto Internacional Juan Santamar\u00eda <em>\u201crepresenta una oportunidad muy valiosa que permite abrir nuevos espacios para que visitantes internacionales, as\u00ed como p\u00fablico local, puedan conocer en detalle parte de nuestras t\u00e9cnicas y oficios tradicionales, que siguen estando presentes en el diario vivir de muchas comunidades\u201d.<\/em><\/p>\n\n\n\n<p><em>\u201cEstas manifestaciones son parte de nuestras tradiciones, conocimiento ancestral y cultura del pa\u00eds. La exposici\u00f3n le da la posibilidad al p\u00fablico de conocer m\u00e1s acerca nuestra historia, tradici\u00f3n y descubrir el aporte de las 28 personas artesanas que crearon estas piezas. Adem\u00e1s, muestra a la j\u00edcara como un recurso sumamente vers\u00e1til, capaz de transformarse en productos tan diversos como \u00fatiles, entre ellos l\u00e1mparas, utensilios de cocina, vajillas culinarias, bolsos, bisuter\u00eda instrumentos musicales como maracas y g\u00fciros hasta elementos decorativos\u201d, <\/em>enfatiz\u00f3 Morales.<\/p>\n\n\n\n<p>Seg\u00fan se\u00f1al\u00f3 la funcionaria de Patrimonio, esta es una muestra que tiene como particularidad la participaci\u00f3n de un grupo diverso de personas artesanas y artistas de todas las edades y regiones. Tal es el caso de Zeneida Rafaela Mart\u00ednez Sanabria, quien fuera ganadora del primer lugar del certamen que origin\u00f3 la exposici\u00f3n. Mart\u00ednez es una mujer ind\u00edgena cab\u00e9car de m\u00e1s de 100 a\u00f1os, a quien su familia inscribi\u00f3 en el concurso bajo la categor\u00eda \u201cMaestro portador\u201d, categor\u00eda dedicada justamente a personas con m\u00e1s de 25 a\u00f1os de trabajar en el oficio de la artesan\u00eda.<\/p>\n\n\n\n<p>La pieza presentada por esta mujer es un huacal que formaba parte de sus utensilios de cocina de uso diario. Es un art\u00edculo sencillo que, como destaca la antrop\u00f3loga, aporta mucho valor a esta exposici\u00f3n porque en este art\u00edculo se denotan las huellas del paso del tiempo a trav\u00e9s del uso que se le ha dado a este utensilio y que sin duda posee no solo un valor familiar para la artesana, sino que representa parte del arraigo de una tradici\u00f3n durante varias generaciones.&nbsp;<\/p>\n\n\n\n<p>Exposici\u00f3n itinerante. Para la Direcci\u00f3n de Patrimonio Cultural es vital compartir los conocimientos y saberes que agrupan muestras de este tipo, como parte del acercamiento y rescate de las tradiciones costarricenses. Por tal motivo esta exposici\u00f3n forma parte del programa de exhibiciones itinerantes que mantiene la instituci\u00f3n.<\/p>\n\n\n\n<p>La alianza con el Aeropuerto Internacional <em>Juan Santamar\u00eda<\/em> representa la segunda gira en exhibici\u00f3n de esta colecci\u00f3n, ya que, de previo, la exposici\u00f3n adapt\u00f3 y traslad\u00f3 hasta la Antigua Comandancia en Liberia, como parte de la oferta de actividades del Festival Internacional de las Artes 2024.<\/p>\n\n\n\n<p>Si desea conocer los requisitos y disponibilidad de pr\u00e9stamo de esta exposici\u00f3n puede escribir un correo a la direcci\u00f3n: dmorales@patrimonio.go.cr <\/p>\n","protected":false},"excerpt":{"rendered":"<p>A trav\u00e9s de una alianza estrat\u00e9gica en favor de la promoci\u00f3n cultural, el Ministerio de Cultura y Juventud, mediante la Direcci\u00f3n de Patrimonio Cultural, y Aeris Holding Costa Rica, se unen para acercar al p\u00fablico nacional e internacional a las manifestaciones culturales costarricenses con una exposici\u00f3n itinerante que destaca las t\u00e9cnicas de artesan\u00eda tradicionales A [&hellip;]<\/p>\n","protected":false},"author":14,"featured_media":3786,"comment_status":"open","ping_status":"open","sticky":false,"template":"","format":"standard","meta":{"footnotes":""},"categories":[87,103],"tags":[],"class_list":["post-3780","post","type-post","status-publish","format-standard","has-post-thumbnail","hentry","category-noticias","category-turismo-y-cultura"],"_links":{"self":[{"href":"https:\/\/peopleofcostarica.com\/es\/wp-json\/wp\/v2\/posts\/3780","targetHints":{"allow":["GET"]}}],"collection":[{"href":"https:\/\/peopleofcostarica.com\/es\/wp-json\/wp\/v2\/posts"}],"about":[{"href":"https:\/\/peopleofcostarica.com\/es\/wp-json\/wp\/v2\/types\/post"}],"author":[{"embeddable":true,"href":"https:\/\/peopleofcostarica.com\/es\/wp-json\/wp\/v2\/users\/14"}],"replies":[{"embeddable":true,"href":"https:\/\/peopleofcostarica.com\/es\/wp-json\/wp\/v2\/comments?post=3780"}],"version-history":[{"count":1,"href":"https:\/\/peopleofcostarica.com\/es\/wp-json\/wp\/v2\/posts\/3780\/revisions"}],"predecessor-version":[{"id":3781,"href":"https:\/\/peopleofcostarica.com\/es\/wp-json\/wp\/v2\/posts\/3780\/revisions\/3781"}],"wp:featuredmedia":[{"embeddable":true,"href":"https:\/\/peopleofcostarica.com\/es\/wp-json\/wp\/v2\/media\/3786"}],"wp:attachment":[{"href":"https:\/\/peopleofcostarica.com\/es\/wp-json\/wp\/v2\/media?parent=3780"}],"wp:term":[{"taxonomy":"category","embeddable":true,"href":"https:\/\/peopleofcostarica.com\/es\/wp-json\/wp\/v2\/categories?post=3780"},{"taxonomy":"post_tag","embeddable":true,"href":"https:\/\/peopleofcostarica.com\/es\/wp-json\/wp\/v2\/tags?post=3780"}],"curies":[{"name":"wp","href":"https:\/\/api.w.org\/{rel}","templated":true}]}}