{"id":3213,"date":"2025-05-02T20:10:58","date_gmt":"2025-05-02T20:10:58","guid":{"rendered":"https:\/\/peopleofcostarica.com\/?p=3213"},"modified":"2025-05-02T20:10:58","modified_gmt":"2025-05-02T20:10:58","slug":"museo-nacional-celebrara-su-138-aniversario-con-una-exposicion-sobre-los-objetos-mas-antiguos-del-universo-los-meteoritos","status":"publish","type":"post","link":"https:\/\/peopleofcostarica.com\/es\/museo-nacional-celebrara-su-138-aniversario-con-una-exposicion-sobre-los-objetos-mas-antiguos-del-universo-los-meteoritos\/","title":{"rendered":"Museo Nacional celebrar\u00e1 su 138 aniversario con una exposici\u00f3n sobre los objetos m\u00e1s antiguos del universo: los meteoritos"},"content":{"rendered":"\n<p><strong>El Museo Nacional de Costa Rica celebrar\u00e1 su 138 aniversario con la apertura de la exposici\u00f3n \u201cViajeros primitivos del sistema solar\u201d, una muestra \u00fanica de seis meteoritos que permitir\u00e1 al p\u00fablico costarricense acercarse a algunos de los objetos m\u00e1s antiguos del universo.<\/strong><\/p>\n\n\n\n<ul class=\"wp-block-list\">\n<li>Exposici\u00f3n \u201cViajeros primitivos del sistema solar\u201d mostrar\u00e1 seis meteoritos, incluido el fragmento del impacto en Aguas Zarcas<\/li>\n\n\n\n<li>Muestra abrir\u00e1 al p\u00fablico en el marco de un festival cultural que incluir\u00e1 cuentacuentos, concierto, teatro familiar, feria de artesan\u00edas y comidas, este domingo 04 de mayo<\/li>\n\n\n\n<li>Entrada gratuita para nacionales y residentes<\/li>\n<\/ul>\n\n\n\n<p>San Jos\u00e9, 02 de mayo de 2025. El Museo Nacional de Costa Rica (MNCR) celebrar\u00e1 su 138 aniversario con la apertura de la exposici\u00f3n \u201cViajeros primitivos del sistema solar\u201d, una muestra \u00fanica de seis meteoritos que permitir\u00e1 al p\u00fablico costarricense acercarse a algunos de los objetos m\u00e1s antiguos del universo.<\/p>\n\n\n\n<p>La muestra, que se inaugurar\u00e1 el domingo 04 de mayo a las 9 a.m., presenta meteoritos originarios de Australia, Rusia, Namibia, Argentina y Costa Rica, incluyendo un fragmento del meteorito de Aguas Zarcas, que impact\u00f3 en San Carlos en 2019 y gener\u00f3 gran inter\u00e9s nacional e internacional por su composici\u00f3n rica en carbono.<\/p>\n\n\n\n<p>Con un enfoque accesible y educativo, la exposici\u00f3n invita a descubrir las caracter\u00edsticas f\u00edsicas y qu\u00edmicas de los meteoritos, sus diferencias con otros cuerpos celestes, y su relevancia para el estudio del origen del sistema solar y la vida. Esta exposici\u00f3n temporal estar\u00e1 ubicada al final de la sala de historia de Costa Rica y, durante su evento de apertura, contar\u00e1 con la presencia de la ge\u00f3loga Joanna M\u00e9ndez, curadora de la muestra, quien compartir\u00e1 sus conocimientos con los visitantes.<\/p>\n\n\n\n<p>Adem\u00e1s de la exposici\u00f3n, el MNCR organiz\u00f3 un festival cultural, para celebrar su 138 aniversario, con una variada programaci\u00f3n gratuita para festejar con el p\u00fablico. A continuaci\u00f3n, la programaci\u00f3n:<\/p>\n\n\n\n<h2 class=\"wp-block-heading\"><strong>Programaci\u00f3n | 138 aniversario del Museo Nacional de Costa Rica<\/strong><\/h2>\n\n\n\n<ul class=\"wp-block-list\">\n<li>9:30AM a 10:30AM | Cuentacuentos<\/li>\n<\/ul>\n\n\n\n<p>Con un lenguaje coloquial, divertido y acompa\u00f1ado por la guitarra y el p\u00fablico, el narrador y comunicador Rodolfo Gonz\u00e1lez divertir\u00e1 a los visitantes a trav\u00e9s de relatos, poes\u00edas y fragmentos adaptados de obras del cient\u00edfico costarricense Anastasio Alfaro.<\/p>\n\n\n\n<p>Destacan \u201cEl Delf\u00edn de Corubic\u00ed\u201d (1923), una novela que traslada al mundo ind\u00edgena precolombino a trav\u00e9s de una aventura por la Pen\u00ednsula de Nicoya, llena de encuentros, danzas y tradiciones. Adem\u00e1s, relatos como El Farolelo, Ascensi\u00f3n al Volc\u00e1n Iraz\u00fa, El Abuelo y Cer\u00e1mica Chorotega, donde Gonz\u00e1lez mezcla ciencia y narrativa con un estilo \u00fanico.<\/p>\n\n\n\n<ul class=\"wp-block-list\">\n<li>11AM a 12 MD | Concierto de la Banda Sinf\u00f3nica Elemental del Instituto Nacional de la M\u00fasica<\/li>\n<\/ul>\n\n\n\n<p>La Banda Sinf\u00f3nica Elemental del Instituto Nacional de la M\u00fasica ofrecer\u00e1 un concierto especial con un repertorio dise\u00f1ado para todo p\u00fablico. La presentaci\u00f3n incluir\u00e1 obras tem\u00e1ticas inspiradas en el universo, entre ellas J\u00fapiter de la suite \u201cLos Planetas\u201d, de Gustav Holst, selecciones de Fantas\u00eda 2000, el tema de Batman, entre otras piezas reconocidas. La agrupaci\u00f3n est\u00e1 conformada por 55 j\u00f3venes m\u00fasicos y dirigida por el maestro Walter Jim\u00e9nez.<\/p>\n\n\n\n<ul class=\"wp-block-list\">\n<li>1:30PM a 2:30PM | Espect\u00e1culo teatral \u201cViajando en cometa\u201d<\/li>\n<\/ul>\n\n\n\n<p>Esta puesta en escena relata la historia de Artemisa, una joven astronauta que, en un viaje so\u00f1ador, llega a la luna. En su recorrido de regreso a casa, viaja en un cometa que la lleva por distintos cuerpos celestes: asteroides, planetas y lunas, hasta aterrizar en un meteorito.<br>El espect\u00e1culo incorpora elementos visuales y esc\u00e9nicos como t\u00edteres, m\u00fasica original, proyecciones y luz negra con la que crea una experiencia envolvente para todas las edades.<\/p>\n\n\n\n<ul class=\"wp-block-list\">\n<li>9AM a 4PM | Feria de artesan\u00edas y comidas tradicionales<\/li>\n<\/ul>\n\n\n\n<p>Como parte de su compromiso con la promoci\u00f3n cultural y el apoyo a emprendedores, el Museo Nacional organiza una feria con la participaci\u00f3n de artesanos y productores locales. Se podr\u00e1n adquirir piezas art\u00edsticas, artesan\u00edas, minerales y rocas, as\u00ed como una variada oferta gastron\u00f3mica con platillos tradicionales.<\/p>\n\n\n\n<p>Algunos de los artesanos y emprendedores participantes son:<\/p>\n\n\n\n<ul class=\"wp-block-list\">\n<li><a href=\"https:\/\/monteverdestones.com\/\" target=\"_blank\" rel=\"noopener\">Monteverde Stones<\/a>: Joyer\u00eda, piedras y decoraci\u00f3n.<\/li>\n\n\n\n<li><a href=\"https:\/\/benditacolmena.wixsite.com\/\" target=\"_blank\" rel=\"noopener\">Bendita Colmena<\/a>: candelas de cera de abeja y mieles naturales.<\/li>\n\n\n\n<li><a href=\"https:\/\/www.facebook.com\/joyastaabit\" target=\"_blank\" rel=\"noopener\">Joyer\u00eda Taabit<\/a>: Joyer\u00eda elaborada en piedras, j\u00edcaras y coco, estos accesorios se inspiran en una amplia variedad de dise\u00f1os arquitect\u00f3nicos y patrimoniales.<\/li>\n\n\n\n<li><a href=\"https:\/\/www.facebook.com\/PforPoppinsSouvenirCollection\" target=\"_blank\" rel=\"noopener\">B for Poppins<\/a>: Joyer\u00eda elaborada en plata con dise\u00f1os naturales de hojas, flores y semillas encapsuladas en resina.<\/li>\n\n\n\n<li><a href=\"https:\/\/pollenkeeperscr.com\/\" target=\"_blank\" rel=\"noopener\">Pollen Keepers<\/a>: Mieles de abeja puras, crudas, infusionadas, cremadas y mucho m\u00e1s.<\/li>\n<\/ul>\n\n\n\n<p>El ingreso al festival y a la exposici\u00f3n de meteoritos ser\u00e1 gratuita, este domingo 04 de mayo, para nacionales y residentes, presentando su documento de identidad.<\/p>\n\n\n\n<p>Acerca del Museo Nacional de Costa Rica. Fundado el 04 de mayo de 1887, bajo la presidencia de Bernardo Soto, con el prop\u00f3sito de dotar al pa\u00eds de un establecimiento p\u00fablico para depositar, clasificar y estudiar los productos naturales y art\u00edsticos.<\/p>\n\n\n\n<p>Desde sus primeros a\u00f1os, el Museo Nacional de Costa Rica (MNCR) se orient\u00f3 hacia la investigaci\u00f3n cient\u00edfica, la educaci\u00f3n, la exhibici\u00f3n y la defensa del patrimonio cultural y natural. Destacan en sus or\u00edgenes figuras como Anastasio Alfaro, Henri Pittier, Pablo Biolley, Jos\u00e9 C\u00e1stulo Zeled\u00f3n, Adolfo Tonduz, Mar\u00eda Fern\u00e1ndez de Tinoco y Jos\u00e9 Fidel Trist\u00e1n, entre otras.<\/p>\n\n\n\n<p>Antes de instalarse en el antiguo Cuartel Bellavista, el MNCR ocup\u00f3 cuatro diferentes edificios. Los tres primeros ya fueron demolidos.<\/p>\n\n\n\n<ul class=\"wp-block-list\">\n<li>De 1887 a 1896 se situ\u00f3 en el edificio de la Universidad de Santo Tom\u00e1s.<\/li>\n\n\n\n<li>De 1896 a 1903 estuvo en los jardines de El Laberinto, en el sector sur de San Jos\u00e9.<\/li>\n\n\n\n<li>De 1903 a 1949 ocup\u00f3 el antiguo edificio del Liceo de Costa Rica, donde hoy est\u00e1 la Caja Costarricense del Seguro Social.<\/li>\n\n\n\n<li>Desde 1950 hasta la actualidad, el MNCR se ubica en las instalaciones del antiguo Cuartel Bellavista.<\/li>\n<\/ul>\n","protected":false},"excerpt":{"rendered":"<p>El Museo Nacional de Costa Rica celebrar\u00e1 su 138 aniversario con la apertura de la exposici\u00f3n \u201cViajeros primitivos del sistema solar\u201d, una muestra \u00fanica de seis meteoritos que permitir\u00e1 al p\u00fablico costarricense acercarse a algunos de los objetos m\u00e1s antiguos del universo. San Jos\u00e9, 02 de mayo de 2025. El Museo Nacional de Costa Rica [&hellip;]<\/p>\n","protected":false},"author":14,"featured_media":3219,"comment_status":"open","ping_status":"open","sticky":false,"template":"","format":"standard","meta":{"footnotes":""},"categories":[26,87],"tags":[],"class_list":["post-3213","post","type-post","status-publish","format-standard","has-post-thumbnail","hentry","category-historia","category-noticias"],"_links":{"self":[{"href":"https:\/\/peopleofcostarica.com\/es\/wp-json\/wp\/v2\/posts\/3213","targetHints":{"allow":["GET"]}}],"collection":[{"href":"https:\/\/peopleofcostarica.com\/es\/wp-json\/wp\/v2\/posts"}],"about":[{"href":"https:\/\/peopleofcostarica.com\/es\/wp-json\/wp\/v2\/types\/post"}],"author":[{"embeddable":true,"href":"https:\/\/peopleofcostarica.com\/es\/wp-json\/wp\/v2\/users\/14"}],"replies":[{"embeddable":true,"href":"https:\/\/peopleofcostarica.com\/es\/wp-json\/wp\/v2\/comments?post=3213"}],"version-history":[{"count":1,"href":"https:\/\/peopleofcostarica.com\/es\/wp-json\/wp\/v2\/posts\/3213\/revisions"}],"predecessor-version":[{"id":3214,"href":"https:\/\/peopleofcostarica.com\/es\/wp-json\/wp\/v2\/posts\/3213\/revisions\/3214"}],"wp:featuredmedia":[{"embeddable":true,"href":"https:\/\/peopleofcostarica.com\/es\/wp-json\/wp\/v2\/media\/3219"}],"wp:attachment":[{"href":"https:\/\/peopleofcostarica.com\/es\/wp-json\/wp\/v2\/media?parent=3213"}],"wp:term":[{"taxonomy":"category","embeddable":true,"href":"https:\/\/peopleofcostarica.com\/es\/wp-json\/wp\/v2\/categories?post=3213"},{"taxonomy":"post_tag","embeddable":true,"href":"https:\/\/peopleofcostarica.com\/es\/wp-json\/wp\/v2\/tags?post=3213"}],"curies":[{"name":"wp","href":"https:\/\/api.w.org\/{rel}","templated":true}]}}