{"id":3095,"date":"2025-04-24T15:27:45","date_gmt":"2025-04-24T15:27:45","guid":{"rendered":"https:\/\/peopleofcostarica.com\/?p=3095"},"modified":"2025-04-24T15:27:45","modified_gmt":"2025-04-24T15:27:45","slug":"alerta-roja-en-el-volcan-poas-un-mes-de-actividad-volcanica-sostenida-en-la-cordillera-central-people-3-idomas","status":"publish","type":"post","link":"https:\/\/peopleofcostarica.com\/es\/alerta-roja-en-el-volcan-poas-un-mes-de-actividad-volcanica-sostenida-en-la-cordillera-central-people-3-idomas\/","title":{"rendered":"Alerta roja en el Volc\u00e1n Po\u00e1s: Un mes de actividad volc\u00e1nica sostenida en la Cordillera Central People 3 idomas"},"content":{"rendered":"\n<p>El 23 de abril de 2025, la Comisi\u00f3n Nacional de Prevenci\u00f3n de Riesgos y Atenci\u00f3n de Emergencias (CNE) declar\u00f3 el estado de alerta roja para el Parque Nacional Volc\u00e1n Po\u00e1s, debido a un aumento sostenido en la actividad volc\u00e1nica que se viene registrando desde inicios de a\u00f1o. Esta medida fue respaldada por informes t\u00e9cnicos del Comit\u00e9 Asesor T\u00e9cnico en Vulcanolog\u00eda y Sismolog\u00eda, compuesto por el OVSICORI-UNA, la Red Sismol\u00f3gica Nacional (RSN) del ICE-UCR y el Laboratorio de Qu\u00edmica de la Atm\u00f3sfera de la UNA (LAQAT), en coordinaci\u00f3n con el SINAC-MINAE.<\/p>\n\n\n\n<p>Desde el 23 de marzo de 2025, los especialistas han observado una transici\u00f3n del volc\u00e1n hacia una fase eruptiva m\u00e1s activa. Las erupciones han sido particularmente energ\u00e9ticas, alcanzando alturas de hasta 4.500 metros sobre el cr\u00e1ter. Estas explosiones han estado acompa\u00f1adas de una intensa emisi\u00f3n de ceniza, gases volc\u00e1nicos y proyecciones bal\u00edsticas de material rocoso. Adem\u00e1s, los sistemas de monitoreo han registrado actividad s\u00edsmica relevante, deformaciones del terreno y otros signos consistentes con un volc\u00e1n en proceso eruptivo.<\/p>\n\n\n\n<p>La CNE ha definido distintos niveles de alerta seg\u00fan la ubicaci\u00f3n y el nivel de exposici\u00f3n al riesgo. Se declar\u00f3 alerta roja exclusivamente para el Parque Nacional Volc\u00e1n Po\u00e1s, lo que implica una suspensi\u00f3n de actividades dentro del \u00e1rea protegida. A su vez, se emiti\u00f3 una alerta naranja para los cantones de Grecia y Sarch\u00ed, donde se ha reportado ca\u00edda de ceniza y olor a gases volc\u00e1nicos en zonas urbanas y rurales. Finalmente, se estableci\u00f3 alerta amarilla para los cantones de Alajuela, Po\u00e1s, Naranjo, R\u00edo Cuarto y Zarcero, en los que se mantiene vigilancia activa ante la posibilidad de afectaciones indirectas.<\/p>\n\n\n\n<figure class=\"wp-block-image size-full is-resized\"><img fetchpriority=\"high\" decoding=\"async\" width=\"884\" height=\"663\" src=\"https:\/\/peopleofcostarica.com\/wp-content\/uploads\/2025\/04\/poas-9.png\" alt=\"\" class=\"wp-image-3102\" style=\"width:579px;height:auto\" srcset=\"https:\/\/peopleofcostarica.com\/wp-content\/uploads\/2025\/04\/poas-9.png 884w, https:\/\/peopleofcostarica.com\/wp-content\/uploads\/2025\/04\/poas-9-300x225.png 300w, https:\/\/peopleofcostarica.com\/wp-content\/uploads\/2025\/04\/poas-9-768x576.png 768w\" sizes=\"(max-width: 884px) 100vw, 884px\" \/><\/figure>\n\n\n\n<p>Los efectos de la actividad volc\u00e1nica se han manifestado en diversos frentes. En el interior del parque nacional, la acumulaci\u00f3n de ceniza ha cubierto el mirador principal, la casa de visitantes y las terrazas ubicadas al norte y oeste del cr\u00e1ter. En sectores m\u00e1s alejados, se han recibido reportes sobre la presencia de olores a azufre y ca\u00edda ligera de ceniza. Tambi\u00e9n se han detectado da\u00f1os en pastizales, cultivos y zonas de actividad ganadera en comunidades cercanas.<\/p>\n\n\n\n<p>Uno de los riesgos m\u00e1s importantes se\u00f1alados por los expertos es la posible generaci\u00f3n de lahares, es decir, flujos de lodo volc\u00e1nico cargado de ceniza, en caso de lluvias intensas en la cima del volc\u00e1n. Se ha identificado una acumulaci\u00f3n significativa de material volc\u00e1nico hacia el oeste del cr\u00e1ter, principalmente en las nacientes de los r\u00edos Desag\u00fce, Anonos, Gorri\u00f3n y Agrio. Estas condiciones podr\u00edan favorecer la movilizaci\u00f3n s\u00fabita de sedimentos hacia las partes bajas de las cuencas.<\/p>\n\n\n\n<p>Ante este escenario, la CNE ha instruido a las autoridades locales y comit\u00e9s de emergencia a incrementar las medidas de vigilancia y seguridad. Se recomienda tambi\u00e9n mantener comunicaci\u00f3n constante entre instituciones y comunidades, y utilizar \u00fanicamente fuentes oficiales para la obtenci\u00f3n de informaci\u00f3n actualizada. Las poblaciones cercanas deben permanecer atentas a los reportes t\u00e9cnicos y evitar ingresar a zonas no autorizadas.<\/p>\n\n\n\n<p>Este nuevo episodio del Volc\u00e1n Po\u00e1s confirma la naturaleza din\u00e1mica del sistema volc\u00e1nico costarricense y la importancia de la gesti\u00f3n del riesgo en un pa\u00eds cuya geograf\u00eda est\u00e1 moldeada por fuerzas geol\u00f3gicas activas. La actividad volc\u00e1nica, si bien representa un riesgo para las comunidades y los ecosistemas, forma parte integral del entorno natural del pa\u00eds y requiere un monitoreo constante, as\u00ed como una planificaci\u00f3n adecuada en materia de protecci\u00f3n civil y conservaci\u00f3n ambiental.<\/p>\n","protected":false},"excerpt":{"rendered":"<p>El 23 de abril de 2025, la Comisi\u00f3n Nacional de Prevenci\u00f3n de Riesgos y Atenci\u00f3n de Emergencias (CNE) declar\u00f3 el estado de alerta roja para el Parque Nacional Volc\u00e1n Po\u00e1s, debido a un aumento sostenido en la actividad volc\u00e1nica que se viene registrando desde inicios de a\u00f1o. Esta medida fue respaldada por informes t\u00e9cnicos del [&hellip;]<\/p>\n","protected":false},"author":14,"featured_media":3099,"comment_status":"open","ping_status":"open","sticky":false,"template":"","format":"standard","meta":{"footnotes":""},"categories":[91,87,9],"tags":[],"class_list":["post-3095","post","type-post","status-publish","format-standard","has-post-thumbnail","hentry","category-clima-y-ambiente","category-noticias","category-places"],"_links":{"self":[{"href":"https:\/\/peopleofcostarica.com\/es\/wp-json\/wp\/v2\/posts\/3095","targetHints":{"allow":["GET"]}}],"collection":[{"href":"https:\/\/peopleofcostarica.com\/es\/wp-json\/wp\/v2\/posts"}],"about":[{"href":"https:\/\/peopleofcostarica.com\/es\/wp-json\/wp\/v2\/types\/post"}],"author":[{"embeddable":true,"href":"https:\/\/peopleofcostarica.com\/es\/wp-json\/wp\/v2\/users\/14"}],"replies":[{"embeddable":true,"href":"https:\/\/peopleofcostarica.com\/es\/wp-json\/wp\/v2\/comments?post=3095"}],"version-history":[{"count":2,"href":"https:\/\/peopleofcostarica.com\/es\/wp-json\/wp\/v2\/posts\/3095\/revisions"}],"predecessor-version":[{"id":3105,"href":"https:\/\/peopleofcostarica.com\/es\/wp-json\/wp\/v2\/posts\/3095\/revisions\/3105"}],"wp:featuredmedia":[{"embeddable":true,"href":"https:\/\/peopleofcostarica.com\/es\/wp-json\/wp\/v2\/media\/3099"}],"wp:attachment":[{"href":"https:\/\/peopleofcostarica.com\/es\/wp-json\/wp\/v2\/media?parent=3095"}],"wp:term":[{"taxonomy":"category","embeddable":true,"href":"https:\/\/peopleofcostarica.com\/es\/wp-json\/wp\/v2\/categories?post=3095"},{"taxonomy":"post_tag","embeddable":true,"href":"https:\/\/peopleofcostarica.com\/es\/wp-json\/wp\/v2\/tags?post=3095"}],"curies":[{"name":"wp","href":"https:\/\/api.w.org\/{rel}","templated":true}]}}