{"id":2873,"date":"2025-04-10T09:00:00","date_gmt":"2025-04-10T09:00:00","guid":{"rendered":"https:\/\/peopleofcostarica.com\/?p=2873"},"modified":"2025-04-07T20:49:14","modified_gmt":"2025-04-07T20:49:14","slug":"espectaculo-el-heroe-olvidado-conmemora-el-169-aniversario-de-la-batalla-de-rivas-y-la-gesta-de-juan-santamaria","status":"publish","type":"post","link":"https:\/\/peopleofcostarica.com\/es\/espectaculo-el-heroe-olvidado-conmemora-el-169-aniversario-de-la-batalla-de-rivas-y-la-gesta-de-juan-santamaria\/","title":{"rendered":"Espect\u00e1culo \u201cEl H\u00e9roe Olvidado\u201d conmemora el 169\u00b0 aniversario de la Batalla de Rivas y la gesta de Juan Santamar\u00eda"},"content":{"rendered":"\n<p><strong>Para conmemorar el 169\u00b0 aniversario de la Batalla de Rivas y la gesta del soldado Juan Santamar\u00eda, el 11 de abril de 1856, el Museo Hist\u00f3rico Cultural Juan Santamar\u00eda (MHCJS), ubicado en Alajuela, ofrecer\u00e1 el espect\u00e1culo \u201cEl H\u00e9roe Olvidado\u201d, a cargo de la Asociaci\u00f3n Folkl\u00f3rica y Cultural \u201cLa Malacrianza\u201d.<\/strong><\/p>\n\n\n\n<ul class=\"wp-block-list\">\n<li>Funci\u00f3n gratuita se ofrecer\u00e1 el s\u00e1bado 5 de abril, 7 p.m., en la Plaza <em>Francisca Carrasco Jim\u00e9nez<\/em>, del Museo <em>Juan Santamar\u00eda<\/em>, en Alajuela<\/li>\n\n\n\n<li>Propuesta esc\u00e9nica integra a m\u00e1s de 50 artistas, entre bailarines, m\u00fasicos, cantantes, actores y relatores orales<\/li>\n\n\n\n<li>Montaje se inspira en la obra \u201cCantata: La Guerra de 1856-1857\u201d, del recordado cantautor costarricense, Dionisio Cabal Antill\u00f3n (1954-2021)<\/li>\n<\/ul>\n\n\n\n<p>San Jos\u00e9, 31 de marzo de 2025. Para conmemorar el 169\u00b0 aniversario de la Batalla de Rivas y la gesta del soldado Juan Santamar\u00eda, el 11 de abril de 1856, el Museo Hist\u00f3rico Cultural <em>Juan Santamar\u00eda<\/em> (MHCJS), ubicado en Alajuela, ofrecer\u00e1 el espect\u00e1culo \u201cEl H\u00e9roe Olvidado\u201d, a cargo de la Asociaci\u00f3n Folkl\u00f3rica y Cultural \u201cLa Malacrianza\u201d.<\/p>\n\n\n\n<p>La funci\u00f3n ser\u00e1 el s\u00e1bado 05 de abril de 2025, a las 7 p.m., en la Plaza <em>Francisca Carrasco Jim\u00e9nez<\/em>, del MHCJS. La entrada es gratuita.<\/p>\n\n\n\n<p>El MHCJS inform\u00f3 que este espect\u00e1culo destaca por su calidad art\u00edstica y aporte educativo, dado que relata, a trav\u00e9s de recursos como la m\u00fasica, la danza y la actuaci\u00f3n, los distintos acontecimientos de la conocida \u201cCampa\u00f1a Nacional de 1856-1857\u201d.&nbsp;<\/p>\n\n\n\n<p>La propuesta esc\u00e9nica se fundamenta en distintas investigaciones acad\u00e9micas sobre el tema, as\u00ed como en tradiciones orales, persistentes en la memoria popular, sobre este acontecimiento b\u00e9lico que forj\u00f3 la identidad nacional de las personas costarricenses.<\/p>\n\n\n\n<p>Mar\u00eda Ot\u00e1rola, directora del MHCJS, expres\u00f3 que este espect\u00e1culo \u201cbrinda un enfoque educativo desde diferentes \u00e1reas art\u00edsticas, es de disfrute familiar, y sumamente importante para el conocimiento de nuestra historia\u201d.<\/p>\n\n\n\n<p>La Asociaci\u00f3n Folkl\u00f3rica y Cultural \u201cLa Malacrianza\u201d fue conformada desde 2002, con el prop\u00f3sito de promover distintas manifestaciones culturales y art\u00edsticas, mediante el estudio, difusi\u00f3n y capacitaci\u00f3n para el desarrollo de actividades que impulsen la salvaguarda y divulgaci\u00f3n de la m\u00fasica, la danza y el patrimonio cultural del pa\u00eds, tanto a nivel nacional como internacional. Desde su creaci\u00f3n, la agrupaci\u00f3n ha hecho presentaciones en los principales escenarios de Costa Rica y en otras naciones, como Espa\u00f1a, Francia, Portugal, Reino Unido, Suiza y Estados Unidos.<\/p>\n\n\n\n<p>El espect\u00e1culo \u201cEl H\u00e9roe Olvidado\u201d ha sido declarado de inter\u00e9s cultural; adem\u00e1s, ha sido licenciado con la Marca Pa\u00eds \u201cEsencial Costa Rica\u201d.<\/p>\n\n\n\n<p><strong>Ficha t\u00e9cnica<\/strong><\/p>\n\n\n\n<ul class=\"wp-block-list\">\n<li>Basado en la obra \u201cCantata: La Guerra de 1856-1857\u201d, del maestro Dionisio Cabal Antill\u00f3n<\/li>\n\n\n\n<li>Direcci\u00f3n general, producci\u00f3n y guion: C\u00e9sar Sand\u00ed Varela<\/li>\n\n\n\n<li>Direcci\u00f3n general de danza y coreograf\u00eda: Jerry Sand\u00ed Varela&nbsp;<\/li>\n\n\n\n<li>Direcci\u00f3n compa\u00f1\u00edas Adulto y Juvenil: Dayan Saballo&nbsp;<\/li>\n\n\n\n<li>Vestuario: Dayan Saballo y Jerry Sand\u00ed<\/li>\n\n\n\n<li>Direcci\u00f3n musical: Alexander Gonz\u00e1lez<\/li>\n<\/ul>\n\n\n\n<p><\/p>\n","protected":false},"excerpt":{"rendered":"<p>Para conmemorar el 169\u00b0 aniversario de la Batalla de Rivas y la gesta del soldado Juan Santamar\u00eda, el 11 de abril de 1856, el Museo Hist\u00f3rico Cultural Juan Santamar\u00eda (MHCJS), ubicado en Alajuela, ofrecer\u00e1 el espect\u00e1culo \u201cEl H\u00e9roe Olvidado\u201d, a cargo de la Asociaci\u00f3n Folkl\u00f3rica y Cultural \u201cLa Malacrianza\u201d. San Jos\u00e9, 31 de marzo de [&hellip;]<\/p>\n","protected":false},"author":14,"featured_media":2877,"comment_status":"open","ping_status":"open","sticky":false,"template":"","format":"standard","meta":{"footnotes":""},"categories":[26,87,1,103],"tags":[],"class_list":["post-2873","post","type-post","status-publish","format-standard","has-post-thumbnail","hentry","category-historia","category-noticias","category-sin-categorizar","category-turismo-y-cultura"],"_links":{"self":[{"href":"https:\/\/peopleofcostarica.com\/es\/wp-json\/wp\/v2\/posts\/2873","targetHints":{"allow":["GET"]}}],"collection":[{"href":"https:\/\/peopleofcostarica.com\/es\/wp-json\/wp\/v2\/posts"}],"about":[{"href":"https:\/\/peopleofcostarica.com\/es\/wp-json\/wp\/v2\/types\/post"}],"author":[{"embeddable":true,"href":"https:\/\/peopleofcostarica.com\/es\/wp-json\/wp\/v2\/users\/14"}],"replies":[{"embeddable":true,"href":"https:\/\/peopleofcostarica.com\/es\/wp-json\/wp\/v2\/comments?post=2873"}],"version-history":[{"count":1,"href":"https:\/\/peopleofcostarica.com\/es\/wp-json\/wp\/v2\/posts\/2873\/revisions"}],"predecessor-version":[{"id":2874,"href":"https:\/\/peopleofcostarica.com\/es\/wp-json\/wp\/v2\/posts\/2873\/revisions\/2874"}],"wp:featuredmedia":[{"embeddable":true,"href":"https:\/\/peopleofcostarica.com\/es\/wp-json\/wp\/v2\/media\/2877"}],"wp:attachment":[{"href":"https:\/\/peopleofcostarica.com\/es\/wp-json\/wp\/v2\/media?parent=2873"}],"wp:term":[{"taxonomy":"category","embeddable":true,"href":"https:\/\/peopleofcostarica.com\/es\/wp-json\/wp\/v2\/categories?post=2873"},{"taxonomy":"post_tag","embeddable":true,"href":"https:\/\/peopleofcostarica.com\/es\/wp-json\/wp\/v2\/tags?post=2873"}],"curies":[{"name":"wp","href":"https:\/\/api.w.org\/{rel}","templated":true}]}}