{"id":2647,"date":"2025-04-07T09:00:00","date_gmt":"2025-04-07T09:00:00","guid":{"rendered":"https:\/\/peopleofcostarica.com\/?p=2647"},"modified":"2025-04-01T17:04:41","modified_gmt":"2025-04-01T17:04:41","slug":"mucho-mas-que-verde-un-viaje-al-corazon-de-la-tradicion-del-jade-en-la-costa-rica-precolombina-ultimos-2-meses","status":"publish","type":"post","link":"https:\/\/peopleofcostarica.com\/es\/mucho-mas-que-verde-un-viaje-al-corazon-de-la-tradicion-del-jade-en-la-costa-rica-precolombina-ultimos-2-meses\/","title":{"rendered":"Mucho m\u00e1s que verde: Un viaje al coraz\u00f3n de la tradici\u00f3n del jade en la Costa Rica precolombina, \u00faltimos 2 meses."},"content":{"rendered":"\n<h2 class=\"wp-block-heading\"><strong>Un Legado Verde a Punto de Desaparecer de la Vist<\/strong>a<\/h2>\n\n\n\n<p>El jade, esa piedra de un verde profundo que evoca misterio y antig\u00fcedad, ocup\u00f3 un lugar central en las sociedades precolombinas de Costa Rica. La exposici\u00f3n temporal \u00abMucho m\u00e1s que verde\u00bb, actualmente en sus \u00faltimos dos meses antes de su cierre el pr\u00f3ximo 29 de mayo, ofrece una oportunidad \u00fanica para sumergirse en la fascinante tradici\u00f3n de este material en el pa\u00eds. Presentada por el Museo Nacional de Costa Rica, esta muestra desvela la complejidad del jade m\u00e1s all\u00e1 de su belleza est\u00e9tica, explorando su profundo simbolismo, las intrincadas t\u00e9cnicas de manufactura, sus diversos usos y los contextos arqueol\u00f3gicos en los que ha sido descubierto. A trav\u00e9s de una rica colecci\u00f3n de artefactos y los resultados de exhaustivas investigaciones, \u00abMucho m\u00e1s que verde\u00bb nos invita a reconsiderar el significado de estas piezas y su conexi\u00f3n con otros materiales como la cer\u00e1mica, la piedra, la madera, el oro, la concha y el hueso.<\/p>\n\n\n\n<h3 class=\"wp-block-heading\"><strong>El Jade en el Contexto Arqueol\u00f3gico Costarricense: Tesoros Desenterrados del Pasado Guanacasteco<\/strong><\/h3>\n\n\n\n<p>La base de la exposici\u00f3n \u00abMucho m\u00e1s que verde\u00bb reside en las investigaciones exhaustivas llevadas a cabo por el Museo Nacional de Costa Rica durante m\u00e1s de veinte a\u00f1os en dos antiguos cementerios de los monumentos arqueol\u00f3gicos Huiscoyol y La Regla. Ubicados estrat\u00e9gicamente en el Golfo de Nicoya, en la provincia de Guanacaste, estos sitios han revelado informaci\u00f3n crucial sobre las primeras poblaciones que trabajaron el jade en el territorio nacional. El estudio minucioso de osamentas y las ofrendas funerarias asociadas ha permitido desenterrar los jades m\u00e1s antiguos encontrados hasta la fecha en Costa Rica, proporcionando una ventana invaluable al pasado precolombino.<\/p>\n\n\n\n<p>Entre los hallazgos m\u00e1s destacados que se pueden apreciar en la exposici\u00f3n, se encuentran colgantes de jade y otras rocas, remates de bast\u00f3n que denotan poder y estatus, posibles instrumentos musicales que evocan sonidos ancestrales, as\u00ed como vasijas, jarrones, metates, manos de moler, hachas y diversas herramientas. Estos objetos no solo evidencian la maestr\u00eda de las primeras comunidades asentadas alrededor del Golfo de Nicoya \u2013una zona privilegiada por su abundancia de recursos naturales tanto costeros como terrestres\u2013 sino que tambi\u00e9n revelan la importancia del jade en su vida cotidiana y ritual.<\/p>\n\n\n\n<h3 class=\"wp-block-heading\"><strong>Simbolismo y Uso del Jade: M\u00e1s All\u00e1 del Ornamento en los Cementerios Antiguos<\/strong><\/h3>\n\n\n\n<p>La exposici\u00f3n nos transporta directamente a los contextos funerarios de La Regla y Huiscoyol, donde la presencia de ornamentos de jade y objetos de cer\u00e1mica junto a los restos humanos cuenta una historia elocuente. Las excavaciones revelaron que en algunas fosas yac\u00edan los restos de m\u00faltiples individuos, incluyendo ni\u00f1os, mujeres y hombres, sugiriendo pr\u00e1cticas funerarias complejas y posiblemente diferenciadas. La compa\u00f1\u00eda del jade con otros objetos como metates y herramientas de piedra plantea interrogantes sobre el rol de estos elementos en el tr\u00e1nsito al m\u00e1s all\u00e1 y las creencias de estas sociedades.<\/p>\n\n\n\n<p>La diversidad de objetos de jade exhibidos en \u00abMucho m\u00e1s que verde\u00bb es notable. Los visitantes pueden contemplar los ic\u00f3nicos colgantes de hacha-ave, considerados los adornos de jade m\u00e1s sobresalientes de La Regla y Huiscoyol, as\u00ed como otras piezas adornadas con representaciones estilizadas de la fauna local: aves, coat\u00edes, tortugas, armadillos y murci\u00e9lagos. La figura humana tambi\u00e9n tiene su espacio en el repertorio de motivos plasmados en figurillas y otros objetos de jade. Adem\u00e1s, la muestra presenta remates de bast\u00f3n elaborados en jade y otras rocas, algunos con formas simples y redondeadas, como el encontrado en la tumba de una mujer adolescente o adulta joven en Huiscoyol, y otros con elaborados motivos de aves, un tema recurrente en la iconograf\u00eda del jade costarricense. La concentraci\u00f3n de estos valiosos objetos en los cementerios m\u00e1s antiguos conocidos del pa\u00eds subraya la profunda conexi\u00f3n entre el jade y las pr\u00e1cticas mortuorias de estas sociedades primigenias.<\/p>\n\n\n\n<figure class=\"wp-block-image size-full\"><img fetchpriority=\"high\" decoding=\"async\" width=\"366\" height=\"239\" src=\"https:\/\/peopleofcostarica.com\/wp-content\/uploads\/2025\/04\/jade2.png\" alt=\"\" class=\"wp-image-2654\" srcset=\"https:\/\/peopleofcostarica.com\/wp-content\/uploads\/2025\/04\/jade2.png 366w, https:\/\/peopleofcostarica.com\/wp-content\/uploads\/2025\/04\/jade2-300x196.png 300w\" sizes=\"(max-width: 366px) 100vw, 366px\" \/><\/figure>\n\n\n\n<h2 class=\"wp-block-heading\"><strong>Manufactura y T\u00e9cnica del Jade: Una Tradici\u00f3n con Sello Propio Nacida del Intercambio<\/strong><\/h2>\n\n\n\n<p>\u00abMucho m\u00e1s que verde\u00bb profundiza en el meticuloso trabajo que implicaba la creaci\u00f3n de los objetos de jade, revelando el dominio de una t\u00e9cnica sofisticada y una gran habilidad para manipular materiales de considerable dureza. La exposici\u00f3n destaca c\u00f3mo la tradici\u00f3n del jade en Costa Rica, que se inici\u00f3 alrededor del 600 a.C. y se desarroll\u00f3 durante unos 1300 a\u00f1os en el norte y centro del territorio, adquiri\u00f3 un estilo propio.&nbsp;<\/p>\n\n\n\n<p>Este desarrollo no fue aislado; la muestra sugiere una influencia del conocimiento del pueblo olmeca, asentado en el actual territorio de M\u00e9xico, que probablemente lleg\u00f3 a estas latitudes a trav\u00e9s del intercambio. Sin embargo, esta herencia se adapt\u00f3 y transform\u00f3 de manera \u00fanica en Centroam\u00e9rica, y Costa Rica no fue la excepci\u00f3n, utilizando principalmente materia prima local para sus creaciones.<\/p>\n\n\n\n<p>La exhibici\u00f3n ilustra los largos procesos de corte y abrasi\u00f3n, realizados a menudo sobre superficies h\u00famedas, que dieron forma a las piezas de jade mediante golpes, perforaciones y aserrado. Los artesanos precolombinos utilizaban una variedad de materiales como rocas, cuerdas, arenas, rocas molidas y resinas en este laborioso proceso.&nbsp;<\/p>\n\n\n\n<p>Entre sus herramientas se encontraban limas, pulidores, taladros y grabadores. Inicialmente, se obten\u00eda una preforma del material en bruto, que luego se pul\u00eda frot\u00e1ndola contra otras piedras hasta alcanzar el acabado deseado. La presencia en la muestra de bloques de jade y otras rocas con evidentes marcas de aserrado por cordel ofrece una visi\u00f3n tangible de estas t\u00e9cnicas de extracci\u00f3n y preparaci\u00f3n. Adem\u00e1s, la inclusi\u00f3n de piezas que quedaron inconclusas o que sufrieron fracturas durante su elaboraci\u00f3n permite comprender mejor las etapas y los desaf\u00edos de la manufactura del jade. La exposici\u00f3n tambi\u00e9n aborda el concepto de \u00abjade social\u00bb, t\u00e9rmino utilizado para describir objetos que, aunque visualmente similares al jade, est\u00e1n elaborados en otros tipos de rocas verdes como serpentinas, jaspes o cuarzos. La dificultad para distinguir estos materiales a simple vista subraya la necesidad de an\u00e1lisis especializados para una identificaci\u00f3n precisa.<\/p>\n\n\n\n<figure class=\"wp-block-image size-full\"><img decoding=\"async\" width=\"370\" height=\"239\" src=\"https:\/\/peopleofcostarica.com\/wp-content\/uploads\/2025\/04\/jade3.png\" alt=\"\" class=\"wp-image-2657\" srcset=\"https:\/\/peopleofcostarica.com\/wp-content\/uploads\/2025\/04\/jade3.png 370w, https:\/\/peopleofcostarica.com\/wp-content\/uploads\/2025\/04\/jade3-300x194.png 300w\" sizes=\"(max-width: 370px) 100vw, 370px\" \/><\/figure>\n\n\n\n<h2 class=\"wp-block-heading\"><strong>Retos para la Investigaci\u00f3n y Conservaci\u00f3n: El Legado Sumergido y la Fragilidad del Tiempo<\/strong><\/h2>\n\n\n\n<p>Una particularidad fascinante de los sitios arqueol\u00f3gicos de La Regla y Huiscoyol, y por ende de la evidencia de la tradici\u00f3n del jade all\u00ed encontrada, son sus condiciones geogr\u00e1ficas que propician inundaciones peri\u00f3dicas. En el caso de La Regla, las mareas altas provocan la incursi\u00f3n de agua marina, mientras que en Huiscoyol, la presencia de un acu\u00edfero mantiene los terrenos anegados durante gran parte del tiempo.&nbsp;<\/p>\n\n\n\n<p>Esta caracter\u00edstica singular categoriza una parte importante de la evidencia encontrada como patrimonio arqueol\u00f3gico subacu\u00e1tico, lo que represent\u00f3 un desaf\u00edo considerable para el Museo Nacional durante las investigaciones y excavaciones de los restos culturales.<\/p>\n\n\n\n<p>Sin embargo, estas condiciones aparentemente adversas tuvieron un efecto inesperado y positivo en la preservaci\u00f3n de la materia org\u00e1nica. Los enterramientos sumergidos en agua y barro favorecieron la conservaci\u00f3n de algunos objetos de madera y fibras vegetales durante cientos de a\u00f1os, un fen\u00f3meno poco com\u00fan en contextos arqueol\u00f3gicos tropicales. La exposici\u00f3n presenta ejemplos notables, como los restos de un pie humano envuelto en una fibra vegetal, cuya conformaci\u00f3n sugiere una mortaja en su estado natural, y un excepcional taburete de madera de roble recuperado de un huaqueo en Huiscoyol. Esta pieza, junto con una representaci\u00f3n en arcilla de una mujer sentada en un taburete similar, subraya la rareza de la supervivencia de objetos de madera al paso del tiempo.&nbsp;<\/p>\n\n\n\n<p>Tras su ingreso a las colecciones del Museo Nacional, el taburete fue sometido a un riguroso proceso de restauraci\u00f3n para estabilizar su humedad, limpiar su superficie, rehidratar la madera y finalmente someterlo a un desecamiento controlado, asegurando as\u00ed su \u00f3ptima conservaci\u00f3n a largo plazo. Estos hallazgos y los esfuerzos para su preservaci\u00f3n resaltan los retos \u00fanicos que enfrenta la investigaci\u00f3n y conservaci\u00f3n del patrimonio arqueol\u00f3gico costarricense, especialmente aquel que se encuentra en contextos subacu\u00e1ticos.<\/p>\n\n\n\n<figure class=\"wp-block-image size-full\"><img decoding=\"async\" width=\"374\" height=\"251\" src=\"https:\/\/peopleofcostarica.com\/wp-content\/uploads\/2025\/04\/jade4.png\" alt=\"\" class=\"wp-image-2660\" srcset=\"https:\/\/peopleofcostarica.com\/wp-content\/uploads\/2025\/04\/jade4.png 374w, https:\/\/peopleofcostarica.com\/wp-content\/uploads\/2025\/04\/jade4-300x201.png 300w\" sizes=\"(max-width: 374px) 100vw, 374px\" \/><\/figure>\n\n\n\n<h2 class=\"wp-block-heading\"><strong>La Exposici\u00f3n como Experiencia: Un Encuentro Sensorial con el Pasado Precolombino<\/strong><\/h2>\n\n\n\n<p>La visita a \u00abMucho m\u00e1s que verde\u00bb trasciende la mera contemplaci\u00f3n de objetos antiguos; la museograf\u00eda ha sido cuidadosamente dise\u00f1ada para ofrecer una experiencia inmersiva y educativa. El montaje de las piezas cer\u00e1micas y los metates de piedra, todos pertenecientes a las valiosas colecciones arqueol\u00f3gicas del Museo Nacional de Costa Rica, permite apreciar estos artefactos desde m\u00faltiples perspectivas, revelando detalles que podr\u00edan pasar desapercibidos en una observaci\u00f3n superficial. Una de las vitrinas centrales re\u00fane una selecci\u00f3n de objetos de jade y de otras rocas conocidas como \u00abjade social\u00bb, destacando por su tama\u00f1o, forma, intrincados detalles y acabados, invitando a la reflexi\u00f3n sobre la maestr\u00eda de los artesanos precolombinos y la valoraci\u00f3n de los materiales.<\/p>\n\n\n\n<p>Para enriquecer a\u00fan m\u00e1s la experiencia del visitante, \u00abMucho m\u00e1s que verde\u00bb se presenta con una ambientaci\u00f3n musical evocadora. La agrupaci\u00f3n costarricense Amarillo Cian y Magenta compuso especialmente para la exposici\u00f3n un fondo musical inspirado en los jades y la \u00e9poca precolombina, creando una atm\u00f3sfera sonora que transporta al p\u00fablico a un tiempo ancestral. En la inauguraci\u00f3n de la exhibici\u00f3n, el 30 de julio de 2024, el grupo ofreci\u00f3 una obra musical de seis movimientos, cada uno evocando distintos paisajes sonoros e historias, desde una visi\u00f3n on\u00edrica del mundo de los ancestros hasta una ofrenda para honrar su legado. En esta composici\u00f3n, cada instrumento asumi\u00f3 el papel de un personaje: el fagot representando a un cham\u00e1n, el clarinete al esp\u00edritu del jade, la percusi\u00f3n a los pueblos originarios, la guitarra y el bajo a la naturaleza, y el piano simbolizando los pueblos actuales. Esta integraci\u00f3n de la m\u00fasica con la exhibici\u00f3n visual busca estimular una conexi\u00f3n m\u00e1s profunda y emocional con el patrimonio precolombino de Costa Rica.<\/p>\n\n\n\n<figure class=\"wp-block-image size-full\"><img loading=\"lazy\" decoding=\"async\" width=\"367\" height=\"236\" src=\"https:\/\/peopleofcostarica.com\/wp-content\/uploads\/2025\/04\/jade5.png\" alt=\"\" class=\"wp-image-2663\" srcset=\"https:\/\/peopleofcostarica.com\/wp-content\/uploads\/2025\/04\/jade5.png 367w, https:\/\/peopleofcostarica.com\/wp-content\/uploads\/2025\/04\/jade5-300x193.png 300w\" sizes=\"(max-width: 367px) 100vw, 367px\" \/><\/figure>\n\n\n\n<h2 class=\"wp-block-heading\"><strong>Un Legado Precioso que Inspira y Desaf\u00eda<\/strong><\/h2>\n\n\n\n<p>En sus \u00faltimas semanas antes de cerrar sus puertas el 29 de mayo, la exposici\u00f3n temporal \u00abMucho m\u00e1s que verde\u00bb se erige como un testimonio invaluable de la rica tradici\u00f3n del jade en Costa Rica. A trav\u00e9s de la cuidadosa presentaci\u00f3n de los hallazgos de Huiscoyol y La Regla, la muestra ofrece una comprensi\u00f3n profunda del simbolismo, la manufactura, el uso y los contextos arqueol\u00f3gicos de estos objetos preciosos. El jade, mucho m\u00e1s que una simple piedra verde, se revela como un elemento central en la vida ritual, social y posiblemente pol\u00edtica de las sociedades precolombinas del Golfo de Nicoya.<\/p>\n\n\n\n<p>La exposici\u00f3n subraya la importancia de la investigaci\u00f3n arqueol\u00f3gica continua y el papel fundamental del Museo Nacional de Costa Rica en la preservaci\u00f3n y difusi\u00f3n de este patrimonio cultural. Los desaf\u00edos inherentes a la investigaci\u00f3n en contextos subacu\u00e1ticos y la necesidad de t\u00e9cnicas especializadas para la identificaci\u00f3n y conservaci\u00f3n de los materiales resaltan la complejidad de estudiar y proteger este legado. \u00abMucho m\u00e1s que verde\u00bb no solo honra la memoria de los antiguos habitantes de Costa Rica y su maestr\u00eda en el trabajo del jade, sino que tambi\u00e9n invita al p\u00fablico actual a reflexionar sobre la perdurabilidad de su legado y la importancia de su conservaci\u00f3n para las futuras generaciones. La oportunidad de presenciar esta ventana \u00fanica al pasado precolombino costarricense se agota, haciendo de la visita a \u00abMucho m\u00e1s que verde\u00bb una experiencia imperdible para quienes deseen conectar con las ra\u00edces profundas de la historia del pa\u00eds.<\/p>\n","protected":false},"excerpt":{"rendered":"<p>Un Legado Verde a Punto de Desaparecer de la Vista El jade, esa piedra de un verde profundo que evoca misterio y antig\u00fcedad, ocup\u00f3 un lugar central en las sociedades precolombinas de Costa Rica. La exposici\u00f3n temporal \u00abMucho m\u00e1s que verde\u00bb, actualmente en sus \u00faltimos dos meses antes de su cierre el pr\u00f3ximo 29 de [&hellip;]<\/p>\n","protected":false},"author":14,"featured_media":2666,"comment_status":"open","ping_status":"open","sticky":false,"template":"","format":"standard","meta":{"footnotes":""},"categories":[7,26],"tags":[],"class_list":["post-2647","post","type-post","status-publish","format-standard","has-post-thumbnail","hentry","category-archive","category-historia"],"_links":{"self":[{"href":"https:\/\/peopleofcostarica.com\/es\/wp-json\/wp\/v2\/posts\/2647","targetHints":{"allow":["GET"]}}],"collection":[{"href":"https:\/\/peopleofcostarica.com\/es\/wp-json\/wp\/v2\/posts"}],"about":[{"href":"https:\/\/peopleofcostarica.com\/es\/wp-json\/wp\/v2\/types\/post"}],"author":[{"embeddable":true,"href":"https:\/\/peopleofcostarica.com\/es\/wp-json\/wp\/v2\/users\/14"}],"replies":[{"embeddable":true,"href":"https:\/\/peopleofcostarica.com\/es\/wp-json\/wp\/v2\/comments?post=2647"}],"version-history":[{"count":2,"href":"https:\/\/peopleofcostarica.com\/es\/wp-json\/wp\/v2\/posts\/2647\/revisions"}],"predecessor-version":[{"id":2669,"href":"https:\/\/peopleofcostarica.com\/es\/wp-json\/wp\/v2\/posts\/2647\/revisions\/2669"}],"wp:featuredmedia":[{"embeddable":true,"href":"https:\/\/peopleofcostarica.com\/es\/wp-json\/wp\/v2\/media\/2666"}],"wp:attachment":[{"href":"https:\/\/peopleofcostarica.com\/es\/wp-json\/wp\/v2\/media?parent=2647"}],"wp:term":[{"taxonomy":"category","embeddable":true,"href":"https:\/\/peopleofcostarica.com\/es\/wp-json\/wp\/v2\/categories?post=2647"},{"taxonomy":"post_tag","embeddable":true,"href":"https:\/\/peopleofcostarica.com\/es\/wp-json\/wp\/v2\/tags?post=2647"}],"curies":[{"name":"wp","href":"https:\/\/api.w.org\/{rel}","templated":true}]}}