{"id":2638,"date":"2025-04-02T11:00:00","date_gmt":"2025-04-02T11:00:00","guid":{"rendered":"https:\/\/peopleofcostarica.com\/?p=2638"},"modified":"2025-03-31T16:35:42","modified_gmt":"2025-03-31T16:35:42","slug":"yokasta-valle-conquista-el-reto-de-las-112-libras","status":"publish","type":"post","link":"https:\/\/peopleofcostarica.com\/es\/yokasta-valle-conquista-el-reto-de-las-112-libras\/","title":{"rendered":"Yokasta Valle Conquista el Reto de las 112 Libras"},"content":{"rendered":"\n<p><strong>La boxeadora costarricense Yokasta Valle volvi\u00f3 a hacer historia en el mundo del boxeo al enfrentarse a Marlen Esparza en un combate de alto calibre, celebrado en Canc\u00fan, M\u00e9xico. Este evento marc\u00f3 su debut en la categor\u00eda de 112 libras, un desaf\u00edo considerable al haber subido dos categor\u00edas de peso desde su divisi\u00f3n habitual.<\/strong><\/p>\n\n\n\n<p>El combate fue emocionante desde el primer momento. Ambas deportistas demostraron su habilidad y tenacidad en el cuadril\u00e1tero, intercambiando golpes estrat\u00e9gicos que hicieron vibrar a los espectadores. Yokasta, fiel a su estilo de combate vers\u00e1til, supo adaptarse a la diferencia de peso y mantener la ventaja en varias rondas clave. Al final, la decisi\u00f3n de los jueces fue dividida, con puntuaciones de 97-93 (dos jueces a favor de Yokasta Valle) y 96-94 (un juez a favor de Marlen Esparza), lo que asegur\u00f3 el triunfo de la costarricense.<\/p>\n\n\n\n<p>La costarricense consigui\u00f3 un r\u00e9cord de 33 combates: 30 victorias y tres derrotas. Aunque la tica sali\u00f3 vencedora, no se dejar\u00e1 ning\u00fan t\u00edtulo mundial, pues esta pelea era su debut en la divisi\u00f3n de las 112 libras. Para asumir este reto, Yoka tuvo que subir dos categor\u00edas. La pugilista nacional pele\u00f3 en las 102 libras, 105 libras (su peso habitual) y 108 libras, y en todas ellas se dej\u00f3 un t\u00edtulo mundial.<\/p>\n\n\n\n<p>Tras su triunfo, Valle expres\u00f3 su satisfacci\u00f3n por cumplir con su objetivo y agradeci\u00f3 a su equipo y seguidores por el apoyo. Tambi\u00e9n mencion\u00f3 que este no es el fin de su camino; por el contrario, est\u00e1 enfocada en regresar a su categor\u00eda original de 105 libras para defender su t\u00edtulo del Consejo Mundial de Boxeo.<\/p>\n\n\n\n<p>Este combate no solo refuerza su legado como una de las mejores boxeadoras de la regi\u00f3n, sino que tambi\u00e9n representa una fuente de inspiraci\u00f3n para las futuras generaciones de atletas. Yokasta Valle sigue demostrando que con determinaci\u00f3n, esfuerzo y visi\u00f3n, los retos m\u00e1s grandes pueden convertirse en victorias memorables.<\/p>\n","protected":false},"excerpt":{"rendered":"<p>La boxeadora costarricense Yokasta Valle volvi\u00f3 a hacer historia en el mundo del boxeo al enfrentarse a Marlen Esparza en un combate de alto calibre, celebrado en Canc\u00fan, M\u00e9xico. Este evento marc\u00f3 su debut en la categor\u00eda de 112 libras, un desaf\u00edo considerable al haber subido dos categor\u00edas de peso desde su divisi\u00f3n habitual. El [&hellip;]<\/p>\n","protected":false},"author":14,"featured_media":2642,"comment_status":"open","ping_status":"open","sticky":false,"template":"","format":"standard","meta":{"footnotes":""},"categories":[101,87],"tags":[],"class_list":["post-2638","post","type-post","status-publish","format-standard","has-post-thumbnail","hentry","category-deportes","category-noticias"],"_links":{"self":[{"href":"https:\/\/peopleofcostarica.com\/es\/wp-json\/wp\/v2\/posts\/2638","targetHints":{"allow":["GET"]}}],"collection":[{"href":"https:\/\/peopleofcostarica.com\/es\/wp-json\/wp\/v2\/posts"}],"about":[{"href":"https:\/\/peopleofcostarica.com\/es\/wp-json\/wp\/v2\/types\/post"}],"author":[{"embeddable":true,"href":"https:\/\/peopleofcostarica.com\/es\/wp-json\/wp\/v2\/users\/14"}],"replies":[{"embeddable":true,"href":"https:\/\/peopleofcostarica.com\/es\/wp-json\/wp\/v2\/comments?post=2638"}],"version-history":[{"count":1,"href":"https:\/\/peopleofcostarica.com\/es\/wp-json\/wp\/v2\/posts\/2638\/revisions"}],"predecessor-version":[{"id":2639,"href":"https:\/\/peopleofcostarica.com\/es\/wp-json\/wp\/v2\/posts\/2638\/revisions\/2639"}],"wp:featuredmedia":[{"embeddable":true,"href":"https:\/\/peopleofcostarica.com\/es\/wp-json\/wp\/v2\/media\/2642"}],"wp:attachment":[{"href":"https:\/\/peopleofcostarica.com\/es\/wp-json\/wp\/v2\/media?parent=2638"}],"wp:term":[{"taxonomy":"category","embeddable":true,"href":"https:\/\/peopleofcostarica.com\/es\/wp-json\/wp\/v2\/categories?post=2638"},{"taxonomy":"post_tag","embeddable":true,"href":"https:\/\/peopleofcostarica.com\/es\/wp-json\/wp\/v2\/tags?post=2638"}],"curies":[{"name":"wp","href":"https:\/\/api.w.org\/{rel}","templated":true}]}}