{"id":2591,"date":"2025-04-02T09:00:00","date_gmt":"2025-04-02T09:00:00","guid":{"rendered":"https:\/\/peopleofcostarica.com\/?p=2591"},"modified":"2025-03-31T15:20:33","modified_gmt":"2025-03-31T15:20:33","slug":"baile-popular-swing-criollo-nominado-a-la-lista-representativa-del-patrimonio-cultural-inmaterial-de-la-humanidad-de-unesco","status":"publish","type":"post","link":"https:\/\/peopleofcostarica.com\/es\/baile-popular-swing-criollo-nominado-a-la-lista-representativa-del-patrimonio-cultural-inmaterial-de-la-humanidad-de-unesco\/","title":{"rendered":"Baile popular \u201cSwing Criollo\u201d nominado a la Lista Representativa del Patrimonio Cultural Inmaterial de la Humanidad de UNESCO"},"content":{"rendered":"\n<p><strong>El Ministerio de Cultura y Juventud anunci\u00f3 que Costa Rica nomin\u00f3 el baile popular Swing Criollo a la Lista Representativa del Patrimonio Cultural Inmaterial de la Humanidad de UNESCO.<\/strong><\/p>\n\n\n\n<ul class=\"wp-block-list\">\n<li>Costa Rica elabor\u00f3 y present\u00f3 expediente para nominar el Swing Criollo ante la Lista Representativa del Patrimonio Cultural Inmaterial de la Humanidad de UNESCO<\/li>\n<\/ul>\n\n\n\n<p>San Jos\u00e9, 27 de marzo de 2025. El Ministerio de Cultura y Juventud anunci\u00f3 que Costa Rica nomin\u00f3 el baile popular Swing Criollo a la Lista Representativa del Patrimonio Cultural Inmaterial de la Humanidad de UNESCO.<\/p>\n\n\n\n<p>La preparaci\u00f3n del expediente de postulaci\u00f3n estuvo encabezada por la Comisi\u00f3n Nacional para la Salvaguarda del Swing y el Bolero Criollos, cuyos miembros son William Jim\u00e9nez, Paola Morales, Carlos Soto, Jaime Calder\u00f3n, Patricia Rodr\u00edguez, Jonathan Meneses y Francisco Murillo; apoyados por la Unidad de Patrimonio Cultural Inmaterial de la Direcci\u00f3n de Patrimonio Cultural del Ministerio de Cultura y Juventud de Costa Rica. Adem\u00e1s, se cont\u00f3 con un total de 60 consentimientos por parte de la comunidad portadora de esta tradici\u00f3n, apoyando la postulaci\u00f3n.<\/p>\n\n\n\n<p>El Swing Criollo tuvo su origen a mediados del siglo XX en determinados salones de baile de la ciudad de San Jos\u00e9, entonces marginados socialmente. Este ritmo es resultado de la hibridaci\u00f3n entre ritmos musicales basados en la cumbia y giros propios del baile del <em>swing<\/em> estadounidense de los a\u00f1os 50; sin embargo, el Swing Criollo estableci\u00f3 caracter\u00edsticas particulares en Costa Rica que lo hacen \u00fanico, raz\u00f3n por la cual fue declarado como expresi\u00f3n danc\u00edstica del patrimonio cultural inmaterial de Costa Rica en 2012.<\/p>\n\n\n\n<p>El expediente de la postulaci\u00f3n fue remitido a UNESCO en Par\u00eds, Francia, por parte del Ministerio de Cultura y Juventud de Costa Rica, donde se evaluar\u00e1 la postulaci\u00f3n y sus evidencias; posteriormente, pasa al Comit\u00e9 Intergubernamental, conformado por 24 pa\u00edses, quienes ser\u00e1n los encargados de emitir el veredicto para una eventual inscripci\u00f3n, en diciembre de 2026.<\/p>\n\n\n\n<p>\u201cNominar el Swing Criollo a la Lista Representativa del Patrimonio Cultural Inmaterial de la Humanidad de la UNESCO, permite reconocer el esfuerzo de generaciones que han mantenido viva esta expresi\u00f3n \u00fanica. Desde su origen, en los salones de baile de San Jos\u00e9, el Swing Criollo ha tomado fuerza, y, entre brincos y giros, se ha convertido en s\u00edmbolo de nuestra identidad. Esta postulaci\u00f3n refleja el compromiso del Ministerio de Cultura y Juventud con la preservaci\u00f3n y promoci\u00f3n de nuestras tradiciones, y permite adem\u00e1s asegurar que el Swing Criollo contin\u00fae siendo un s\u00edmbolo de orgullo y uni\u00f3n para los costarricenses\u201d, expres\u00f3 Jorge Rodr\u00edguez Vives, ministro de Cultura y Juventud.<\/p>\n\n\n\n<p>La eventual inscripci\u00f3n del Swing Criollo en la Lista Representativa del Patrimonio Cultural Inmaterial de la Humanidad de UNESCO permitir\u00e1 evidenciar la diversidad cultural de Costa Rica, al tiempo que se logra tomar mayor conciencia de la importancia de nuestro patrimonio cultural inmaterial; adem\u00e1s, pone en valor los esfuerzos de la comunidad portadora de la tradici\u00f3n por mantener viva esta manifestaci\u00f3n.<s>&nbsp;<\/s><\/p>\n\n\n\n<p><strong>Evidencias de salvaguardia<\/strong>. Dentro del expediente de candidatura se incluyeron, como parte del inventario sobre la manifestaci\u00f3n cultural, dos publicaciones que describen sus caracter\u00edsticas: \u201cBrincos y vueltas a ritmo de swing\u201d, de Claudia L\u00f3pez Oviedo y Paola Salazar Arce, publicado en 2012; as\u00ed como \u201cSwing criollo, m\u00e1s all\u00e1 del baile\u201d, de William Jim\u00e9nez Araya, publicado en el 2024.<\/p>\n\n\n\n<p>Adem\u00e1s, como medidas de salvaguarda se identificaron diversos esfuerzos, como, por ejemplo: a trav\u00e9s del Fondo de Fomento \u201cBecas Taller\u201d, del Ministerio de Cultura y Juventud de Costa Rica, portadores de esta tradici\u00f3n desarrollaron dos proyectos: en 2019, el proyecto \u201cEntre Guardias: Un encuentro para la transmisi\u00f3n del bolero y el Swing Criollo\u201d, y en 2020, el proyecto \u201cEntre guardias y portadores: Una experiencia intergeneracional con la experiencia del bolero, el Swing Criollo y la comunidad\u201d, asimismo, la Asociaci\u00f3n Embajadores del Swing y el Bolero Criollos realiza cada a\u00f1o el \u201cEncuentro Nacional del Swing y el Bolero Criollos\u201d, que incluye talleres, conversatorios, bailes, presentaciones art\u00edsticas y muestras culturales para todas las edades; tambi\u00e9n la Asociaci\u00f3n Cultural del Swing y el Bolero Costarricense realiza cada mes la actividad de \u201cSwing Criollo y Bolero viven la plaza\u201d, un espacio de convivencia social por medio de una demostraci\u00f3n de baile al aire libre, en la Plaza de la Democracia, en San Jos\u00e9, donde tambi\u00e9n los bailarines ense\u00f1an pasos del baile a las personas asistentes.<\/p>\n\n\n\n<p>Adicionalmente, el proyecto \u201cBailes del recuerdo\u201d, un espacio de convivencia social orientado a los bailarines adultos mayores, denominados \u201cla vieja guardia del swing\u201d, que se realiza todos los viernes en el sal\u00f3n La Terraza, ubicado a un costado del Parque Central, en San Jos\u00e9.<\/p>\n","protected":false},"excerpt":{"rendered":"<p>El Ministerio de Cultura y Juventud anunci\u00f3 que Costa Rica nomin\u00f3 el baile popular Swing Criollo a la Lista Representativa del Patrimonio Cultural Inmaterial de la Humanidad de UNESCO. San Jos\u00e9, 27 de marzo de 2025. El Ministerio de Cultura y Juventud anunci\u00f3 que Costa Rica nomin\u00f3 el baile popular Swing Criollo a la Lista [&hellip;]<\/p>\n","protected":false},"author":14,"featured_media":2595,"comment_status":"open","ping_status":"open","sticky":false,"template":"","format":"standard","meta":{"footnotes":""},"categories":[87,103],"tags":[],"class_list":["post-2591","post","type-post","status-publish","format-standard","has-post-thumbnail","hentry","category-noticias","category-turismo-y-cultura"],"_links":{"self":[{"href":"https:\/\/peopleofcostarica.com\/es\/wp-json\/wp\/v2\/posts\/2591","targetHints":{"allow":["GET"]}}],"collection":[{"href":"https:\/\/peopleofcostarica.com\/es\/wp-json\/wp\/v2\/posts"}],"about":[{"href":"https:\/\/peopleofcostarica.com\/es\/wp-json\/wp\/v2\/types\/post"}],"author":[{"embeddable":true,"href":"https:\/\/peopleofcostarica.com\/es\/wp-json\/wp\/v2\/users\/14"}],"replies":[{"embeddable":true,"href":"https:\/\/peopleofcostarica.com\/es\/wp-json\/wp\/v2\/comments?post=2591"}],"version-history":[{"count":2,"href":"https:\/\/peopleofcostarica.com\/es\/wp-json\/wp\/v2\/posts\/2591\/revisions"}],"predecessor-version":[{"id":2598,"href":"https:\/\/peopleofcostarica.com\/es\/wp-json\/wp\/v2\/posts\/2591\/revisions\/2598"}],"wp:featuredmedia":[{"embeddable":true,"href":"https:\/\/peopleofcostarica.com\/es\/wp-json\/wp\/v2\/media\/2595"}],"wp:attachment":[{"href":"https:\/\/peopleofcostarica.com\/es\/wp-json\/wp\/v2\/media?parent=2591"}],"wp:term":[{"taxonomy":"category","embeddable":true,"href":"https:\/\/peopleofcostarica.com\/es\/wp-json\/wp\/v2\/categories?post=2591"},{"taxonomy":"post_tag","embeddable":true,"href":"https:\/\/peopleofcostarica.com\/es\/wp-json\/wp\/v2\/tags?post=2591"}],"curies":[{"name":"wp","href":"https:\/\/api.w.org\/{rel}","templated":true}]}}